{"id":1814324,"date":"2026-03-06T17:50:12","date_gmt":"2026-03-06T14:50:12","guid":{"rendered":"https:\/\/analyse.optim.biz\/?p=1814324"},"modified":"2026-03-06T17:50:12","modified_gmt":"2026-03-06T14:50:12","slug":"duel-cu-una-din-ultimele-clasate-in-liga-2-dumbravita-merge-fara-doi-jucatori-importanti-la-buftea","status":"publish","type":"post","link":"https:\/\/analyse.optim.biz\/?p=1814324","title":{"rendered":"Duel cu una din ultimele clasate \u00een Liga 2. Dumbr\u0103vi\u021ba merge f\u0103r\u0103 doi juc\u0103tori importan\u021bi la Buftea"},"content":{"rendered":"<p>[analyse_image type=&#8221;featured&#8221; src=&#8221;https:\/\/www.opiniatimisoarei.ro\/wp-content\/uploads\/2026\/02\/dumbravita-poli-iasi-728&#215;336.pnghttps:\/\/www.opiniatimisoarei.ro\/wp-content\/uploads\/2026\/02\/dumbravita-poli-iasi.png&#8221;]<\/p>\n<div class=\"the_content\">\n<p><strong>TIMI\u0218.<\/strong> CSC Dumbr\u0103vi\u021ba revine la Buftea la dou\u0103 s\u0103pt\u0103m\u00e2ni dup\u0103 prima victorie din 2026, \u00een fa\u021ba Afuma\u021biului, pentru un duel cu o alt\u0103 grupare din Ilfov.<\/p>\n<p><strong><span>CITE\u0218TE \u0218I:<\/span><a href=\"https:\/\/www.opiniatimisoarei.ro\/traim-din-amintiri-45-de-ani-de-cand-echipa-de-cupa-davis-a-romaniei-juca-prima-data-la-timisoara-foto\/06\/03\/2026\">Tr\u0103im din amintiri. 45 de ani de c\u00e2nd echipa de Cup\u0103 Davis a Rom\u00e2niei juca prima dat\u0103 la Timi\u0219oara. FOTO<\/a><\/strong><\/p>\n<p>Forma\u021bia alb-verde va \u00eent\u00e2lni pe CS Tunari, nou promovata care ocup\u0103 antepenultimul loc din liga secund\u0103, \u0219i care a \u00eenceput bine anul 2026. Gazdele de s\u00e2mb\u0103t\u0103 au ob\u021binut o victorie \u00een fa\u021ba \u0218elimb\u0103rului \u0219i o remiz\u0103 pe terenul Olimpiei Satu Mare.<\/p>\n<p>Dumbr\u0103vi\u021ba merge \u00een Ilfov f\u0103r\u0103 Casap \u0219i Dussaut, care sunt accidenta\u021bi \u0219i fac \u00eenc\u0103 antrenamente separate. Timi\u0219enii au dou\u0103 victorii \u00een acest an \u0219i sunt pe locul 15, cu 21 de puncte.<\/p>\n<blockquote>\n<p>\u201c<strong>E clar c\u0103, dup\u0103 cele dou\u0103 victorii ob\u021binute, avem o stare de spirit bun\u0103, pozitiv\u0103. Preocuparea mea este ca grupul s\u0103 r\u0103m\u00e2n\u0103 la fel de concentrat \u0219i mobilizat pentru meciurile care urmeaz\u0103. Avem toate premisele s\u0103 evolu\u0103m \u00een continuare a\u0219a cum ne-am propus \u0219i s\u0103 \u00eencerc\u0103m s\u0103 lu\u0103m c\u00e2t mai multe puncte din cele dou\u0103 etape r\u0103mase de disputat \u00een sezonul regular.<\/strong><br \/><strong>Sincer, pentru noi nu conteaz\u0103 prea mult echipa cu care juc\u0103m sau locul pe care \u00eel ocup\u0103 \u00een clasament. Asta de\u0219i \u0219tim c\u0103 echipa din Tunari e \u00een mare c\u0103utare de puncte. Pentru noi e mai important s\u0103 r\u0103m\u00e2nem preocupa\u021bi de ceea ce ne propunem, s\u0103 fim organiza\u021bi, concentra\u021bi, s\u0103 mergem s\u0103 d\u0103m totul pe teren pentru a ob\u021bine punct sau puncte. \u00cent\u00e2lnim o echip\u0103 schimbat\u0103, care a acumulat patru puncte \u00een primele dou\u0103 meciuri<\/strong>\u201c, spune \u00eenaintea meciului antrenorul Dumbr\u0103vi\u021bei, Florin Fabian.<\/p>\n<\/blockquote>\n<p>Cele dou\u0103 echipe s-au mai \u00eent\u00e2lnit \u00een sezonul 2023-2024 al ligii secunde. Atunci, alb-verzii ob\u021bineau una dintre cele mai clare victorii ale sale \u00een liga secund\u0103, 6-1, \u00eentr-o partid\u0103 jucat\u0103 la Ghiroda. Dintre marcatorii de atunci, doar Fabiano Cibi se mai afl\u0103 acum \u00een lot.<\/p>\n<p>Meciul dintre CS Tunari \u0219i CSC Dumbr\u0103vi\u021ba este programat s\u00e2mb\u0103t\u0103, de la ora 15:00, \u0219i va fi condus de tulceanul Eduard Ioni\u021b\u0103, ajutat la cele dou\u0103 linii de Emeric Tocai, din Sibiu, \u0219i George Turcu, din Bucure\u0219ti.<\/p>\n<p>***<\/p>\n<p><strong><span class=\"dia_suggestion w0\">Mai<\/span>\u00a0<span class=\"dia_suggestion w1\">multe<\/span>\u00a0<span class=\"dia_suggestion w2\">g\u0103si\u021bi<\/span>\u00a0pe\u00a0<span class=\"dia_suggestion w4\">pagina noastr<span class=\"dia_suggestion w0\">\u0103<\/span><\/span>\u00a0de\u00a0<a href=\"https:\/\/www.facebook.com\/OpiniaTM\/?ref=page_internal\" target=\"_blank\" rel=\"noopener\">Facebook opiniatimisoarei.ro<\/a>!<\/strong><\/p>\n<p><strong><span class=\"dia_suggestion w0\">Dac\u0103<\/span>\u00a0<span class=\"dia_suggestion w1\">a\u021bi<\/span>\u00a0fost martorii unui eveniment\u00a0<span class=\"dia_suggestion w6\">sau<\/span>\u00a0<span class=\"dia_suggestion w7\">ai<\/span>\u00a0unei\u00a0<span class=\"dia_suggestion w9\">situa\u021bii<\/span>\u00a0<span class=\"dia_suggestion w10\">neobi\u0219nuite<\/span>\u00a0<span class=\"dia_suggestion w11\">care<\/span>\u00a0ar\u00a0<span class=\"dia_suggestion w13\">putea<\/span>\u00a0deveni subiect de\u00a0<span class=\"dia_suggestion w17\">\u0219tire<\/span>,\u00a0<span class=\"dia_suggestion w18\">contacta\u021bi<\/span>-ne\u00a0<span class=\"dia_suggestion w20\">la<\/span>\u00a0<a href=\"https:\/\/www.opiniatimisoarei.ro\/cdn-cgi\/l\/email-protection\" class=\"__cf_email__\" data-cfemail=\"e79582838684938e82a788978e898e86938e8a8e94888695828ec99588\">[email\u00a0protected]<\/a>,\u00a0 pe\u00a0<a href=\"https:\/\/www.facebook.com\/OpiniaTM\">FB<\/a>\u00a0sau pe contul nostru de\u00a0<a href=\"https:\/\/www.instagram.com\/opiniatimisoarei.ro\/\" target=\"_blank\" rel=\"noopener\">Instagram<\/a>!<\/strong><\/p>\n<p><strong><span>CITESTE SI:<\/span>\u00a0<a href=\"https:\/\/www.opiniatimisoarei.ro\/afli-primul-tot-ceea-ce-se-intampla-cu-adevarat-important-in-timisoara-si-in-regiune-cu-aplicatia-de-stiri-opinia-timisoarei-3-tipuri-de-alerte-te-tin-mereu-conectat-la-evenimente-descarca-gratuit-a\/31\/10\/2022\">Afli primul tot ceea ce se intampla cu adevarat important in Timisoara si in regiune cu Aplicatia de stiri Opinia Timisoarei. 3 tipuri de alerte te tin mereu conectat la evenimente. Descarca gratuit Aplicatia OT aici!<\/a><\/strong><\/p>\n<\/div>\n<p>[analyse_source url=&#8221;https:\/\/www.opiniatimisoarei.ro\/duel-cu-una-din-ultimele-clasate-in-liga-2-dumbravita-merge-fara-doi-jucatori-importanti-la-buftea\/06\/03\/2026&#8243;]<\/p>\n","protected":false},"excerpt":{"rendered":"<p>[analyse_image type=&#8221;featured&#8221; src=&#8221;https:\/\/www.opiniatimisoarei.ro\/wp-content\/uploads\/2026\/02\/dumbravita-poli-iasi-728&#215;336.pnghttps:\/\/www.opiniatimisoarei.ro\/wp-content\/uploads\/2026\/02\/dumbravita-poli-iasi.png&#8221;] TIMI\u0218. CSC Dumbr\u0103vi\u021ba revine la Buftea la dou\u0103 s\u0103pt\u0103m\u00e2ni dup\u0103 prima victorie din 2026, \u00een fa\u021ba Afuma\u021biului, pentru un duel cu o alt\u0103 grupare din Ilfov. CITE\u0218TE \u0218I:Tr\u0103im din amintiri. 45 de ani de c\u00e2nd echipa de Cup\u0103 Davis a Rom\u00e2niei juca prima dat\u0103 la Timi\u0219oara. FOTO Forma\u021bia alb-verde va \u00eent\u00e2lni pe [&hellip;]<\/p>\n","protected":false},"author":1,"featured_media":0,"comment_status":"open","ping_status":"","sticky":false,"template":"","format":"standard","meta":{"footnotes":""},"categories":[89],"tags":[226,190],"class_list":["post-1814324","post","type-post","status-publish","format-standard","hentry","category-romania","tag-crawlmanager","tag-opiniatimisoarei-ro"],"_links":{"self":[{"href":"https:\/\/analyse.optim.biz\/index.php?rest_route=\/wp\/v2\/posts\/1814324","targetHints":{"allow":["GET"]}}],"collection":[{"href":"https:\/\/analyse.optim.biz\/index.php?rest_route=\/wp\/v2\/posts"}],"about":[{"href":"https:\/\/analyse.optim.biz\/index.php?rest_route=\/wp\/v2\/types\/post"}],"author":[{"embeddable":true,"href":"https:\/\/analyse.optim.biz\/index.php?rest_route=\/wp\/v2\/users\/1"}],"replies":[{"embeddable":true,"href":"https:\/\/analyse.optim.biz\/index.php?rest_route=%2Fwp%2Fv2%2Fcomments&post=1814324"}],"version-history":[{"count":0,"href":"https:\/\/analyse.optim.biz\/index.php?rest_route=\/wp\/v2\/posts\/1814324\/revisions"}],"wp:attachment":[{"href":"https:\/\/analyse.optim.biz\/index.php?rest_route=%2Fwp%2Fv2%2Fmedia&parent=1814324"}],"wp:term":[{"taxonomy":"category","embeddable":true,"href":"https:\/\/analyse.optim.biz\/index.php?rest_route=%2Fwp%2Fv2%2Fcategories&post=1814324"},{"taxonomy":"post_tag","embeddable":true,"href":"https:\/\/analyse.optim.biz\/index.php?rest_route=%2Fwp%2Fv2%2Ftags&post=1814324"}],"curies":[{"name":"wp","href":"https:\/\/api.w.org\/{rel}","templated":true}]}}