{"id":1814322,"date":"2026-03-06T06:35:02","date_gmt":"2026-03-06T03:35:02","guid":{"rendered":"https:\/\/analyse.optim.biz\/?p=1814322"},"modified":"2026-03-06T06:35:02","modified_gmt":"2026-03-06T03:35:02","slug":"traim-din-amintiri-45-de-ani-de-cand-echipa-de-cupa-davis-a-romaniei-juca-prima-data-la-timisoara-foto","status":"publish","type":"post","link":"https:\/\/analyse.optim.biz\/?p=1814322","title":{"rendered":"Tr\u0103im din amintiri. 45 de ani de c\u00e2nd echipa de Cup\u0103 Davis a Rom\u00e2niei juca prima dat\u0103 la Timi\u0219oara. FOTO"},"content":{"rendered":"<p>[analyse_image type=&#8221;featured&#8221; src=&#8221;https:\/\/www.opiniatimisoarei.ro\/wp-content\/uploads\/2026\/03\/Cupa-Davis-Timisoara-11-728&#215;336.jpghttps:\/\/www.opiniatimisoarei.ro\/wp-content\/uploads\/2026\/03\/Cupa-Davis-Timisoara-11.jpg&#8221;]<\/p>\n<div class=\"the_content\">\n<p><strong>TIMI\u0218OARA.<\/strong> \u00cen anii \u201970 Rom\u00e2nia fusese o for\u021b\u0103 \u00een tenisul mondial, jucase 3 finale de Cup\u0103 Davis, iar toate fuseser\u0103 pierdute \u00een fa\u021ba Statelor Unite Ale Americii, dou\u0103 pe continentul nord-american \u0219i una la Bucure\u0219ti. Dar echipa nu jucase vreodata la Timi\u0219oara \u00een istoria particip\u0103rilor \u00een competi\u021bie. Ora\u0219ul de pe Bega avea s\u0103 fie \u00een premier\u0103 gazd\u0103 a tricolorilor \u00een 1981.<\/p>\n<p><strong><span>CITE\u0218TE \u0218I:<\/span><a href=\"https:\/\/www.opiniatimisoarei.ro\/se-reia-drumul-spre-promovarea-in-liga-3-incepe-returul-in-divizia-de-elita-a-fotbalului-din-timis\/05\/03\/2026\">Se reia drumul spre promovarea \u00een Liga 3. \u00cencepe returul \u00een divizia de elit\u0103 a fotbalului din Timi\u0219<\/a><\/strong><\/p>\n<p>Timi\u0219oara a fost desemnat\u0103 mai \u00eent\u00e2i gazd\u0103 pentru echipa de Cup\u0103 Davis, \u00een primul tur al \u00eentrecerii. \u00cen Sala Olimpia, \u00eentre 6 \u0219i 8 martie, echipa tricolor\u0103 \u00eent\u00e2lnea Brazilia.<\/p>\n<p>Rom\u00e2nia era \u00een fa\u021ba celui de-al 76-lea meci din istoria particip\u0103rilor sale \u00een Cupa Davis \u0219i \u00eei avea \u00een echip\u0103 pe Florin Seg\u0103rceanu, care nu \u00eemplinise 20 de ani, \u0219i Andrei D\u00eerzu, care avea 21 de ani.<\/p>\n<p>Sud-americanii veneau la Timi\u0219oara cu Thomas Koch \u0219i Carlos Kirmayr, juc\u0103tori mult mai experimenta\u021bi, ambii clasa\u021bi \u00een primii 60 de sportivi ai lumii.<\/p>\n<p>\u00cenaintea partidei, cele dou\u0103 echipe au fost primite la Prim\u0103rie de edilul Radu B\u0103lan.<\/p>\n<p>\u201c<strong>Adres\u00e2ndu-le oaspe\u021bilor un c\u0103lduros bun venit, primarul municipiului a relevat satisfac\u021bia timi\u0219orenilor de a g\u0103zdui aceast\u0103 important\u0103 competi\u021bie<\/strong>\u201c, scria ziarul Drapelul Ro\u0219u, \u00een ziua de dinaintea partidei.<\/p>\n<p>De fapt, \u00een acel num\u0103r, \u00een ziar ap\u0103reau si caricaturile sportivilor \u0219i antrenorilor.<\/p>\n<div id=\"gallery-1\" class=\"gallery optm-gallery galleryid-872866\">\n<div class=\"optm-galcont\"><a href=\"https:\/\/www.opiniatimisoarei.ro\/wp-content\/uploads\/2026\/03\/caricaturi-cupa-davis-1981-1.jpg\"><img decoding=\"async\" src=\"https:\/\/www.opiniatimisoarei.ro\/wp-content\/uploads\/2026\/03\/caricaturi-cupa-davis-1981-1-300x234.jpg\"><\/a><a href=\"https:\/\/www.opiniatimisoarei.ro\/wp-content\/uploads\/2026\/03\/caricaturi-cupa-davis-1981-2.jpg\"><img decoding=\"async\" src=\"https:\/\/www.opiniatimisoarei.ro\/wp-content\/uploads\/2026\/03\/caricaturi-cupa-davis-1981-2-300x279.jpg\"><\/a><a href=\"https:\/\/www.opiniatimisoarei.ro\/wp-content\/uploads\/2026\/03\/caricaturi-cupa-davis-1981-3.jpg\"><img decoding=\"async\" src=\"https:\/\/www.opiniatimisoarei.ro\/wp-content\/uploads\/2026\/03\/caricaturi-cupa-davis-1981-3-300x272.jpg\"><\/a><\/div>\n<\/div>\n<p>\u00cen prima zi a \u00eentrecerii, Seg\u0103rceanu trecea cu 3-1 de Kirmayr, cu toate c\u0103 brazilianul c\u00e2\u0219tigase primul set. Andrei D\u00eerzu a fost \u00eenvins cu 2-6,4-6,1-6 de Koch.<\/p>\n<p>\u0218i meciul de dublu fost unul extrem de disputat. Rom\u00e2nii au pierdut primul set f\u0103r\u0103 drept de apel, 0-6, dar au revenit \u00een cel de-al doilea, c\u00e2\u0219tigat cu 8-6. Ultimele dou\u0103 au revenit tot tricolorilor, 6-4, 7-5.<\/p>\n<p>Florin Seg\u0103rceanu a avut \u0219i \u00een ziua a treia o partid\u0103 grea. A fost condus cu 1-0 de Koch, a revenit \u0219i a c\u00e2\u0219tigat cu 6-3 \u0219i 7-5 urm\u0103toarele dou\u0103 acte. Sud-americanul a revenit la r\u00e2ndul s\u0103u \u0219i a egalat situa\u021bia pe tabel\u0103 cu un 6-4, \u0219i a trimis meciul \u00een decisiv. \u00cen ultimul act al partidei Seg\u0103rceanu a dominat \u0219i s-a \u00eencheiat cu 6-0. Astfel Rom\u00e2nia s-a impus cu 3-2.<\/p>\n<blockquote>\n<p>\u201c<strong>M\u0103 aflu \u00eentr-o euforie total\u0103. Am venit la Timi\u0219oara cu g\u00e2ndul de-a lupta din toate puterile, dar \u2013 sincer s\u0103 fiu \u2013 pe undeva aveam \u00eendoieli privind \u0219ansa noastr\u0103. Publicul ne-a ajutat foarte mult; \u021bin s\u0103-i adresez cele mai calde mul\u021bumiri. M\u0103 bucur c\u0103, al\u0103turi de reu\u0219itele de la simplu, am f\u0103cut, de data aceasta, un dublu bun cu D\u00eerzu. M\u0103 str\u0103duiesc s\u0103-mi perfec\u021bionez lovitura de serviciu<\/strong>\u201c, spunea Florin Seg\u0103rceanu, dup\u0103 victoria \u00een fa\u021ba Braziliei.<\/p>\n<\/blockquote>\n<p><img loading=\"lazy\" decoding=\"async\" class=\"alignnone size-full wp-image-872872\" src=\"https:\/\/www.opiniatimisoarei.ro\/wp-content\/uploads\/2026\/03\/Cupa-Davis-Timisoara-3.jpg\" alt=\"\" width=\"1176\" height=\"650\"><\/p>\n<p>\u201c<strong>Am asistat la o \u00eent\u00e2lnire de un foarte \u00eenalt nivel tehnic. Victoria echipei rom\u00e2ne este absolut meritat\u0103. Principalul ei atu l-a constituit Seg\u0103rceanu, pe care nu l-am v\u0103zut juc\u00eend niciodat\u0103 at\u00e2t de bine. <\/strong><\/p>\n<p><strong>Publicul timi\u0219orean \u0219i-a \u00eencurajat favori\u021bii, dar a aplaudat \u0219i reu\u0219itele tenismenilor brazilieni. Echipa noastr\u0103, de\u0219i nu a jucat r\u0103u, nu a evoluat la nivelul ei maxim. M\u0103 refer \u00eendeosebi la Kirmayr. Dar, \u00eentruc\u00eet \u00een tenis nu exist\u0103 \u00eent\u00eemplare, trebuie s\u0103 spunem c\u0103 rom\u00e2nii au fost mai buni. Le dorim succes \u00een \u00eent\u00e2lnirile viitoare ale \u2018Cupei Davis<\/strong>\u2018\u201d, spunea la finalul \u00eent\u00e2lnirii Paulo Cleto, c\u0103pitanul nejuc\u0103tor al echipei Brazilia.<\/p>\n<h2><span><strong>Turul 2 s-a jucat tot la Timi\u0219oara. A fost cu Argentina, dar\u2026 nu \u00een Olimpia<\/strong><\/span><\/h2>\n<p>Timi\u0219oara a fost desemnat\u0103 gazd\u0103 de reprezentan\u021bii Federa\u021biei \u0219i pentru meciul din sferturile Cupei Davis, contra puternicei echipe a Argentinei. \u201cPumele\u201d veneau pe Bega cu Jose Luis Clerc, Guillermo Villas, locurile 5 \u0219i 6 mondial la acea vreme, \u0219i Ricardo Cano, ca rezerv\u0103, cel care nu era \u00een primii 20.<\/p>\n<p>P\u00e2n\u0103 \u00een vara lui 1981, timp de 3 luni, s-a muncit din greu \u0219i s-a construit o baz\u0103 modern\u0103 chiar \u00een Parcul Rozelor cu un teren principal \u0219i dou\u0103 de antrenament, fiind montate \u0219i tribune. Atunci se putea\u2026<\/p>\n<p>Florin Seg\u0103rceanu \u0219i Andrei D\u00eerzu, cei doi rom\u00e2ni care au reprezentat \u021bara \u0219i cu Brazilia, nu au c\u00e2\u0219tigat vreun set \u00een prima zi. A urmat partida de dublu, \u00een care rom\u00e2nii s-au impus 4-6, 10-8, 6-3, 7-5. \u00cen ultima zi de concurs, Seg\u0103rceanu a pierdut cu 3-1 \u00een fa\u021ba lui Villas. Astfel, ultima partid\u0103 a devenit una de palmares, D\u00eerzu a ob\u021binut victoria dup\u0103 abandonul lui Cano.<\/p>\n<p>Argentina a ajuns \u00een acel an p\u00e2n\u0103 \u00een finala competi\u021biei, pierz\u00e2nd-o \u00eens\u0103 \u00een SUA.<\/p>\n<h2><strong><span>Cupa Davis a mai revenit de dou\u0103 ori la Timi\u0219oara<\/span><\/strong><\/h2>\n<p>Echipa na\u021bional\u0103 de Cup\u0103 Davis a mai jucat alte dou\u0103 meciuri la Timi\u0219oara. <strong><a href=\"https:\/\/www.opiniatimisoarei.ro\/40-de-ani-de-la-meciul-de-cupa-davis-dintre-romania-si-chile-disputat-in-sala-olimpia-din-timisoara\/05\/03\/2023\">\u00centre 4 \u0219i 6 martie 1983<\/a><\/strong>, Rom\u00e2nia a primit vizita echipei din Chile. Florin Seg\u0103rceanu \u0219i Ile N\u0103stase asigurau o victorie cu 5-0, dup\u0103 meciurile disputate \u00een Sala Olimpia, \u0219i odat\u0103 cu acestea calificarea in turul 2 al competi\u021biei. \u00cen acea rund\u0103 a \u00eentrecerii, tricolorii aveau s\u0103 fie \u00eenvin\u0219i cu 5-0 de Australia.<\/p>\n<p><img loading=\"lazy\" decoding=\"async\" class=\"alignnone size-full wp-image-778012\" src=\"https:\/\/www.opiniatimisoarei.ro\/wp-content\/uploads\/2023\/03\/Segarceanu-Nastase.jpg\" alt=\"\" width=\"1080\" height=\"550\"><\/p>\n<p>Timi\u0219oara a mai g\u0103zduit \u0219i \u00een 1988 o \u00eent\u00e2lnire, este vorba despre partida cu Portugalia, din mai 1988, 2-3 cu Portugalia. \u00cent\u00e2lnirea s-a desf\u0103\u0219urat la arena Electrica. Acea \u00eent\u00e2lnire a contat pentru Grupa 1 a Cupei Davis, iar din echip\u0103 f\u0103ceau parte Florin Seg\u0103rceanu \u0219i hunedoreanul Adrian Marcu.<\/p>\n<p>***<\/p>\n<p><strong><span class=\"dia_suggestion w0\">Mai<\/span>\u00a0<span class=\"dia_suggestion w1\">multe<\/span>\u00a0<span class=\"dia_suggestion w2\">g\u0103si\u021bi<\/span>\u00a0pe\u00a0<span class=\"dia_suggestion w4\">pagina noastr<span class=\"dia_suggestion w0\">\u0103<\/span><\/span>\u00a0de\u00a0<a href=\"https:\/\/www.facebook.com\/OpiniaTM\/?ref=page_internal\" target=\"_blank\" rel=\"noopener\">Facebook opiniatimisoarei.ro<\/a>!<\/strong><\/p>\n<p><strong><span class=\"dia_suggestion w0\">Dac\u0103<\/span>\u00a0<span class=\"dia_suggestion w1\">a\u021bi<\/span>\u00a0fost martorii unui eveniment\u00a0<span class=\"dia_suggestion w6\">sau<\/span>\u00a0<span class=\"dia_suggestion w7\">ai<\/span>\u00a0unei\u00a0<span class=\"dia_suggestion w9\">situa\u021bii<\/span>\u00a0<span class=\"dia_suggestion w10\">neobi\u0219nuite<\/span>\u00a0<span class=\"dia_suggestion w11\">care<\/span>\u00a0ar\u00a0<span class=\"dia_suggestion w13\">putea<\/span>\u00a0deveni subiect de\u00a0<span class=\"dia_suggestion w17\">\u0219tire<\/span>,\u00a0<span class=\"dia_suggestion w18\">contacta\u021bi<\/span>-ne\u00a0<span class=\"dia_suggestion w20\">la<\/span>\u00a0<a href=\"https:\/\/www.opiniatimisoarei.ro\/cdn-cgi\/l\/email-protection\" class=\"__cf_email__\" data-cfemail=\"017364656062756864416e71686f686075686c68726e607364682f736e\">[email\u00a0protected]<\/a>,\u00a0 pe\u00a0<a href=\"https:\/\/www.facebook.com\/OpiniaTM\">FB<\/a>\u00a0sau pe contul nostru de\u00a0<a href=\"https:\/\/www.instagram.com\/opiniatimisoarei.ro\/\" target=\"_blank\" rel=\"noopener\">Instagram<\/a>!<\/strong><\/p>\n<p><strong><span>CITESTE SI:<\/span>\u00a0<a href=\"https:\/\/www.opiniatimisoarei.ro\/afli-primul-tot-ceea-ce-se-intampla-cu-adevarat-important-in-timisoara-si-in-regiune-cu-aplicatia-de-stiri-opinia-timisoarei-3-tipuri-de-alerte-te-tin-mereu-conectat-la-evenimente-descarca-gratuit-a\/31\/10\/2022\">Afli primul tot ceea ce se intampla cu adevarat important in Timisoara si in regiune cu Aplicatia de stiri Opinia Timisoarei. 3 tipuri de alerte te tin mereu conectat la evenimente. Descarca gratuit Aplicatia OT aici!<\/a><\/strong><\/p>\n<\/div>\n<p>[analyse_source url=&#8221;https:\/\/www.opiniatimisoarei.ro\/traim-din-amintiri-45-de-ani-de-cand-echipa-de-cupa-davis-a-romaniei-juca-prima-data-la-timisoara-foto\/06\/03\/2026&#8243;]<\/p>\n","protected":false},"excerpt":{"rendered":"<p>[analyse_image type=&#8221;featured&#8221; src=&#8221;https:\/\/www.opiniatimisoarei.ro\/wp-content\/uploads\/2026\/03\/Cupa-Davis-Timisoara-11-728&#215;336.jpghttps:\/\/www.opiniatimisoarei.ro\/wp-content\/uploads\/2026\/03\/Cupa-Davis-Timisoara-11.jpg&#8221;] TIMI\u0218OARA. \u00cen anii \u201970 Rom\u00e2nia fusese o for\u021b\u0103 \u00een tenisul mondial, jucase 3 finale de Cup\u0103 Davis, iar toate fuseser\u0103 pierdute \u00een fa\u021ba Statelor Unite Ale Americii, dou\u0103 pe continentul nord-american \u0219i una la Bucure\u0219ti. Dar echipa nu jucase vreodata la Timi\u0219oara \u00een istoria particip\u0103rilor \u00een competi\u021bie. Ora\u0219ul de pe Bega avea [&hellip;]<\/p>\n","protected":false},"author":1,"featured_media":0,"comment_status":"open","ping_status":"","sticky":false,"template":"","format":"standard","meta":{"footnotes":""},"categories":[89],"tags":[226,190],"class_list":["post-1814322","post","type-post","status-publish","format-standard","hentry","category-romania","tag-crawlmanager","tag-opiniatimisoarei-ro"],"_links":{"self":[{"href":"https:\/\/analyse.optim.biz\/index.php?rest_route=\/wp\/v2\/posts\/1814322","targetHints":{"allow":["GET"]}}],"collection":[{"href":"https:\/\/analyse.optim.biz\/index.php?rest_route=\/wp\/v2\/posts"}],"about":[{"href":"https:\/\/analyse.optim.biz\/index.php?rest_route=\/wp\/v2\/types\/post"}],"author":[{"embeddable":true,"href":"https:\/\/analyse.optim.biz\/index.php?rest_route=\/wp\/v2\/users\/1"}],"replies":[{"embeddable":true,"href":"https:\/\/analyse.optim.biz\/index.php?rest_route=%2Fwp%2Fv2%2Fcomments&post=1814322"}],"version-history":[{"count":0,"href":"https:\/\/analyse.optim.biz\/index.php?rest_route=\/wp\/v2\/posts\/1814322\/revisions"}],"wp:attachment":[{"href":"https:\/\/analyse.optim.biz\/index.php?rest_route=%2Fwp%2Fv2%2Fmedia&parent=1814322"}],"wp:term":[{"taxonomy":"category","embeddable":true,"href":"https:\/\/analyse.optim.biz\/index.php?rest_route=%2Fwp%2Fv2%2Fcategories&post=1814322"},{"taxonomy":"post_tag","embeddable":true,"href":"https:\/\/analyse.optim.biz\/index.php?rest_route=%2Fwp%2Fv2%2Ftags&post=1814322"}],"curies":[{"name":"wp","href":"https:\/\/api.w.org\/{rel}","templated":true}]}}