{"id":181425,"date":"2015-05-20T09:30:06","date_gmt":"2015-05-20T06:30:06","guid":{"rendered":"https:\/\/analyse.optim.biz\/?p=181425"},"modified":"2015-05-20T09:30:06","modified_gmt":"2015-05-20T06:30:06","slug":"reexaminarea-codului-silvic-respinsa-presedintele-e-obligat-sa-promulge-legea","status":"publish","type":"post","link":"https:\/\/analyse.optim.biz\/?p=181425","title":{"rendered":"Reexaminarea Codului Silvic, respins\u0103. Pre\u0219edintele e obligat s\u0103 promulge legea"},"content":{"rendered":"<div class=\"entry data-app-meta data-app-meta-article\" data-embed-base-url-canonical=\"https:\/\/www.digi24.ro\/embed\/stiri\/actualitate\/politica\/reexaminarea-codului-silvic-respinsa-presedintele-e-obligat-sa-promulge-legea-393597\">\n<p data-index=\"1\"><img decoding=\"async\" src=\"https:\/\/analyse.optim.biz\/wp-content\/uploads\/2024\/09\/jmhhc2g9owjhytlhody2yzi2njbkmta1zjc3owyyodq3zwvmmwu-thumb_.jpg\" data-skip-htmlfix=\"1\" title=\"jmhhc2g9owjhytlhody2yzi2njbkmta1zjc3owyyodq3zwvmmwu-thumb_\"><\/p>\n<p data-index=\"2\"><em><span>FOTO: Mediafax Foto<\/span><\/em><\/p>\n<p data-index=\"3\"><strong>ACTUALIZARE 15:42<\/strong> Deputa\u0163ii au respins cererea pre\u015fedintelui de reexaminare a controversatului Cod Silvic. Pre\u0219edintele a avut numai 96 de sus\u021bin\u0103tori \u00een Camer\u0103, \u00een timp ce 217 deputa\u021bi au votat \u00eempotriva solicit\u0103rii sale. \u00a0<\/p>\n<p data-index=\"4\">Pre\u015fedintele Klaus Iohannis e obligat de lege s\u0103 promulge legea, dar r\u0103m\u00e2n deschise op\u0163iunile de contestare la Curtea Constitu\u0163ional\u0103.<\/p>\n<p data-index=\"5\">Votul de miercuri din plenul Camerei era de a\u0219teptat. La sf\u00e2r\u0219itul s\u0103pt\u0103m\u00e2nii trecute, comisiile de specialitate din Camera Deputa\u0163ilor respinseser\u0103 cererea f\u0103cut\u0103 de pre\u015fedintele Klaus Iohannis de reexaminare a legii.<\/p>\n<p data-index=\"6\">\u015eeful statului spune c\u0103 aproape un milion de hectare pot fi defri\u015fate \u00een baza unui articol controversat din actualul Cod Silvic. El afirm\u0103 c\u0103 t\u0103ierile ilegale de p\u0103dure reprezint\u0103 un atac la siguran\u021ba na\u021bional\u0103 \u0219i c\u0103 problema va fi discutat\u0103 \u00een CSAT.<\/p>\n<hr>\n<p data-index=\"7\">\u00cen aceste condi\u021bii, e <strong>foarte probabil s\u0103 existe un vot de respingere<\/strong> \u0219i \u00een plen a cererii de reexaminare a Codului Silvic f\u0103cute de pre\u0219edintele Klaus Iohannis. Pre\u0219edintele va fi nevoit atunci s\u0103 promulge legea, pentru c\u0103 nu poate trimite la reexaminare de dou\u0103 ori aceea\u0219i lege.<\/p>\n<p data-index=\"8\"><strong>Codul Silvic<\/strong> este subiectul care a provocat prima disput\u0103 public\u0103 dintre \u015feful statului \u015fi premierul Victor Ponta.<\/p>\n<p data-index=\"9\">\u201e<span><em>Impresia mea personal\u0103 este c\u0103 pre\u0219edintele a retrimis legea la Parlament pe baza unor informa\u0163ii pe care le-a primit de la ni\u015fte binevoitori, \u00een ghilimele, \u00een special ni\u015fte binevoitori liberali pe care \u00eei vede\u0163i zilele acestea lupt\u00e2ndu-se cu din\u0163ii pentru interesele Schweighofer<\/em>\u201d, a declarat <strong>premierul<\/strong>, \u00een 13 mai, la B1 TV.<\/span><\/p>\n<p data-index=\"10\">\u015eeful statului sus\u0163ine c\u0103 al\u0103turarea numelui s\u0103u de cel al firme austriece <strong>Schweighofer Holzindustrie<\/strong> este doar o specula\u0163ie care are la baz\u0103 originea sa german\u0103. Klaus Iohannis spune c\u0103 nici m\u0103car nu-i cunoa\u015fte pe reprezentan\u0163ii companiei.<\/p>\n<p data-index=\"11\">\u201e<em>\u00cen acest context, este o prostie major\u0103 s\u0103 spui c\u0103 fac vreun lobby pentru o companie austriac\u0103<\/em>\u201d, a declarat<strong> Klaus Iohannis.<\/strong><\/p>\n<p data-index=\"12\">Pre\u015fedintele precizeaz\u0103, \u00eenc\u0103 o dat\u0103, c\u0103 sper\u0103 ca noul <strong>Cod Silvic<\/strong>, pe care l-a retrimis la reexaminare \u00een Parlament, va rezolva problema defri\u015f\u0103rilor ilegale \u015fi spune c\u0103 este de acord cu protestele organizate \u00een ultima perioad\u0103. Klaus Iohannis a vorbit \u015fi despre lupta politic\u0103 din jurul acestui subiect.<\/p>\n<p data-index=\"13\">\u201e<span><em>Nu este de ignorat faptul c\u0103 exist\u0103 cel pu\u0163in dou\u0103 tabere de lobby care lupt\u0103 una \u00eempotriva celeilalte \u015fi care \u00eencearc\u0103 s\u0103 atrag\u0103 politicieni \u00een acest r\u0103zboi. \u015ei dac\u0103 acest lucru nu func\u0163ioneaz\u0103, a\u015fa cum este cazul meu, vor s\u0103 organizeze o lupt\u0103 \u00een noroi<\/em>\u201d, a spus <strong>pre\u0219edintele<\/strong>.<\/span><\/p>\n<p data-index=\"14\"><strong>Klaus Iohannis<\/strong> a cerut deja \u015fefului SRI s\u0103 verifice dac\u0103 acuza\u0163iile de trafic de influen\u0163\u0103 formulate de Victor Ponta sunt sau nu reale. \u00cen cazul \u00een care acuza\u0163iile nu au acoperire, \u015feful statului spune c\u0103 premierul va r\u0103spunde \u00een instan\u0163\u0103.<\/p>\n<p data-index=\"15\">Deocamdat\u0103,<strong> Codul Silvic<\/strong> a ajuns la Camera Deputa\u0163ilor, dup\u0103 ce a trecut de Senat f\u0103r\u0103 modific\u0103rile cerute de \u015feful statului atunci c\u00e2nd l-a retrimis \u00een Parlament.<\/p>\n<p data-index=\"16\">\u00centre timp, pre\u0219edintele a decis ca subiectul defri\u0219\u0103rilor ilegale s\u0103 fie discutat \u00een urm\u0103toarea \u0219edin\u021b\u0103 a CSAT, iar premierul a propus <a href=\"https:\/\/www.digi24.ro\/Stiri\/Digi24\/Actualitate\/Stiri\/EXPORT+LEMN+INTERZICERE+ORDONANTE+GUVERN\" target=\"_blank\" data-skip-linkfix=\"1\" rel=\"noopener\">suspendarea exporturilor de lemn p\u00e2n\u0103 la 31 august<\/a>.<\/p>\n<p data-index=\"17\">Citi\u021bi \u0219i:<\/p>\n<h5><a href=\"https:\/\/www.digi24.ro\/Stiri\/Digi24\/Actualitate\/Politica\/SONDAJ+IRES+Victor+Ponta+sau+Klaus+Iohannis+De+partea+cu+sunt+ro\" target=\"_blank\" data-skip-linkfix=\"1\" rel=\"noopener\"><span>SONDAJ IRES. Victor Ponta sau Klaus Iohannis? De partea cui sunt rom\u00e2nii \u00een disputa asupra Codului Silvic<\/span><\/a><\/h5>\n<h5><a href=\"https:\/\/www.digi24.ro\/Stiri\/Digi24\/Actualitate\/Stiri\/Klaus+Iohannis+Defrisarile+ilegale+un+atac+la+siguranta+national\" target=\"_blank\" data-skip-linkfix=\"1\" rel=\"noopener\"><span>Klaus Iohannis: Defri\u0219\u0103rile ilegale, un atac la siguran\u021ba na\u021bional\u0103<\/span><\/a><\/h5>\n<\/div>\n<p> Source URL: https:\/\/www.digi24.ro\/stiri\/actualitate\/politica\/reexaminarea-codului-silvic-respinsa-presedintele-e-obligat-sa-promulge-legea-393597<\/p>\n","protected":false},"excerpt":{"rendered":"<p>FOTO: Mediafax Foto ACTUALIZARE 15:42 Deputa\u0163ii au respins cererea pre\u015fedintelui de reexaminare a controversatului Cod Silvic. Pre\u0219edintele a avut numai 96 de sus\u021bin\u0103tori \u00een Camer\u0103, \u00een timp ce 217 deputa\u021bi au votat \u00eempotriva solicit\u0103rii sale. \u00a0 Pre\u015fedintele Klaus Iohannis e obligat de lege s\u0103 promulge legea, dar r\u0103m\u00e2n deschise op\u0163iunile de contestare la Curtea Constitu\u0163ional\u0103. [&hellip;]<\/p>\n","protected":false},"author":1,"featured_media":181426,"comment_status":"open","ping_status":"","sticky":false,"template":"","format":"standard","meta":{"footnotes":""},"categories":[2],"tags":[11],"class_list":["post-181425","post","type-post","status-publish","format-standard","has-post-thumbnail","hentry","category-politics","tag-digi24"],"_links":{"self":[{"href":"https:\/\/analyse.optim.biz\/index.php?rest_route=\/wp\/v2\/posts\/181425","targetHints":{"allow":["GET"]}}],"collection":[{"href":"https:\/\/analyse.optim.biz\/index.php?rest_route=\/wp\/v2\/posts"}],"about":[{"href":"https:\/\/analyse.optim.biz\/index.php?rest_route=\/wp\/v2\/types\/post"}],"author":[{"embeddable":true,"href":"https:\/\/analyse.optim.biz\/index.php?rest_route=\/wp\/v2\/users\/1"}],"replies":[{"embeddable":true,"href":"https:\/\/analyse.optim.biz\/index.php?rest_route=%2Fwp%2Fv2%2Fcomments&post=181425"}],"version-history":[{"count":0,"href":"https:\/\/analyse.optim.biz\/index.php?rest_route=\/wp\/v2\/posts\/181425\/revisions"}],"wp:featuredmedia":[{"embeddable":true,"href":"https:\/\/analyse.optim.biz\/index.php?rest_route=\/wp\/v2\/media\/181426"}],"wp:attachment":[{"href":"https:\/\/analyse.optim.biz\/index.php?rest_route=%2Fwp%2Fv2%2Fmedia&parent=181425"}],"wp:term":[{"taxonomy":"category","embeddable":true,"href":"https:\/\/analyse.optim.biz\/index.php?rest_route=%2Fwp%2Fv2%2Fcategories&post=181425"},{"taxonomy":"post_tag","embeddable":true,"href":"https:\/\/analyse.optim.biz\/index.php?rest_route=%2Fwp%2Fv2%2Ftags&post=181425"}],"curies":[{"name":"wp","href":"https:\/\/api.w.org\/{rel}","templated":true}]}}