{"id":181414,"date":"2015-05-20T10:21:28","date_gmt":"2015-05-20T07:21:28","guid":{"rendered":"https:\/\/analyse.optim.biz\/?p=181414"},"modified":"2015-05-20T10:21:28","modified_gmt":"2015-05-20T07:21:28","slug":"sevil-shhaideh-noul-ministru-al-dezvoltarii","status":"publish","type":"post","link":"https:\/\/analyse.optim.biz\/?p=181414","title":{"rendered":"Sevil Shhaideh, noul ministru al Dezvolt\u0103rii"},"content":{"rendered":"<div class=\"entry data-app-meta data-app-meta-article\" data-embed-base-url-canonical=\"https:\/\/www.digi24.ro\/embed\/stiri\/actualitate\/politica\/sevil-shhaideh-noul-ministru-al-dezvoltarii-393622\">\n<p data-index=\"1\">Sorin Grindeanu a declarat, miercuri, c\u0103 \u015fedin\u021ba Comitetului Executiv Na\u0163ional al PSD, \u00een care urma s\u0103 fie discutat\u0103 demisia lui\u00a0Liviu Dragnea din func\u0163ia de pre\u015fedinte executiv al PSD, a fost am\u00e2nat\u0103 \u00eentruc\u00e2t la acea or\u0103, respectiv 16.30, ar urma s\u0103 depun\u0103 jur\u0103m\u00e2ntul noul ministru al Dezvolt\u0103rii. <\/p>\n<p data-index=\"2\">El a precizat c\u0103 portofoliul de la Ministerul Dezvolt\u0103rii Regionale \u015fi Administra\u0163iei Publice (MDRAP) va fi preluat de Sevil Shhaideh, din Constan\u0163a, aceasta fiind secretar de stat \u00een MDRAP. \u201e\u015eedin\u0163a Comitetului Executiv al PSD a fost am\u00e2nat\u0103 deoarece la ora 16.30 va depune jur\u0103m\u00e2ntul noul ministru al Dezvolt\u0103rii, este vorba de doamna secretar de stat Sevil Shhaideh.<\/p>\n<p data-index=\"3\">Nu ne-au anun\u0163at deocamdat\u0103 data la care a fost reprogramat\u0103 \u015fedin\u0163a\u201d, a declarat Grindeanu.<\/p>\n<p data-index=\"4\">Sevil Shhaideh are 50 de ani. Ea a fost director al Direc\u0163iei Sisteme Informatice din Consiliul Jude\u0163ean Constan\u0163a \u00een perioada 1993-2007, apoi, p\u00e2n\u0103 \u00een 2012, a condus Direc\u0163ia Proiecte din CJ Constan\u0163a. Aceasta a devenit secretar de stat \u00een MDRAP \u00een 2012, dup\u0103 ce Liviu Dragnea a fost numit ministru. Postul de ministru al Dezvolt\u0103rii a r\u0103mas vacant dup\u0103 ce Liviu Dragnea a demisionat \u00een 15 mai, \u00een ziua \u00een care a fost condamnat la un an de \u00eenchisoare cu suspendare \u00een dosarul privind fraude la referendumul din 2012, pentru demiterea lui\u00a0Traian B\u0103sescu.<\/p>\n<p data-index=\"5\">Surse din PSD declarau c\u0103 pentru postul de ministru al Dezvolt\u0103rii sunt dou\u0103 propuneri &#8211; Sevil Shhaideh \u015fi\u00a0Rovana Plumb. Ministrul demisionar al Dezvolt\u0103rii \u015fi Administra\u0163iei, Liviu Dragnea, a declarat, luni, c\u0103 a discutat cu premierul Victor Ponta\u00a0\u015fi cu comisarul UE pentru politici regionale,\u00a0Corina Cre\u0163u, despre succesorul s\u0103u la minister, astfel \u00eenc\u00e2t persoana care va fi nominalizat\u0103 s\u0103 aib\u0103 sus\u0163inerea tuturor.<\/p>\n<\/div>\n<p> Source URL: https:\/\/www.digi24.ro\/stiri\/actualitate\/politica\/sevil-shhaideh-noul-ministru-al-dezvoltarii-393622<\/p>\n","protected":false},"excerpt":{"rendered":"<p>Sorin Grindeanu a declarat, miercuri, c\u0103 \u015fedin\u021ba Comitetului Executiv Na\u0163ional al PSD, \u00een care urma s\u0103 fie discutat\u0103 demisia lui\u00a0Liviu Dragnea din func\u0163ia de pre\u015fedinte executiv al PSD, a fost am\u00e2nat\u0103 \u00eentruc\u00e2t la acea or\u0103, respectiv 16.30, ar urma s\u0103 depun\u0103 jur\u0103m\u00e2ntul noul ministru al Dezvolt\u0103rii. El a precizat c\u0103 portofoliul de la Ministerul Dezvolt\u0103rii [&hellip;]<\/p>\n","protected":false},"author":1,"featured_media":181415,"comment_status":"open","ping_status":"","sticky":false,"template":"","format":"standard","meta":{"footnotes":""},"categories":[2],"tags":[11],"class_list":["post-181414","post","type-post","status-publish","format-standard","has-post-thumbnail","hentry","category-politics","tag-digi24"],"_links":{"self":[{"href":"https:\/\/analyse.optim.biz\/index.php?rest_route=\/wp\/v2\/posts\/181414","targetHints":{"allow":["GET"]}}],"collection":[{"href":"https:\/\/analyse.optim.biz\/index.php?rest_route=\/wp\/v2\/posts"}],"about":[{"href":"https:\/\/analyse.optim.biz\/index.php?rest_route=\/wp\/v2\/types\/post"}],"author":[{"embeddable":true,"href":"https:\/\/analyse.optim.biz\/index.php?rest_route=\/wp\/v2\/users\/1"}],"replies":[{"embeddable":true,"href":"https:\/\/analyse.optim.biz\/index.php?rest_route=%2Fwp%2Fv2%2Fcomments&post=181414"}],"version-history":[{"count":0,"href":"https:\/\/analyse.optim.biz\/index.php?rest_route=\/wp\/v2\/posts\/181414\/revisions"}],"wp:featuredmedia":[{"embeddable":true,"href":"https:\/\/analyse.optim.biz\/index.php?rest_route=\/wp\/v2\/media\/181415"}],"wp:attachment":[{"href":"https:\/\/analyse.optim.biz\/index.php?rest_route=%2Fwp%2Fv2%2Fmedia&parent=181414"}],"wp:term":[{"taxonomy":"category","embeddable":true,"href":"https:\/\/analyse.optim.biz\/index.php?rest_route=%2Fwp%2Fv2%2Fcategories&post=181414"},{"taxonomy":"post_tag","embeddable":true,"href":"https:\/\/analyse.optim.biz\/index.php?rest_route=%2Fwp%2Fv2%2Ftags&post=181414"}],"curies":[{"name":"wp","href":"https:\/\/api.w.org\/{rel}","templated":true}]}}