{"id":181403,"date":"2015-05-20T10:44:12","date_gmt":"2015-05-20T07:44:12","guid":{"rendered":"https:\/\/analyse.optim.biz\/?p=181403"},"modified":"2015-05-20T10:44:12","modified_gmt":"2015-05-20T07:44:12","slug":"liviu-dragnea-voi-inregistra-azi-demisia-mea","status":"publish","type":"post","link":"https:\/\/analyse.optim.biz\/?p=181403","title":{"rendered":"Liviu Dragnea: Voi \u00eenregistra azi demisia mea"},"content":{"rendered":"<div class=\"entry data-app-meta data-app-meta-article\" data-embed-base-url-canonical=\"https:\/\/www.digi24.ro\/embed\/stiri\/actualitate\/politica\/liviu-dragnea-voi-inregistra-azi-demisia-mea-393630\">\n<p data-index=\"1\">\u201eC\u00e2nd ajung la partid, o s\u0103 o \u00eenregistrez \u015fi demisia va deveni efectiv\u0103\u201d, a declarat Dragnea, care a precizat c\u0103 a luat decizia \u00een ciuda faptului c\u0103 multe dintre organiza\u0163iile de partid \u00eei cer s\u0103 r\u0103m\u00e2n\u0103.<\/p>\n<p data-index=\"2\">Potrivit lui Liviu Dragnea, este dispus s\u0103 ajute cu experien\u0163a sa, dac\u0103 i se va cere ajutorul.<\/p>\n<p data-index=\"3\">\u201eNu cred c\u0103 este \u00een regul\u0103 ca eu s\u0103 fiu pre\u015fedinte executiv cu aceast\u0103 sentin\u0163\u0103\u201d, a ad\u0103ugat Dragnea.<\/p>\n<p data-index=\"4\"><a href=\"https:\/\/www.digi24.ro\/Stiri\/Digi24\/Actualitate\/Politica\/Membrii+PSD+anuntati+ca+sedinta+CEx+pentru+mandatul+lui+Liviu+Dr\" target=\"_blank\" data-skip-linkfix=\"1\" rel=\"noopener\"><strong>Membrii PSD au fost anun\u0163a\u0163i c\u0103 \u015fedin\u0163a Comitetului Executiv<\/strong><\/a>, programat\u0103 pentru miercuri, ora 16.00, \u00een vederea unei discu\u0163ii privind retragerea func\u0163iei de pre\u015fedinte executiv pentru Liviu Dragnea, nu va mai avea loc deoarece \u00een jurul acelei ore va fi depunerea jur\u0103m\u00e2ntului de noul ministru MDRAP.<\/p>\n<\/div>\n<p> Source URL: https:\/\/www.digi24.ro\/stiri\/actualitate\/politica\/liviu-dragnea-voi-inregistra-azi-demisia-mea-393630<\/p>\n","protected":false},"excerpt":{"rendered":"<p>\u201eC\u00e2nd ajung la partid, o s\u0103 o \u00eenregistrez \u015fi demisia va deveni efectiv\u0103\u201d, a declarat Dragnea, care a precizat c\u0103 a luat decizia \u00een ciuda faptului c\u0103 multe dintre organiza\u0163iile de partid \u00eei cer s\u0103 r\u0103m\u00e2n\u0103. Potrivit lui Liviu Dragnea, este dispus s\u0103 ajute cu experien\u0163a sa, dac\u0103 i se va cere ajutorul. \u201eNu cred [&hellip;]<\/p>\n","protected":false},"author":1,"featured_media":181404,"comment_status":"open","ping_status":"","sticky":false,"template":"","format":"standard","meta":{"footnotes":""},"categories":[2],"tags":[11],"class_list":["post-181403","post","type-post","status-publish","format-standard","has-post-thumbnail","hentry","category-politics","tag-digi24"],"_links":{"self":[{"href":"https:\/\/analyse.optim.biz\/index.php?rest_route=\/wp\/v2\/posts\/181403","targetHints":{"allow":["GET"]}}],"collection":[{"href":"https:\/\/analyse.optim.biz\/index.php?rest_route=\/wp\/v2\/posts"}],"about":[{"href":"https:\/\/analyse.optim.biz\/index.php?rest_route=\/wp\/v2\/types\/post"}],"author":[{"embeddable":true,"href":"https:\/\/analyse.optim.biz\/index.php?rest_route=\/wp\/v2\/users\/1"}],"replies":[{"embeddable":true,"href":"https:\/\/analyse.optim.biz\/index.php?rest_route=%2Fwp%2Fv2%2Fcomments&post=181403"}],"version-history":[{"count":0,"href":"https:\/\/analyse.optim.biz\/index.php?rest_route=\/wp\/v2\/posts\/181403\/revisions"}],"wp:featuredmedia":[{"embeddable":true,"href":"https:\/\/analyse.optim.biz\/index.php?rest_route=\/wp\/v2\/media\/181404"}],"wp:attachment":[{"href":"https:\/\/analyse.optim.biz\/index.php?rest_route=%2Fwp%2Fv2%2Fmedia&parent=181403"}],"wp:term":[{"taxonomy":"category","embeddable":true,"href":"https:\/\/analyse.optim.biz\/index.php?rest_route=%2Fwp%2Fv2%2Fcategories&post=181403"},{"taxonomy":"post_tag","embeddable":true,"href":"https:\/\/analyse.optim.biz\/index.php?rest_route=%2Fwp%2Fv2%2Ftags&post=181403"}],"curies":[{"name":"wp","href":"https:\/\/api.w.org\/{rel}","templated":true}]}}