{"id":1813963,"date":"2026-03-02T07:23:23","date_gmt":"2026-03-02T04:23:23","guid":{"rendered":"https:\/\/analyse.optim.biz\/?p=1813963"},"modified":"2026-03-02T07:23:23","modified_gmt":"2026-03-02T04:23:23","slug":"ayatollahul-a-murit-ce-urmeaza","status":"publish","type":"post","link":"https:\/\/analyse.optim.biz\/?p=1813963","title":{"rendered":"Ayatollahul a murit, ce urmeaz\u0103?"},"content":{"rendered":"<p>[analyse_image type=&#8221;featured&#8221; src=&#8221;https:\/\/www.curierul.ro\/wp-content\/uploads\/2022\/08\/MARIUS-CARBUNESCU.jpghttps:\/\/i0.wp.com\/www.curierul.ro\/wp-content\/uploads\/2022\/08\/MARIUS-CARBUNESCU.jpg?fit=530%2C213&amp;ssl=1&#8243;]<\/p>\n<article id=\"196464\" class=\"post-196464 post type-post status-publish format-standard has-post-thumbnail hentry category-fraze tag-a-murit tag-ayatollahul tag-marius-carbunescu-2 tag-urmeaza\">\n<header class=\"post-header\">\n<ul class=\"breadcrumbs\">\n<li><a href=\"https:\/\/www.curierul.ro\">Home<\/a><\/li>\n<li class=\"breadcrumbs-active .category-fraze\"><a href=\"https:\/\/www.curierul.ro\/index.php?cat=52\">Fraze<\/a><\/li>\n<li class=\"breadcrumbs-active .category-fraze\">Ayatollahul a murit, ce urmeaz\u0103?<\/li>\n<\/ul>\n<div class=\"featured-photo\"><img loading=\"lazy\" decoding=\"async\" width=\"530\" height=\"213\" src=\"https:\/\/i0.wp.com\/www.curierul.ro\/wp-content\/uploads\/2022\/08\/MARIUS-CARBUNESCU.jpg?fit=300%2C121&amp;ssl=1\" class=\"attachment-single size-single wp-post-image\" alt><\/div>\n<h1 class=\"headline\">Ayatollahul a murit, ce urmeaz\u0103?<\/h1>\n<p class=\"byline\">\n\t\tScris de<a href=\"https:\/\/www.curierul.ro\/author\/marius-carbunescu\/\">Carbunescu Marius<\/a>, \t\t2 martie 2026\t\t\t\t<\/p>\n<hr>\n<\/header>\n<p>Regimul politic de la Teheran trebuie s\u0103 dispar\u0103, asta e clar. Dictatura ayatollahilor a produs mult\u0103 suferin\u021b\u0103 acestui popor. Fundamentalismul islamic a transformat Iranul \u00eentr-un stat feudal \u00een care drepturile femeilor erau c\u0103lcate \u00een picioare. Drepturile persoanelor de alt\u0103 religie, a\u0219i\u0219derea. \u00cen Iran tr\u0103iesc adep\u021bii uneia dintre cele mai vechi religii din lume \u2013 zoroastrienii \u2013 iar cartea Danielei Zeca Buzura, Omar cel orb, prezint\u0103 minunat membrii acestei comunit\u0103\u021bi \u0219i chinurile lor pentru a-\u0219i p\u0103stra credin\u021ba. Drepturile tuturor iranienilor p\u00e2n\u0103 la urm\u0103 sunt \u00eenc\u0103lcate, s-a v\u0103zut asta la revolta \u00eenecat\u0103 \u00een s\u00e2nge de la sf\u00e2r\u0219itul anului trecut. Visurile de libertate s-au n\u0103ruit sub bocancii gardienilor revolu\u021biei. S\u0103 fi fost 20.000-30.000 de mor\u021bi, nici nu se mai \u0219tie, regimul ar fi sacrificat oric\u00e2\u021bi iranieni pentru a se men\u021bine la putere. Dac\u0103 nu s-a reu\u0219it prin mijloace interne, a fost clar atunci c\u0103 o schimbare ar putea interveni doar printr-o interven\u021bie extern\u0103.<\/p>\n<p>Asta justific\u0103 interven\u021bia militar\u0103 a Statelor Unite \u00eentr-o mai mare m\u0103sur\u0103 dec\u00e2t dezvoltarea programului nuclear iranian. Se va dovedi la sf\u00e2r\u0219itul r\u0103zboiului c\u0103 nu a fost nici pe departe at\u00e2t de avansat. Ne amintim de armele chimice care au constituit pretextul ac\u021biunii \u201dFurtun\u0103 \u00een de\u0219ert\u201d din urm\u0103 cu 30 de ani, dar nu au fost g\u0103site niciodat\u0103 \u00een Irak. Scenariul de acum pare identic cu r\u0103sturnarea lui Saddam Hussein. \u0218i atunci Israelul a fost prins \u00een lupte.<\/p>\n<p>A\u0219adar declan\u0219area ostilit\u0103\u021bilor de c\u0103tre Statele Unite este justificat\u0103 mai ales din punct de vedere moral. Ori aici este o problem\u0103. Nu te po\u021bi a\u0219tepta la gesturi morale din partea unui tip amoral. Dac\u0103 americanii aveau un alt pre\u0219edinte, mai era cum mai era, nu m-a\u0219 fi sinchisit de acest subiect. Dar s\u0103 la\u0219i un piroman s\u0103 se joace cu focul produce fiori \u00een orice col\u021b al lumii. Nu mai vorbesc de faptul c\u0103 avem doi. Nu-i exclus ca piromanul de la Casa Alb\u0103 s\u0103 fi ajuns la o \u00een\u021belegere cu piromanul de la Kremlin. \u00cei une\u0219te pasiunea de a incendia \u021b\u0103ri.<\/p>\n<p>\u00cen aceste condi\u021bii, parc\u0103 mi-a\u0219 dori ca Iranul s\u0103 reziste pu\u021bin mai mult, ca satisfac\u021bia s\u0103 nu fie total\u0103 la Mar-a-Lago. O victorie lejer\u0103 ca \u00een Venezuela ar exacerba tendin\u021bele expansioniste ale lui Trump. Ce ar veni la r\u00e2nd? Ca la metrou. Urmeaz\u0103 Cuba, se preg\u0103te\u0219te Groenlanda, cu portavionul pe partea dreapt\u0103. Nu e greu de ghicit c\u0103 succesele militare, dac\u0103 cele economice se las\u0103 \u00eenc\u0103 a\u0219teptate, \u00eel umfl\u0103 \u00een pene \u0219i \u00eei hr\u0103nesc egoul. Tendin\u021bele de megaloman se v\u0103d din spa\u021biu.<\/p>\n<p>\u0218i mai e o chestie. Probabil c\u0103 respectarea drepturilor \u0219i libert\u0103\u021bilor cet\u0103\u021bene\u0219ti n-ar fi constituit o problem\u0103 pentru bossul de la Casa Alb\u0103 dac\u0103 at\u00e2t Iranul, c\u00e2t \u0219i Venezuela, n-ar dispune de rezerve uria\u0219e de petrol. Factorul economic primeaz\u0103, la fel ca \u00een cazul altora cu metalele rare. F\u0103r\u0103 resurse, regimurile autoritare din cele dou\u0103 \u021b\u0103ri ar fi supravie\u021buit bine mersi. Se vede asta \u00een Coreea de Nord, o alt\u0103 \u021bar\u0103 cu guvernare despotic\u0103, unde Trump a efectuat chiar o vizit\u0103 oficial\u0103 \u00een trecutul mandat. Dublul standard se practic\u0103 \u00een cancelariile occidentale, nu reprezint\u0103 o noutate.<\/p>\n<div class=\"sharedaddy sd-sharing-enabled\">\n<div class=\"robots-nocontent sd-block sd-social sd-social-official sd-sharing\">\n<h3 class=\"sd-title\">Distribuie pe:<\/h3>\n<div class=\"sd-content\">\n<ul>\n<li class=\"share-facebook\">\n<li class=\"share-twitter\"><a href=\"https:\/\/twitter.com\/share\" class=\"twitter-share-button\" data-url=\"https:\/\/www.curierul.ro\/ayatollahul-a-murit-ce-urmeaza\/\" data-text=\"Ayatollahul a murit, ce urmeaz\u0103?\" data-via=\"curierulvl\">Tweet<\/a><\/li>\n<li class=\"share-jetpack-whatsapp\"><a rel=\"nofollow noopener noreferrer\" data-shared=\"sharing-whatsapp-196464\" class=\"share-jetpack-whatsapp sd-button\" href=\"https:\/\/www.curierul.ro\/ayatollahul-a-murit-ce-urmeaza\/?share=jetpack-whatsapp\" target=\"_blank\" aria-labelledby=\"sharing-whatsapp-196464\"><span id=\"sharing-whatsapp-196464\" hidden>Partajeaz\u0103 prin WhatsApp(Se deschide \u00eentr-o fereastr\u0103 nou\u0103)<\/span><span>WhatsApp<\/span><\/a><\/li>\n<li><a href=\"https:\/\/www.curierul.ro\/ayatollahul-a-murit-ce-urmeaza\/\" class=\"sharing-anchor sd-button share-more\"><span>Mai mult<\/span><\/a><\/li>\n<li class=\"share-end\"><\/ul>\n<div class=\"sharing-hidden\">\n<div class=\"inner\">\n<ul>\n<li class=\"share-email\"><a rel=\"nofollow noopener noreferrer\" data-shared=\"sharing-email-196464\" class=\"share-email sd-button\" href=\"mailto:?subject=%5BArticol%20partajat%5D%20Ayatollahul%20a%20murit%2C%20ce%20urmeaz%C4%83%3F&amp;body=https%3A%2F%2Fwww.curierul.ro%2Fayatollahul-a-murit-ce-urmeaza%2F&amp;share=email\" target=\"_blank\" aria-labelledby=\"sharing-email-196464\" data-email-share-error-title=\"\u021ai-ai configurat emailul?\" data-email-share-error-text=\"Dac\u0103 ai probleme la partajarea prin email, probabil nu ai configurat emailul pentru navigator. Poate trebuie s\u0103 creezi singur un email nou.\" data-email-share-nonce=\"d0b6b5c63b\" data-email-share-track-url=\"https:\/\/www.curierul.ro\/ayatollahul-a-murit-ce-urmeaza\/?share=email\"><span id=\"sharing-email-196464\" hidden>Trimite unui prieten un email cu o leg\u0103tur\u0103(Se deschide \u00eentr-o fereastr\u0103 nou\u0103)<\/span><span>Email<\/span><\/a><\/li>\n<li class=\"share-print\"><a rel=\"nofollow noopener noreferrer\" data-shared=\"sharing-print-196464\" class=\"share-print sd-button\" href=\"https:\/\/www.curierul.ro\/ayatollahul-a-murit-ce-urmeaza\/#print?share=print\" target=\"_blank\" aria-labelledby=\"sharing-print-196464\"><span id=\"sharing-print-196464\" hidden>Imprimare(Se deschide \u00eentr-o fereastr\u0103 nou\u0103)<\/span><span>Imprimare<\/span><\/a><\/li>\n<li class=\"share-end\"><\/ul>\n<\/div>\n<\/div>\n<\/div>\n<\/div>\n<\/div>\n<div id=\"jp-relatedposts\" class=\"jp-relatedposts\">\n<h3 class=\"jp-relatedposts-headline\"><em>Similare<\/em><\/h3>\n<\/div>\n<footer class=\"post-footer\">\n<p class=\"tags\"><strong>Tags: <\/strong><a href=\"https:\/\/www.curierul.ro\/tag\/a-murit\/\" rel=\"tag\">a murit<\/a>, <a href=\"https:\/\/www.curierul.ro\/tag\/ayatollahul\/\" rel=\"tag\">Ayatollahul<\/a>, <a href=\"https:\/\/www.curierul.ro\/tag\/marius-carbunescu-2\/\" rel=\"tag\">Marius Carbunescu<\/a>, <a href=\"https:\/\/www.curierul.ro\/tag\/urmeaza\/\" rel=\"tag\">urmeaz\u0103<\/a><\/p>\n<div class=\"post-navigation clearfix\">\n<div class=\"previous-post\">\n<div class=\"featured-photo\"><img loading=\"lazy\" decoding=\"async\" width=\"800\" height=\"445\" src=\"https:\/\/i0.wp.com\/www.curierul.ro\/wp-content\/uploads\/2024\/04\/AJOFM-locuri-de-munca.jpg?fit=300%2C167&amp;ssl=1\" class=\"attachment-post-thumbnail size-post-thumbnail wp-post-image\" alt><\/div>\n<p class=\"paginate-title\">\u00ab\u00ab <a href=\"https:\/\/www.curierul.ro\/141-locuri-de-munca-vacante-in-judetul-valcea\/\" rel=\"prev\">141 locuri de munc\u0103 vacante \u00een jude\u021bul V\u00e2lcea<\/a><\/p>\n<\/div>\n<div class=\"next-post\">\n<div class=\"featured-photo\"><img decoding=\"async\" width=\"1825\" height=\"1369\" src=\"https:\/\/i0.wp.com\/www.curierul.ro\/wp-content\/uploads\/2026\/03\/Chimcomplex-Sucursala-Rm.-Valcea.jpg?fit=300%2C225&amp;ssl=1\" class=\"attachment-post-thumbnail size-post-thumbnail wp-post-image\" alt loading=\"lazy\"><\/div>\n<p class=\"paginate-title\"><a href=\"https:\/\/www.curierul.ro\/se-cutremura-platforma-chimica-chimcomplex-va-da-afara-1200-de-angajati\/\" rel=\"next\">Se cutremur\u0103 platforma chimic\u0103! Chimcomplex va da afara 1200 de angaja\u021bi<\/a> \u00bb\u00bb<\/p>\n<\/div>\n<\/div>\n<div id=\"comments\" class=\"comments-area\">\n<div id=\"respond\" class=\"comment-respond\">\n<h3 id=\"reply-title\" class=\"comment-reply-title\">Po\u021bi comenta aici<small><a rel=\"nofollow\" id=\"cancel-comment-reply-link\" href=\"https:\/\/www.curierul.ro\/ayatollahul-a-murit-ce-urmeaza\/#respond\">Anuleaz\u0103 r\u0103spunsul<\/a><\/small><\/h3>\n<\/div>\n<p class=\"akismet_comment_form_privacy_notice\">Acest site folose\u0219te Akismet pentru a reduce spamul. <a href=\"https:\/\/akismet.com\/privacy\/\" target=\"_blank\" rel=\"nofollow noopener\">Afl\u0103 cum sunt procesate datele comentariilor tale<\/a>.<\/p>\n<\/div>\n<section class=\"latest-category clearfix\">\n<h2 class=\"title\">More Stories From Fraze<\/h2>\n<div class=\"stories-container\">\n<article id=\"related-196413\" class=\"story post-196413 post type-post status-publish format-standard has-post-thumbnail hentry category-actualitate category-fraze tag-criza tag-demografica tag-marius-carbunescu-2\">\n<div class=\"photo\"><img decoding=\"async\" width=\"530\" height=\"213\" src=\"https:\/\/i0.wp.com\/www.curierul.ro\/wp-content\/uploads\/2022\/08\/MARIUS-CARBUNESCU.jpg?fit=300%2C121&amp;ssl=1\" class=\"attachment-giornalismo-single size-giornalismo-single wp-post-image\" alt loading=\"lazy\"><\/div>\n<p class=\"headline\"><a href=\"https:\/\/www.curierul.ro\/criza-demografica\/\">Criza demografic\u0103<\/a><\/p>\n<\/article>\n<article id=\"related-196347\" class=\"story post-196347 post type-post status-publish format-standard has-post-thumbnail hentry category-actualitate category-fraze tag-marius-carbunescu-2 tag-una-calda tag-una-rece\">\n<div class=\"photo\"><img decoding=\"async\" width=\"530\" height=\"213\" src=\"https:\/\/i0.wp.com\/www.curierul.ro\/wp-content\/uploads\/2022\/08\/MARIUS-CARBUNESCU.jpg?fit=300%2C121&amp;ssl=1\" class=\"attachment-giornalismo-single size-giornalismo-single wp-post-image\" alt loading=\"lazy\"><\/div>\n<p class=\"headline\"><a href=\"https:\/\/www.curierul.ro\/una-calda-alta-rece-in-economie\/\">Una cald\u0103, alta rece \u00een economie<\/a><\/p>\n<\/article>\n<article id=\"related-196270\" class=\"story post-196270 post type-post status-publish format-standard has-post-thumbnail hentry category-actualitate category-fraze tag-marius-carbunescu-2 tag-moralisti\">\n<div class=\"photo\"><img decoding=\"async\" width=\"530\" height=\"213\" src=\"https:\/\/i0.wp.com\/www.curierul.ro\/wp-content\/uploads\/2022\/08\/MARIUS-CARBUNESCU.jpg?fit=300%2C121&amp;ssl=1\" class=\"attachment-giornalismo-single size-giornalismo-single wp-post-image\" alt loading=\"lazy\"><\/div>\n<p class=\"headline\"><a href=\"https:\/\/www.curierul.ro\/lupii-moralisti\/\">Lupii morali\u0219ti<\/a><\/p>\n<\/article>\n<\/div>\n<\/section>\n<section class=\"author-bio clearfix\">\n<div class=\"mug-shot\"><img decoding=\"async\" alt src=\"https:\/\/secure.gravatar.com\/avatar\/ba482057c6d1bda67708f17163429f2327c04ac56e0ade26a8da99f105efef18?s=96&amp;d=mm&amp;r=g\" class=\"avatar avatar-96 photo\" height=\"96\" width=\"96\" loading=\"lazy\"><\/div>\n<div class=\"author-info\">\n<p class=\"title\">About Carbunescu Marius, <\/p>\n<div class=\"author-social-area\"><a href=\"mailto:marius.carbunescu@gmail.com\"><span class=\"fal fa-envelope\"><span class=\"screen-reader-text\">Email the Author<\/span><\/span><\/a><\/div>\n<\/div>\n<\/section>\n<\/footer>\n<\/article>\n<article id=\"196464\" class=\"post-196464 post type-post status-publish format-standard has-post-thumbnail hentry category-fraze tag-a-murit tag-ayatollahul tag-marius-carbunescu-2 tag-urmeaza\">\n<header class=\"post-header\">\n<ul class=\"breadcrumbs\">\n<li><a href=\"https:\/\/www.curierul.ro\">Home<\/a><\/li>\n<li class=\"breadcrumbs-active .category-fraze\"><a href=\"https:\/\/www.curierul.ro\/index.php?cat=52\">Fraze<\/a><\/li>\n<li class=\"breadcrumbs-active .category-fraze\">Ayatollahul a murit, ce urmeaz\u0103?<\/li>\n<\/ul>\n<div class=\"featured-photo\"><img loading=\"lazy\" decoding=\"async\" width=\"530\" height=\"213\" src=\"https:\/\/i0.wp.com\/www.curierul.ro\/wp-content\/uploads\/2022\/08\/MARIUS-CARBUNESCU.jpg?fit=300%2C121&amp;ssl=1\" class=\"attachment-single size-single wp-post-image\" alt><\/div>\n<h1 class=\"headline\">Ayatollahul a murit, ce urmeaz\u0103?<\/h1>\n<p class=\"byline\">\n\t\tScris de<a href=\"https:\/\/www.curierul.ro\/author\/marius-carbunescu\/\">Carbunescu Marius<\/a>, \t\t2 martie 2026\t\t\t\t<\/p>\n<hr>\n<\/header>\n<p>Regimul politic de la Teheran trebuie s\u0103 dispar\u0103, asta e clar. Dictatura ayatollahilor a produs mult\u0103 suferin\u021b\u0103 acestui popor. Fundamentalismul islamic a transformat Iranul \u00eentr-un stat feudal \u00een care drepturile femeilor erau c\u0103lcate \u00een picioare. Drepturile persoanelor de alt\u0103 religie, a\u0219i\u0219derea. \u00cen Iran tr\u0103iesc adep\u021bii uneia dintre cele mai vechi religii din lume \u2013 zoroastrienii \u2013 iar cartea Danielei Zeca Buzura, Omar cel orb, prezint\u0103 minunat membrii acestei comunit\u0103\u021bi \u0219i chinurile lor pentru a-\u0219i p\u0103stra credin\u021ba. Drepturile tuturor iranienilor p\u00e2n\u0103 la urm\u0103 sunt \u00eenc\u0103lcate, s-a v\u0103zut asta la revolta \u00eenecat\u0103 \u00een s\u00e2nge de la sf\u00e2r\u0219itul anului trecut. Visurile de libertate s-au n\u0103ruit sub bocancii gardienilor revolu\u021biei. S\u0103 fi fost 20.000-30.000 de mor\u021bi, nici nu se mai \u0219tie, regimul ar fi sacrificat oric\u00e2\u021bi iranieni pentru a se men\u021bine la putere. Dac\u0103 nu s-a reu\u0219it prin mijloace interne, a fost clar atunci c\u0103 o schimbare ar putea interveni doar printr-o interven\u021bie extern\u0103.<\/p>\n<p>Asta justific\u0103 interven\u021bia militar\u0103 a Statelor Unite \u00eentr-o mai mare m\u0103sur\u0103 dec\u00e2t dezvoltarea programului nuclear iranian. Se va dovedi la sf\u00e2r\u0219itul r\u0103zboiului c\u0103 nu a fost nici pe departe at\u00e2t de avansat. Ne amintim de armele chimice care au constituit pretextul ac\u021biunii \u201dFurtun\u0103 \u00een de\u0219ert\u201d din urm\u0103 cu 30 de ani, dar nu au fost g\u0103site niciodat\u0103 \u00een Irak. Scenariul de acum pare identic cu r\u0103sturnarea lui Saddam Hussein. \u0218i atunci Israelul a fost prins \u00een lupte.<\/p>\n<p>A\u0219adar declan\u0219area ostilit\u0103\u021bilor de c\u0103tre Statele Unite este justificat\u0103 mai ales din punct de vedere moral. Ori aici este o problem\u0103. Nu te po\u021bi a\u0219tepta la gesturi morale din partea unui tip amoral. Dac\u0103 americanii aveau un alt pre\u0219edinte, mai era cum mai era, nu m-a\u0219 fi sinchisit de acest subiect. Dar s\u0103 la\u0219i un piroman s\u0103 se joace cu focul produce fiori \u00een orice col\u021b al lumii. Nu mai vorbesc de faptul c\u0103 avem doi. Nu-i exclus ca piromanul de la Casa Alb\u0103 s\u0103 fi ajuns la o \u00een\u021belegere cu piromanul de la Kremlin. \u00cei une\u0219te pasiunea de a incendia \u021b\u0103ri.<\/p>\n<p>\u00cen aceste condi\u021bii, parc\u0103 mi-a\u0219 dori ca Iranul s\u0103 reziste pu\u021bin mai mult, ca satisfac\u021bia s\u0103 nu fie total\u0103 la Mar-a-Lago. O victorie lejer\u0103 ca \u00een Venezuela ar exacerba tendin\u021bele expansioniste ale lui Trump. Ce ar veni la r\u00e2nd? Ca la metrou. Urmeaz\u0103 Cuba, se preg\u0103te\u0219te Groenlanda, cu portavionul pe partea dreapt\u0103. Nu e greu de ghicit c\u0103 succesele militare, dac\u0103 cele economice se las\u0103 \u00eenc\u0103 a\u0219teptate, \u00eel umfl\u0103 \u00een pene \u0219i \u00eei hr\u0103nesc egoul. Tendin\u021bele de megaloman se v\u0103d din spa\u021biu.<\/p>\n<p>\u0218i mai e o chestie. Probabil c\u0103 respectarea drepturilor \u0219i libert\u0103\u021bilor cet\u0103\u021bene\u0219ti n-ar fi constituit o problem\u0103 pentru bossul de la Casa Alb\u0103 dac\u0103 at\u00e2t Iranul, c\u00e2t \u0219i Venezuela, n-ar dispune de rezerve uria\u0219e de petrol. Factorul economic primeaz\u0103, la fel ca \u00een cazul altora cu metalele rare. F\u0103r\u0103 resurse, regimurile autoritare din cele dou\u0103 \u021b\u0103ri ar fi supravie\u021buit bine mersi. Se vede asta \u00een Coreea de Nord, o alt\u0103 \u021bar\u0103 cu guvernare despotic\u0103, unde Trump a efectuat chiar o vizit\u0103 oficial\u0103 \u00een trecutul mandat. Dublul standard se practic\u0103 \u00een cancelariile occidentale, nu reprezint\u0103 o noutate.<\/p>\n<div class=\"sharedaddy sd-sharing-enabled\">\n<div class=\"robots-nocontent sd-block sd-social sd-social-official sd-sharing\">\n<h3 class=\"sd-title\">Distribuie pe:<\/h3>\n<div class=\"sd-content\">\n<ul>\n<li class=\"share-facebook\">\n<li class=\"share-twitter\"><a href=\"https:\/\/twitter.com\/share\" class=\"twitter-share-button\" data-url=\"https:\/\/www.curierul.ro\/ayatollahul-a-murit-ce-urmeaza\/\" data-text=\"Ayatollahul a murit, ce urmeaz\u0103?\" data-via=\"curierulvl\">Tweet<\/a><\/li>\n<li class=\"share-jetpack-whatsapp\"><a rel=\"nofollow noopener noreferrer\" data-shared=\"sharing-whatsapp-196464\" class=\"share-jetpack-whatsapp sd-button\" href=\"https:\/\/www.curierul.ro\/ayatollahul-a-murit-ce-urmeaza\/?share=jetpack-whatsapp\" target=\"_blank\" aria-labelledby=\"sharing-whatsapp-196464\"><span id=\"sharing-whatsapp-196464\" hidden>Partajeaz\u0103 prin WhatsApp(Se deschide \u00eentr-o fereastr\u0103 nou\u0103)<\/span><span>WhatsApp<\/span><\/a><\/li>\n<li><a href=\"https:\/\/www.curierul.ro\/ayatollahul-a-murit-ce-urmeaza\/\" class=\"sharing-anchor sd-button share-more\"><span>Mai mult<\/span><\/a><\/li>\n<li class=\"share-end\"><\/ul>\n<div class=\"sharing-hidden\">\n<div class=\"inner\">\n<ul>\n<li class=\"share-email\"><a rel=\"nofollow noopener noreferrer\" data-shared=\"sharing-email-196464\" class=\"share-email sd-button\" href=\"mailto:?subject=%5BArticol%20partajat%5D%20Ayatollahul%20a%20murit%2C%20ce%20urmeaz%C4%83%3F&amp;body=https%3A%2F%2Fwww.curierul.ro%2Fayatollahul-a-murit-ce-urmeaza%2F&amp;share=email\" target=\"_blank\" aria-labelledby=\"sharing-email-196464\" data-email-share-error-title=\"\u021ai-ai configurat emailul?\" data-email-share-error-text=\"Dac\u0103 ai probleme la partajarea prin email, probabil nu ai configurat emailul pentru navigator. Poate trebuie s\u0103 creezi singur un email nou.\" data-email-share-nonce=\"d0b6b5c63b\" data-email-share-track-url=\"https:\/\/www.curierul.ro\/ayatollahul-a-murit-ce-urmeaza\/?share=email\"><span id=\"sharing-email-196464\" hidden>Trimite unui prieten un email cu o leg\u0103tur\u0103(Se deschide \u00eentr-o fereastr\u0103 nou\u0103)<\/span><span>Email<\/span><\/a><\/li>\n<li class=\"share-print\"><a rel=\"nofollow noopener noreferrer\" data-shared=\"sharing-print-196464\" class=\"share-print sd-button\" href=\"https:\/\/www.curierul.ro\/ayatollahul-a-murit-ce-urmeaza\/#print?share=print\" target=\"_blank\" aria-labelledby=\"sharing-print-196464\"><span id=\"sharing-print-196464\" hidden>Imprimare(Se deschide \u00eentr-o fereastr\u0103 nou\u0103)<\/span><span>Imprimare<\/span><\/a><\/li>\n<li class=\"share-end\"><\/ul>\n<\/div>\n<\/div>\n<\/div>\n<\/div>\n<\/div>\n<div id=\"jp-relatedposts\" class=\"jp-relatedposts\">\n<h3 class=\"jp-relatedposts-headline\"><em>Similare<\/em><\/h3>\n<\/div>\n<footer class=\"post-footer\">\n<p class=\"tags\"><strong>Tags: <\/strong><a href=\"https:\/\/www.curierul.ro\/tag\/a-murit\/\" rel=\"tag\">a murit<\/a>, <a href=\"https:\/\/www.curierul.ro\/tag\/ayatollahul\/\" rel=\"tag\">Ayatollahul<\/a>, <a href=\"https:\/\/www.curierul.ro\/tag\/marius-carbunescu-2\/\" rel=\"tag\">Marius Carbunescu<\/a>, <a href=\"https:\/\/www.curierul.ro\/tag\/urmeaza\/\" rel=\"tag\">urmeaz\u0103<\/a><\/p>\n<div class=\"post-navigation clearfix\">\n<div class=\"previous-post\">\n<div class=\"featured-photo\"><img loading=\"lazy\" decoding=\"async\" width=\"800\" height=\"445\" src=\"https:\/\/i0.wp.com\/www.curierul.ro\/wp-content\/uploads\/2024\/04\/AJOFM-locuri-de-munca.jpg?fit=300%2C167&amp;ssl=1\" class=\"attachment-post-thumbnail size-post-thumbnail wp-post-image\" alt><\/div>\n<p class=\"paginate-title\">\u00ab\u00ab <a href=\"https:\/\/www.curierul.ro\/141-locuri-de-munca-vacante-in-judetul-valcea\/\" rel=\"prev\">141 locuri de munc\u0103 vacante \u00een jude\u021bul V\u00e2lcea<\/a><\/p>\n<\/div>\n<div class=\"next-post\">\n<div class=\"featured-photo\"><img decoding=\"async\" width=\"1825\" height=\"1369\" src=\"https:\/\/i0.wp.com\/www.curierul.ro\/wp-content\/uploads\/2026\/03\/Chimcomplex-Sucursala-Rm.-Valcea.jpg?fit=300%2C225&amp;ssl=1\" class=\"attachment-post-thumbnail size-post-thumbnail wp-post-image\" alt loading=\"lazy\"><\/div>\n<p class=\"paginate-title\"><a href=\"https:\/\/www.curierul.ro\/se-cutremura-platforma-chimica-chimcomplex-va-da-afara-1200-de-angajati\/\" rel=\"next\">Se cutremur\u0103 platforma chimic\u0103! Chimcomplex va da afara 1200 de angaja\u021bi<\/a> \u00bb\u00bb<\/p>\n<\/div>\n<\/div>\n<div id=\"comments\" class=\"comments-area\">\n<div id=\"respond\" class=\"comment-respond\">\n<h3 id=\"reply-title\" class=\"comment-reply-title\">Po\u021bi comenta aici<small><a rel=\"nofollow\" id=\"cancel-comment-reply-link\" href=\"https:\/\/www.curierul.ro\/ayatollahul-a-murit-ce-urmeaza\/#respond\">Anuleaz\u0103 r\u0103spunsul<\/a><\/small><\/h3>\n<\/div>\n<p class=\"akismet_comment_form_privacy_notice\">Acest site folose\u0219te Akismet pentru a reduce spamul. <a href=\"https:\/\/akismet.com\/privacy\/\" target=\"_blank\" rel=\"nofollow noopener\">Afl\u0103 cum sunt procesate datele comentariilor tale<\/a>.<\/p>\n<\/div>\n<section class=\"latest-category clearfix\">\n<h2 class=\"title\">More Stories From Fraze<\/h2>\n<div class=\"stories-container\">\n<article id=\"related-196413\" class=\"story post-196413 post type-post status-publish format-standard has-post-thumbnail hentry category-actualitate category-fraze tag-criza tag-demografica tag-marius-carbunescu-2\">\n<div class=\"photo\"><img decoding=\"async\" width=\"530\" height=\"213\" src=\"https:\/\/i0.wp.com\/www.curierul.ro\/wp-content\/uploads\/2022\/08\/MARIUS-CARBUNESCU.jpg?fit=300%2C121&amp;ssl=1\" class=\"attachment-giornalismo-single size-giornalismo-single wp-post-image\" alt loading=\"lazy\"><\/div>\n<p class=\"headline\"><a href=\"https:\/\/www.curierul.ro\/criza-demografica\/\">Criza demografic\u0103<\/a><\/p>\n<\/article>\n<article id=\"related-196347\" class=\"story post-196347 post type-post status-publish format-standard has-post-thumbnail hentry category-actualitate category-fraze tag-marius-carbunescu-2 tag-una-calda tag-una-rece\">\n<div class=\"photo\"><img decoding=\"async\" width=\"530\" height=\"213\" src=\"https:\/\/i0.wp.com\/www.curierul.ro\/wp-content\/uploads\/2022\/08\/MARIUS-CARBUNESCU.jpg?fit=300%2C121&amp;ssl=1\" class=\"attachment-giornalismo-single size-giornalismo-single wp-post-image\" alt loading=\"lazy\"><\/div>\n<p class=\"headline\"><a href=\"https:\/\/www.curierul.ro\/una-calda-alta-rece-in-economie\/\">Una cald\u0103, alta rece \u00een economie<\/a><\/p>\n<\/article>\n<article id=\"related-196270\" class=\"story post-196270 post type-post status-publish format-standard has-post-thumbnail hentry category-actualitate category-fraze tag-marius-carbunescu-2 tag-moralisti\">\n<div class=\"photo\"><img decoding=\"async\" width=\"530\" height=\"213\" src=\"https:\/\/i0.wp.com\/www.curierul.ro\/wp-content\/uploads\/2022\/08\/MARIUS-CARBUNESCU.jpg?fit=300%2C121&amp;ssl=1\" class=\"attachment-giornalismo-single size-giornalismo-single wp-post-image\" alt loading=\"lazy\"><\/div>\n<p class=\"headline\"><a href=\"https:\/\/www.curierul.ro\/lupii-moralisti\/\">Lupii morali\u0219ti<\/a><\/p>\n<\/article>\n<\/div>\n<\/section>\n<section class=\"author-bio clearfix\">\n<div class=\"mug-shot\"><img decoding=\"async\" alt src=\"https:\/\/secure.gravatar.com\/avatar\/ba482057c6d1bda67708f17163429f2327c04ac56e0ade26a8da99f105efef18?s=96&amp;d=mm&amp;r=g\" class=\"avatar avatar-96 photo\" height=\"96\" width=\"96\" loading=\"lazy\"><\/div>\n<div class=\"author-info\">\n<p class=\"title\">About Carbunescu Marius, <\/p>\n<div class=\"author-social-area\"><a href=\"mailto:marius.carbunescu@gmail.com\"><span class=\"fal fa-envelope\"><span class=\"screen-reader-text\">Email the Author<\/span><\/span><\/a><\/div>\n<\/div>\n<\/section>\n<\/footer>\n<\/article>\n<article id=\"related-196413\" class=\"story post-196413 post type-post status-publish format-standard has-post-thumbnail hentry category-actualitate category-fraze tag-criza tag-demografica tag-marius-carbunescu-2\">\n<div class=\"photo\"><img decoding=\"async\" width=\"530\" height=\"213\" src=\"https:\/\/i0.wp.com\/www.curierul.ro\/wp-content\/uploads\/2022\/08\/MARIUS-CARBUNESCU.jpg?fit=300%2C121&amp;ssl=1\" class=\"attachment-giornalismo-single size-giornalismo-single wp-post-image\" alt loading=\"lazy\"><\/div>\n<p class=\"headline\"><a href=\"https:\/\/www.curierul.ro\/criza-demografica\/\">Criza demografic\u0103<\/a><\/p>\n<\/article>\n<article id=\"related-196347\" class=\"story post-196347 post type-post status-publish format-standard has-post-thumbnail hentry category-actualitate category-fraze tag-marius-carbunescu-2 tag-una-calda tag-una-rece\">\n<div class=\"photo\"><img decoding=\"async\" width=\"530\" height=\"213\" src=\"https:\/\/i0.wp.com\/www.curierul.ro\/wp-content\/uploads\/2022\/08\/MARIUS-CARBUNESCU.jpg?fit=300%2C121&amp;ssl=1\" class=\"attachment-giornalismo-single size-giornalismo-single wp-post-image\" alt loading=\"lazy\"><\/div>\n<p class=\"headline\"><a href=\"https:\/\/www.curierul.ro\/una-calda-alta-rece-in-economie\/\">Una cald\u0103, alta rece \u00een economie<\/a><\/p>\n<\/article>\n<article id=\"related-196270\" class=\"story post-196270 post type-post status-publish format-standard has-post-thumbnail hentry category-actualitate category-fraze tag-marius-carbunescu-2 tag-moralisti\">\n<div class=\"photo\"><img decoding=\"async\" width=\"530\" height=\"213\" src=\"https:\/\/i0.wp.com\/www.curierul.ro\/wp-content\/uploads\/2022\/08\/MARIUS-CARBUNESCU.jpg?fit=300%2C121&amp;ssl=1\" class=\"attachment-giornalismo-single size-giornalismo-single wp-post-image\" alt loading=\"lazy\"><\/div>\n<p class=\"headline\"><a href=\"https:\/\/www.curierul.ro\/lupii-moralisti\/\">Lupii morali\u0219ti<\/a><\/p>\n<\/article>\n<p>[analyse_source url=&#8221;https:\/\/www.curierul.ro\/ayatollahul-a-murit-ce-urmeaza\/&#8221;]<\/p>\n","protected":false},"excerpt":{"rendered":"<p>[analyse_image type=&#8221;featured&#8221; src=&#8221;https:\/\/www.curierul.ro\/wp-content\/uploads\/2022\/08\/MARIUS-CARBUNESCU.jpghttps:\/\/i0.wp.com\/www.curierul.ro\/wp-content\/uploads\/2022\/08\/MARIUS-CARBUNESCU.jpg?fit=530%2C213&amp;ssl=1&#8243;] Home Fraze Ayatollahul a murit, ce urmeaz\u0103? Ayatollahul a murit, ce urmeaz\u0103? Scris deCarbunescu Marius, 2 martie 2026 Regimul politic de la Teheran trebuie s\u0103 dispar\u0103, asta e clar. Dictatura ayatollahilor a produs mult\u0103 suferin\u021b\u0103 acestui popor. Fundamentalismul islamic a transformat Iranul \u00eentr-un stat feudal \u00een care drepturile femeilor erau c\u0103lcate \u00een [&hellip;]<\/p>\n","protected":false},"author":1,"featured_media":0,"comment_status":"open","ping_status":"","sticky":false,"template":"","format":"standard","meta":{"footnotes":""},"categories":[89],"tags":[226,213],"class_list":["post-1813963","post","type-post","status-publish","format-standard","hentry","category-romania","tag-crawlmanager","tag-curierul-ro"],"_links":{"self":[{"href":"https:\/\/analyse.optim.biz\/index.php?rest_route=\/wp\/v2\/posts\/1813963","targetHints":{"allow":["GET"]}}],"collection":[{"href":"https:\/\/analyse.optim.biz\/index.php?rest_route=\/wp\/v2\/posts"}],"about":[{"href":"https:\/\/analyse.optim.biz\/index.php?rest_route=\/wp\/v2\/types\/post"}],"author":[{"embeddable":true,"href":"https:\/\/analyse.optim.biz\/index.php?rest_route=\/wp\/v2\/users\/1"}],"replies":[{"embeddable":true,"href":"https:\/\/analyse.optim.biz\/index.php?rest_route=%2Fwp%2Fv2%2Fcomments&post=1813963"}],"version-history":[{"count":0,"href":"https:\/\/analyse.optim.biz\/index.php?rest_route=\/wp\/v2\/posts\/1813963\/revisions"}],"wp:attachment":[{"href":"https:\/\/analyse.optim.biz\/index.php?rest_route=%2Fwp%2Fv2%2Fmedia&parent=1813963"}],"wp:term":[{"taxonomy":"category","embeddable":true,"href":"https:\/\/analyse.optim.biz\/index.php?rest_route=%2Fwp%2Fv2%2Fcategories&post=1813963"},{"taxonomy":"post_tag","embeddable":true,"href":"https:\/\/analyse.optim.biz\/index.php?rest_route=%2Fwp%2Fv2%2Ftags&post=1813963"}],"curies":[{"name":"wp","href":"https:\/\/api.w.org\/{rel}","templated":true}]}}