{"id":181392,"date":"2015-05-20T13:24:54","date_gmt":"2015-05-20T10:24:54","guid":{"rendered":"https:\/\/analyse.optim.biz\/?p=181392"},"modified":"2015-05-20T13:24:54","modified_gmt":"2015-05-20T10:24:54","slug":"contre-pe-tema-reducerii-taxelor","status":"publish","type":"post","link":"https:\/\/analyse.optim.biz\/?p=181392","title":{"rendered":"Contre pe tema reducerii taxelor"},"content":{"rendered":"<div class=\"entry data-app-meta data-app-meta-article\" data-embed-base-url-canonical=\"https:\/\/www.digi24.ro\/embed\/stiri\/actualitate\/politica\/contre-pe-tema-reducerii-taxelor-393714\">\n<p data-index=\"1\">Parlamentarii PNL spun c\u0103 delega\u0163ia Fondului a cerut imperios s\u0103 nu se voteze noul Cod fiscal, care prevede inclusiv reducerea TVA. De cealalt\u0103 parte, reprezentan\u0163ii puterii sus\u0163in c\u0103 oficialii Fondului Monetar vor s\u0103 se asigure doar c\u0103 reducerile de taxe vor putea fi acoperite cu fonduri din alte surse.<\/p>\n<p data-index=\"2\">\u201e<span>Reprezenta\u0163ii FMI \u015fi ai CE ne-au rugat \u00een mod disperat s\u0103 nu adopt\u0103m Codul fiscal propus de Victor Ponta pentru c\u0103 aceste m\u0103suri de relaxare fiscale nu sunt preg\u0103tite bine, nu sunt sustenabile \u015fi pot s\u0103 aduc\u0103 mult r\u0103u Rom\u00e2niei\u201d, a declarat deputatul Gheorghe Ialomi\u0163ianu. <\/span><\/p>\n<p data-index=\"3\">\u201e<span><strong>Nu vre\u0163i s\u0103 vorbim despre care sunt \u00eengrijor\u0103rile FMI \u015fi ale Guvernului \u015fi s\u0103 nu invent\u0103m scenarii inexistente?<\/strong> FMI, la ultima vizit\u0103 din iarn\u0103 a l\u0103sat ca recomandare Guvernului Rom\u00e2niei s\u0103 prezinte un proiect de reform\u0103 fiscal\u0103 iar acum Guvernul a prezentat Parlamentului dou\u0103 proiecte. Asupra acestei chestiuni este unanimitate, g\u00e2nd la g\u00e2nd cu bucurie, Putere-Opozi\u0163ie-FMI-Banca Mondial\u0103. Toat\u0103 lumea \u00ee\u015fi dore\u015fte aceste lucruri. De unde vine aceast\u0103 \u00eengrijorare a domniilor lor: vine de la dorin\u0163a c\u0103 \u00een paralel cu m\u0103surile de relaxare s\u0103 se implementeze \u015fi m\u0103suri de compensare a eventualelor diminu\u0103ri de venituri din aplicarea relax\u0103rii fiscale\u201d, a declarat Viorel \u015etefan, pre\u015fedintele Comisiei de Buget, Camera Deputa\u0163ilor.<\/span><\/p>\n<\/div>\n<p> Source URL: https:\/\/www.digi24.ro\/stiri\/actualitate\/politica\/contre-pe-tema-reducerii-taxelor-393714<\/p>\n","protected":false},"excerpt":{"rendered":"<p>Parlamentarii PNL spun c\u0103 delega\u0163ia Fondului a cerut imperios s\u0103 nu se voteze noul Cod fiscal, care prevede inclusiv reducerea TVA. De cealalt\u0103 parte, reprezentan\u0163ii puterii sus\u0163in c\u0103 oficialii Fondului Monetar vor s\u0103 se asigure doar c\u0103 reducerile de taxe vor putea fi acoperite cu fonduri din alte surse. \u201eReprezenta\u0163ii FMI \u015fi ai CE ne-au [&hellip;]<\/p>\n","protected":false},"author":1,"featured_media":181393,"comment_status":"open","ping_status":"","sticky":false,"template":"","format":"standard","meta":{"footnotes":""},"categories":[2],"tags":[11],"class_list":["post-181392","post","type-post","status-publish","format-standard","has-post-thumbnail","hentry","category-politics","tag-digi24"],"_links":{"self":[{"href":"https:\/\/analyse.optim.biz\/index.php?rest_route=\/wp\/v2\/posts\/181392","targetHints":{"allow":["GET"]}}],"collection":[{"href":"https:\/\/analyse.optim.biz\/index.php?rest_route=\/wp\/v2\/posts"}],"about":[{"href":"https:\/\/analyse.optim.biz\/index.php?rest_route=\/wp\/v2\/types\/post"}],"author":[{"embeddable":true,"href":"https:\/\/analyse.optim.biz\/index.php?rest_route=\/wp\/v2\/users\/1"}],"replies":[{"embeddable":true,"href":"https:\/\/analyse.optim.biz\/index.php?rest_route=%2Fwp%2Fv2%2Fcomments&post=181392"}],"version-history":[{"count":0,"href":"https:\/\/analyse.optim.biz\/index.php?rest_route=\/wp\/v2\/posts\/181392\/revisions"}],"wp:featuredmedia":[{"embeddable":true,"href":"https:\/\/analyse.optim.biz\/index.php?rest_route=\/wp\/v2\/media\/181393"}],"wp:attachment":[{"href":"https:\/\/analyse.optim.biz\/index.php?rest_route=%2Fwp%2Fv2%2Fmedia&parent=181392"}],"wp:term":[{"taxonomy":"category","embeddable":true,"href":"https:\/\/analyse.optim.biz\/index.php?rest_route=%2Fwp%2Fv2%2Fcategories&post=181392"},{"taxonomy":"post_tag","embeddable":true,"href":"https:\/\/analyse.optim.biz\/index.php?rest_route=%2Fwp%2Fv2%2Ftags&post=181392"}],"curies":[{"name":"wp","href":"https:\/\/api.w.org\/{rel}","templated":true}]}}