{"id":181381,"date":"2015-05-20T15:03:08","date_gmt":"2015-05-20T12:03:08","guid":{"rendered":"https:\/\/analyse.optim.biz\/?p=181381"},"modified":"2015-05-20T15:03:08","modified_gmt":"2015-05-20T12:03:08","slug":"premierul-victor-ponta-merge-joi-la-chisinau","status":"publish","type":"post","link":"https:\/\/analyse.optim.biz\/?p=181381","title":{"rendered":"Premierul Victor Ponta merge joi la Chi\u0219in\u0103u"},"content":{"rendered":"<div class=\"entry data-app-meta data-app-meta-article\" data-embed-base-url-canonical=\"https:\/\/www.digi24.ro\/embed\/stiri\/actualitate\/politica\/premierul-victor-ponta-merge-joi-la-chisinau-393803\">\n<p data-index=\"1\">Cum pre\u0219edintele Klaus Iohannis s-a pl\u00e2ns c\u0103 nu fusese informat despre ultima deplasare extern\u0103 a lui Victor Ponta &#8211; turneul din Golf &#8211; <strong>premierul a men\u021bionat c\u0103 a vorbit cu pre\u0219edintele despre vizita de la Chi\u0219in\u0103u, iar \u0219eful statului urmeaz\u0103 s\u0103 reprezinte Rom\u00e2nia la summitul de la Vilnius.<\/strong><\/p>\n<p data-index=\"2\">\u201eM\u00e2ine diminea\u021b\u0103 o s\u0103 m\u0103 v\u0103d la Chi\u0219in\u0103u cu premierul Moldovei, \u00eempreun\u0103 cu dl Tudose (Mihai Tudose, ministrul economiei \u2013 n.r.), cu proiectele de la energie, cu proiectele de la educa\u021bie, proiectele pe care le avem \u00een lucru \u0219i cu un semnal foarte clar c\u0103 Rom\u00e2nia, \u00een ansamblul s\u0103u, \u2013 am vorbit \u0219i cu pre\u0219edintele, va merge la Vilnius \u2013 sus\u021bine necondi\u021bionat parcursul proeuropean al Moldovei\u201d, a declarat Victor Ponta.<\/p>\n<p data-index=\"3\">El a cerut mini\u0219trilor care au \u00een derulare proiecte cu Republica Moldova s\u0103-i prezinte un bilan\u021b \u0219i a subliniat c\u0103 vrea ca Rom\u00e2nia s\u0103 r\u0103m\u00e2n\u0103 \u201ecel mai serios \u0219i mai important partener al Moldovei\u201d. Aceast\u0103 sus\u021binere nu este doar \u201edin vorbe\u201d, ci se materializeaz\u0103 \u00een investi\u021bii, sus\u021bine Victor Ponta:<\/p>\n<p data-index=\"4\">\u201eVreau s\u0103 v\u0103 rog pe to\u021bi mini\u0219trii care au derulat proiecte anul trecut \u0219i acum s-au mai \u00eencetinit, c\u0103 au fost schimb\u0103rile politice de la Chi\u0219in\u0103u s\u0103 \u00eemi spune\u021bi exact \u00een ce stadiu sunte\u021bi \u0219i noi s\u0103 fim \u00een continuare, cum am fost \u0219i \u00een 2014, cel mai serios \u0219i mai important partener al Moldovei. Cei care am venit \u0219i cu banii, adic\u0103, nu doar cu sus\u021bineri din vorbe \u0219i cei care am investit bani acolo, bani ai contribuabilului rom\u00e2n, pentru un lucru \u00een care cred c\u0103 merit\u0103 \u0219i care \u021bine de obliga\u021bia noastr\u0103\u201d, a spus prim-ministrul.<\/p>\n<p data-index=\"5\">Citi\u021bi \u0219i:<\/p>\n<h5><a href=\"https:\/\/www.digi24.ro\/Stiri\/Digi24\/Extern\/Europa\/DAN+DUNGACIU+SITUATIE+MOLDOVA+STRATEGIE+ROMANIA\" target=\"_blank\" data-skip-linkfix=\"1\" rel=\"noopener\">Tensiune, proteste \u0219i pesimism \u00een R. Moldova. Dan Dungaciu: Girarea elitei politice de la Chi\u0219in\u0103u, strategie de evitat pentru Bucure\u0219ti<\/a><\/h5>\n<h5><span><a href=\"https:\/\/www.digi24.ro\/Stiri\/Digi24\/Actualitate\/Justitie\/Laura+Codruta+Kovesi+se+duce+in+Republica+Moldova+la+invitatia+p\" target=\"_blank\" data-skip-linkfix=\"1\" rel=\"noopener\">Laura Codru\u021ba Kovesi se duce \u00een Republica Moldova, la invita\u021bia premierului Gaburici<\/a><\/span><span>\u00a0<\/span><\/h5>\n<h5><a href=\"https:\/\/www.digi24.ro\/Stiri\/Digi24\/Extern\/Europa\/Scandal+la+Chisinau+Premierul+Chiril+Gaburici+a+recunoscut+ca+nu\" target=\"_blank\" data-skip-linkfix=\"1\" rel=\"noopener\">Scandal la Chi\u015fin\u0103u. Premierul Chiril Gaburici a recunoscut c\u0103 nu a luat bacalaureatul<\/a><\/h5>\n<h5><a href=\"https:\/\/www.digi24.ro\/Stiri\/Digi24\/Extern\/Europa\/Guvern+nou+la+Chisinau+Cabinetul+premierului+Chiril+Gaburici+a+p\" target=\"_blank\" data-skip-linkfix=\"1\" rel=\"noopener\">Guvern nou la Chi\u0219in\u0103u, votat cu ajutorul comuni\u0219tilor. Iurie Leanc\u0103: \u201eNu s-a dorit un guvern majoritar. Acum Voronin conduce parada \u00een R. Moldova!\u201d<\/a><\/h5>\n<h5><span>\u00a0<\/span><a href=\"https:\/\/www.digi24.ro\/Stiri\/Digi24\/Economie\/Stiri\/Republica+Moldova+gaze+Transnistria+gazprom+romania\" target=\"_blank\" data-skip-linkfix=\"1\" rel=\"noopener\">Republica Moldova risc\u0103 s\u0103 r\u0103m\u00e2n\u0103 f\u0103r\u0103 gaze din cauza Transnistriei. Rom\u00e2nia, neputincioas\u0103 \u00een a oferi ajutor<\/a><\/h5>\n<p data-index=\"6\"><span><br \/><\/span><\/p>\n<\/div>\n<p> Source URL: https:\/\/www.digi24.ro\/stiri\/actualitate\/politica\/premierul-victor-ponta-merge-joi-la-chisinau-393803<\/p>\n","protected":false},"excerpt":{"rendered":"<p>Cum pre\u0219edintele Klaus Iohannis s-a pl\u00e2ns c\u0103 nu fusese informat despre ultima deplasare extern\u0103 a lui Victor Ponta &#8211; turneul din Golf &#8211; premierul a men\u021bionat c\u0103 a vorbit cu pre\u0219edintele despre vizita de la Chi\u0219in\u0103u, iar \u0219eful statului urmeaz\u0103 s\u0103 reprezinte Rom\u00e2nia la summitul de la Vilnius. \u201eM\u00e2ine diminea\u021b\u0103 o s\u0103 m\u0103 v\u0103d la [&hellip;]<\/p>\n","protected":false},"author":1,"featured_media":181382,"comment_status":"open","ping_status":"","sticky":false,"template":"","format":"standard","meta":{"footnotes":""},"categories":[2],"tags":[11],"class_list":["post-181381","post","type-post","status-publish","format-standard","has-post-thumbnail","hentry","category-politics","tag-digi24"],"_links":{"self":[{"href":"https:\/\/analyse.optim.biz\/index.php?rest_route=\/wp\/v2\/posts\/181381","targetHints":{"allow":["GET"]}}],"collection":[{"href":"https:\/\/analyse.optim.biz\/index.php?rest_route=\/wp\/v2\/posts"}],"about":[{"href":"https:\/\/analyse.optim.biz\/index.php?rest_route=\/wp\/v2\/types\/post"}],"author":[{"embeddable":true,"href":"https:\/\/analyse.optim.biz\/index.php?rest_route=\/wp\/v2\/users\/1"}],"replies":[{"embeddable":true,"href":"https:\/\/analyse.optim.biz\/index.php?rest_route=%2Fwp%2Fv2%2Fcomments&post=181381"}],"version-history":[{"count":0,"href":"https:\/\/analyse.optim.biz\/index.php?rest_route=\/wp\/v2\/posts\/181381\/revisions"}],"wp:featuredmedia":[{"embeddable":true,"href":"https:\/\/analyse.optim.biz\/index.php?rest_route=\/wp\/v2\/media\/181382"}],"wp:attachment":[{"href":"https:\/\/analyse.optim.biz\/index.php?rest_route=%2Fwp%2Fv2%2Fmedia&parent=181381"}],"wp:term":[{"taxonomy":"category","embeddable":true,"href":"https:\/\/analyse.optim.biz\/index.php?rest_route=%2Fwp%2Fv2%2Fcategories&post=181381"},{"taxonomy":"post_tag","embeddable":true,"href":"https:\/\/analyse.optim.biz\/index.php?rest_route=%2Fwp%2Fv2%2Ftags&post=181381"}],"curies":[{"name":"wp","href":"https:\/\/api.w.org\/{rel}","templated":true}]}}