{"id":1813793,"date":"2026-03-04T20:13:12","date_gmt":"2026-03-04T17:13:12","guid":{"rendered":"https:\/\/analyse.optim.biz\/?p=1813793"},"modified":"2026-03-04T20:13:12","modified_gmt":"2026-03-04T17:13:12","slug":"se-fac-controale-rutiere-pe-a7","status":"publish","type":"post","link":"https:\/\/analyse.optim.biz\/?p=1813793","title":{"rendered":"Se fac controale rutiere pe A7?"},"content":{"rendered":"<p>[analyse_image type=&#8221;featured&#8221; src=&#8221;https:\/\/www.tvbuzau.ro\/wp-content\/uploads\/2026\/03\/sddefault-9.jpghttps:\/\/www.tvbuzau.ro\/wp-content\/uploads\/2026\/03\/sddefault-9.jpg&#8221;]<\/p>\n<div class=\"td-ss-main-content\">\n<article id=\"post-118239\" class=\"post-118239 post type-post status-publish format-video has-post-thumbnail hentry category-actualitate post_format-post-format-video\">\n<div class=\"td-post-header\">\n<ul class=\"td-category\">\n<li class=\"entry-category\"><a href=\"https:\/\/www.tvbuzau.ro\/category\/actualitate\/\">Actualitate<\/a><\/li>\n<\/ul>\n<header class=\"td-post-title\">\n<h1 class=\"entry-title\">Se fac controale rutiere pe A7?<\/h1>\n<div class=\"td-module-meta-info\">\n<div class=\"td-post-author-name\">De c\u0103tre <a href=\"https:\/\/www.tvbuzau.ro\/author\/mihai-vasilescu\/\">TV Buz\u0103u<\/a> &#8211; <\/div>\n<p><span class=\"td-post-date\"><time class=\"entry-date updated td-module-date\" datetime=\"2026-03-04T20:13:12+00:00\">martie 4, 2026<\/time><\/span><\/p>\n<div class=\"td-post-comments\"><a href=\"https:\/\/www.tvbuzau.ro\/se-fac-controale-rutiere-pe-a7\/#respond\">0<\/a><\/div>\n<div class=\"td-post-views\"><span class=\"td-nr-views-118239\">21<\/span><\/div>\n<\/div>\n<\/header>\n<\/div>\n<div class=\"td-post-sharing td-post-sharing-top td-with-like\">\n<div class=\"td-default-sharing\"><a class=\"td-social-sharing-buttons td-social-facebook\" href=\"http:\/\/www.facebook.com\/sharer.php?u=https%3A%2F%2Fwww.tvbuzau.ro%2Fse-fac-controale-rutiere-pe-a7%2F\"><\/p>\n<div class=\"td-social-but-text\">Distribui\u021bi pe Facebook<\/div>\n<p><\/a><a class=\"td-social-sharing-buttons td-social-twitter\" href=\"https:\/\/twitter.com\/intent\/tweet?text=Se+fac+controale+rutiere+pe+A7%3F&amp;url=https%3A%2F%2Fwww.tvbuzau.ro%2Fse-fac-controale-rutiere-pe-a7%2F&amp;via=TV+Buz%C4%83u\"><\/p>\n<div class=\"td-social-but-text\">Distribui\u021bi pe Twitter<\/div>\n<p><\/a><\/div>\n<div class=\"td-classic-sharing\">\n<ul>\n<li class=\"td-classic-facebook\"><iframe frameborder src=\"https:\/\/www.facebook.com\/plugins\/like.php?href=https:\/\/www.tvbuzau.ro\/se-fac-controale-rutiere-pe-a7\/&amp;layout=button_count&amp;show_faces=false&amp;width=105&amp;action=like&amp;colorscheme=light&amp;height=21\"><\/iframe><\/li>\n<li class=\"td-classic-twitter\"><a href=\"https:\/\/twitter.com\/share\" class=\"twitter-share-button\" data-url=\"https:\/\/www.tvbuzau.ro\/se-fac-controale-rutiere-pe-a7\/\" data-text=\"Se fac controale rutiere pe A7?\" data-via data-lang=\"en\">tweet<\/a><\/li>\n<\/ul>\n<\/div>\n<\/div>\n<div class=\"td-post-content\">\n<div class=\"td-featured-image-rec\">\n<div class=\"wpb_video_wrapper\">\n                    <iframe loading=\"lazy\" id=\"td_youtube_player\" width=\"600\" height=\"560\" src=\"https:\/\/www.youtube.com\/embed\/RNBrBfyfFcQ?enablejsapi=1&amp;feature=oembed&amp;wmode=opaque&amp;vq=hd720\" frameborder allowfullscreen><\/iframe><\/p><\/div>\n<\/div>\n<p>Care este r\u0103spusul Poli\u0163iei<br \/>\nCircul\u0163ia pe o autostrad\u0103 este mult mai sigur\u0103 fa\u0163\u0103 de o \u015fosea na\u0163ional\u0103 \u0163in\u00e2nd cont de faptul c\u0103 nu mai exist\u0103 posibilitatea ca un \u015fofer s\u0103 p\u0103trund\u0103 pe cotrasens, una dintre cauzele principale ale accidentelor rutiere grave \u015fi mortale. Totu\u015fi, \u0163in\u00e2d cont de regimul de vitez\u0103 superior, producerea unui accident pe autostrad\u0103 poate avea consecin\u0163e deosebit de grave. O parte dintre poli\u0163i\u015ftii buzoieni au trecut \u00een structura Brig\u0103zii Autostr\u0103zi pentru a lua parte la activit\u0103\u0163ile specifice, pe Autostrada 7.<br \/>\nOamenii legii atrag aten\u0163ia \u00eens\u0103 c\u0103 pe A7 nu exist\u0103 foarte multe refugii unde \u015foferii s\u0103 poat\u0103 fi opri\u0163i de poli\u0163ie. Cu toate acestea supravegherea video \u00eei pote l\u0103sa pe mul\u0163i dintre \u015foferi f\u0103r\u0103 permise, \u015fi f\u0103r\u0103 bani din pricina amenzilor, dac\u0103 \u00eencalc\u0103 regulile de circula\u0163ie.<br \/>\nPoli\u0163i\u015ftii recomand\u0103 \u015foferilor respectarea regulilor de circula\u0163ie atunci c\u00e2nd circul\u0103 pe autostrad\u0103 sau pe orice alt tronson de drum pentru evitarea sanc\u0163iunilor \u015fi a accei-dentelor.<\/p>\n<div class=\"post-views post-118239 entry-meta\"><span class=\"post-views-label\">Post Views: <\/span><span class=\"post-views-count\">237<\/span><\/div>\n<\/div>\n<footer>\n<div class=\"td-post-sharing td-post-sharing-bottom td-with-like\"><span class=\"td-post-share-title\">DISTRIBUI\u021aI<\/span><\/p>\n<div class=\"td-default-sharing\"><a class=\"td-social-sharing-buttons td-social-facebook\" href=\"http:\/\/www.facebook.com\/sharer.php?u=https%3A%2F%2Fwww.tvbuzau.ro%2Fse-fac-controale-rutiere-pe-a7%2F\"><\/p>\n<div class=\"td-social-but-text\">Facebook<\/div>\n<p><\/a><a class=\"td-social-sharing-buttons td-social-twitter\" href=\"https:\/\/twitter.com\/intent\/tweet?text=Se+fac+controale+rutiere+pe+A7%3F&amp;url=https%3A%2F%2Fwww.tvbuzau.ro%2Fse-fac-controale-rutiere-pe-a7%2F&amp;via=TV+Buz%C4%83u\"><\/p>\n<div class=\"td-social-but-text\">Twitter<\/div>\n<p><\/a><\/div>\n<div class=\"td-classic-sharing\">\n<ul>\n<li class=\"td-classic-facebook\"><iframe frameborder src=\"https:\/\/www.facebook.com\/plugins\/like.php?href=https:\/\/www.tvbuzau.ro\/se-fac-controale-rutiere-pe-a7\/&amp;layout=button_count&amp;show_faces=false&amp;width=105&amp;action=like&amp;colorscheme=light&amp;height=21\"><\/iframe><\/li>\n<li class=\"td-classic-twitter\"><a href=\"https:\/\/twitter.com\/share\" class=\"twitter-share-button\" data-url=\"https:\/\/www.tvbuzau.ro\/se-fac-controale-rutiere-pe-a7\/\" data-text=\"Se fac controale rutiere pe A7?\" data-via data-lang=\"en\">tweet<\/a><\/li>\n<\/ul>\n<\/div>\n<\/div>\n<div class=\"td-author-name vcard author\"><span class=\"fn\"><a href=\"https:\/\/www.tvbuzau.ro\/author\/mihai-vasilescu\/\">TV Buz\u0103u<\/a><\/span><\/div>\n<p><span><\/span><span><span><\/span><\/span><span><\/span><\/footer>\n<\/article>\n<div class=\"td_block_wrap td_block_related_posts td_uid_1_69acb78e40240_rand td_with_ajax_pagination td-pb-border-top\" data-td-block-uid=\"td_uid_1_69acb78e40240\">\n<h4 class=\"td-related-title\"><a id=\"td_uid_2_69acb78e456a7\" class=\"td-related-left td-cur-simple-item\" data-td_filter_value data-td_block_id=\"td_uid_1_69acb78e40240\" href=\"https:\/\/www.tvbuzau.ro\/se-fac-controale-rutiere-pe-a7\/\">ARTICOLE SIMILARE<\/a><a id=\"td_uid_3_69acb78e456e0\" class=\"td-related-right\" data-td_filter_value=\"td_related_more_from_author\" data-td_block_id=\"td_uid_1_69acb78e40240\" href=\"https:\/\/www.tvbuzau.ro\/se-fac-controale-rutiere-pe-a7\/\">DE LA ACELA\u0218I AUTOR<\/a><\/h4>\n<div id=\"td_uid_1_69acb78e40240\" class=\"td_block_inner\">\n<div class=\"td-related-row\">\n<div class=\"td-related-span4\">\n<div class=\"td_module_related_posts td-animation-stack td_mod_related_posts\">\n<div class=\"td-module-image\">\n<div class=\"td-module-thumb\"><a href=\"https:\/\/www.tvbuzau.ro\/de-marti-buzoienii-pot-sa-isi-ia-o-parte-din-sumele-impozitelor-inapoi\/\" rel=\"bookmark\" title=\"De mar\u021bi, buzoienii pot s\u0103 \u00ee\u0219i ia o parte din sumele impozitelor \u00eenapoi\"><img loading=\"lazy\" decoding=\"async\" width=\"218\" height=\"150\" class=\"entry-thumb\" src=\"https:\/\/www.tvbuzau.ro\/wp-content\/uploads\/2026\/03\/hqdefault-10-218x150.jpg\" alt title=\"De mar\u021bi, buzoienii pot s\u0103 \u00ee\u0219i ia o parte din sumele impozitelor \u00eenapoi\"><span class=\"td-video-play-ico\"><img loading=\"lazy\" decoding=\"async\" width=\"40\" height=\"40\" class=\"td-retina\" src=\"https:\/\/www.tvbuzau.ro\/wp-content\/themes\/Newspaper\/images\/icons\/ico-video-large.png\" alt=\"video\"><\/span><\/a><\/div>\n<p><a href=\"https:\/\/www.tvbuzau.ro\/category\/actualitate\/\" class=\"td-post-category\">Actualitate<\/a><\/div>\n<div class=\"item-details\">\n<h3 class=\"entry-title td-module-title\"><a href=\"https:\/\/www.tvbuzau.ro\/de-marti-buzoienii-pot-sa-isi-ia-o-parte-din-sumele-impozitelor-inapoi\/\" rel=\"bookmark\" title=\"De mar\u021bi, buzoienii pot s\u0103 \u00ee\u0219i ia o parte din sumele impozitelor \u00eenapoi\">De mar\u021bi, buzoienii pot s\u0103 \u00ee\u0219i ia o parte din sumele impozitelor \u00eenapoi<\/a><\/h3>\n<\/div>\n<\/div>\n<\/div>\n<div class=\"td-related-span4\">\n<div class=\"td_module_related_posts td-animation-stack td_mod_related_posts\">\n<div class=\"td-module-image\">\n<div class=\"td-module-thumb\"><a href=\"https:\/\/www.tvbuzau.ro\/cercetatorii-scdl-au-lansat-o-scrisoare-deschisa-catre-premier\/\" rel=\"bookmark\" title=\"Cercet\u0103torii SCDL au lansat o scrisoare deschis\u0103 c\u0103tre premier\"><img loading=\"lazy\" decoding=\"async\" width=\"218\" height=\"150\" class=\"entry-thumb\" src=\"https:\/\/www.tvbuzau.ro\/wp-content\/uploads\/2026\/03\/hqdefault-9-218x150.jpg\" alt title=\"Cercet\u0103torii SCDL au lansat o scrisoare deschis\u0103 c\u0103tre premier\"><span class=\"td-video-play-ico\"><img loading=\"lazy\" decoding=\"async\" width=\"40\" height=\"40\" class=\"td-retina\" src=\"https:\/\/www.tvbuzau.ro\/wp-content\/themes\/Newspaper\/images\/icons\/ico-video-large.png\" alt=\"video\"><\/span><\/a><\/div>\n<p><a href=\"https:\/\/www.tvbuzau.ro\/category\/actualitate\/\" class=\"td-post-category\">Actualitate<\/a><\/div>\n<div class=\"item-details\">\n<h3 class=\"entry-title td-module-title\"><a href=\"https:\/\/www.tvbuzau.ro\/cercetatorii-scdl-au-lansat-o-scrisoare-deschisa-catre-premier\/\" rel=\"bookmark\" title=\"Cercet\u0103torii SCDL au lansat o scrisoare deschis\u0103 c\u0103tre premier\">Cercet\u0103torii SCDL au lansat o scrisoare deschis\u0103 c\u0103tre premier<\/a><\/h3>\n<\/div>\n<\/div>\n<\/div>\n<div class=\"td-related-span4\">\n<div class=\"td_module_related_posts td-animation-stack td_mod_related_posts\">\n<div class=\"td-module-image\">\n<div class=\"td-module-thumb\"><a href=\"https:\/\/www.tvbuzau.ro\/floraresele-din-piata-centrala-primesc-flori-de-la-clienti\/\" rel=\"bookmark\" title=\"Flor\u0103resele din Pia\u0163a central\u0103 primesc flori de la clien\u0163i\"><img loading=\"lazy\" decoding=\"async\" width=\"218\" height=\"150\" class=\"entry-thumb\" src=\"https:\/\/www.tvbuzau.ro\/wp-content\/uploads\/2026\/03\/hqdefault-8-218x150.jpg\" alt title=\"Flor\u0103resele din Pia\u0163a central\u0103 primesc flori de la clien\u0163i\"><span class=\"td-video-play-ico\"><img loading=\"lazy\" decoding=\"async\" width=\"40\" height=\"40\" class=\"td-retina\" src=\"https:\/\/www.tvbuzau.ro\/wp-content\/themes\/Newspaper\/images\/icons\/ico-video-large.png\" alt=\"video\"><\/span><\/a><\/div>\n<p><a href=\"https:\/\/www.tvbuzau.ro\/category\/actualitate\/\" class=\"td-post-category\">Actualitate<\/a><\/div>\n<div class=\"item-details\">\n<h3 class=\"entry-title td-module-title\"><a href=\"https:\/\/www.tvbuzau.ro\/floraresele-din-piata-centrala-primesc-flori-de-la-clienti\/\" rel=\"bookmark\" title=\"Flor\u0103resele din Pia\u0163a central\u0103 primesc flori de la clien\u0163i\">Flor\u0103resele din Pia\u0163a central\u0103 primesc flori de la clien\u0163i<\/a><\/h3>\n<\/div>\n<\/div>\n<\/div>\n<\/div>\n<div class=\"td-related-row\">\n<div class=\"td-related-span4\">\n<div class=\"td_module_related_posts td-animation-stack td_mod_related_posts\">\n<div class=\"td-module-image\">\n<div class=\"td-module-thumb\"><a href=\"https:\/\/www.tvbuzau.ro\/ce-se-mai-intampla-cu-programul-pentru-garduri-electrice\/\" rel=\"bookmark\" title=\"Ce se mai \u00eent\u00e2mpl\u0103 cu programul pentru garduri electrice\"><img loading=\"lazy\" decoding=\"async\" width=\"218\" height=\"150\" class=\"entry-thumb\" src=\"https:\/\/www.tvbuzau.ro\/wp-content\/uploads\/2026\/03\/hqdefault-7-218x150.jpg\" alt title=\"Ce se mai \u00eent\u00e2mpl\u0103 cu programul pentru garduri electrice\"><span class=\"td-video-play-ico\"><img loading=\"lazy\" decoding=\"async\" width=\"40\" height=\"40\" class=\"td-retina\" src=\"https:\/\/www.tvbuzau.ro\/wp-content\/themes\/Newspaper\/images\/icons\/ico-video-large.png\" alt=\"video\"><\/span><\/a><\/div>\n<p><a href=\"https:\/\/www.tvbuzau.ro\/category\/actualitate\/\" class=\"td-post-category\">Actualitate<\/a><\/div>\n<div class=\"item-details\">\n<h3 class=\"entry-title td-module-title\"><a href=\"https:\/\/www.tvbuzau.ro\/ce-se-mai-intampla-cu-programul-pentru-garduri-electrice\/\" rel=\"bookmark\" title=\"Ce se mai \u00eent\u00e2mpl\u0103 cu programul pentru garduri electrice\">Ce se mai \u00eent\u00e2mpl\u0103 cu programul pentru garduri electrice<\/a><\/h3>\n<\/div>\n<\/div>\n<\/div>\n<div class=\"td-related-span4\">\n<div class=\"td_module_related_posts td-animation-stack td_mod_related_posts\">\n<div class=\"td-module-image\">\n<div class=\"td-module-thumb\"><a href=\"https:\/\/www.tvbuzau.ro\/parc-industrial-la-ramnicu-sarat\/\" rel=\"bookmark\" title=\"Parc industrial la R\u00e2mnicu S\u0103rat\"><img loading=\"lazy\" decoding=\"async\" width=\"218\" height=\"150\" class=\"entry-thumb\" src=\"https:\/\/www.tvbuzau.ro\/wp-content\/uploads\/2026\/03\/sddefault-13-218x150.jpg\" alt title=\"Parc industrial la R\u00e2mnicu S\u0103rat\"><span class=\"td-video-play-ico\"><img loading=\"lazy\" decoding=\"async\" width=\"40\" height=\"40\" class=\"td-retina\" src=\"https:\/\/www.tvbuzau.ro\/wp-content\/themes\/Newspaper\/images\/icons\/ico-video-large.png\" alt=\"video\"><\/span><\/a><\/div>\n<p><a href=\"https:\/\/www.tvbuzau.ro\/category\/actualitate\/\" class=\"td-post-category\">Actualitate<\/a><\/div>\n<div class=\"item-details\">\n<h3 class=\"entry-title td-module-title\"><a href=\"https:\/\/www.tvbuzau.ro\/parc-industrial-la-ramnicu-sarat\/\" rel=\"bookmark\" title=\"Parc industrial la R\u00e2mnicu S\u0103rat\">Parc industrial la R\u00e2mnicu S\u0103rat<\/a><\/h3>\n<\/div>\n<\/div>\n<\/div>\n<div class=\"td-related-span4\">\n<div class=\"td_module_related_posts td-animation-stack td_mod_related_posts\">\n<div class=\"td-module-image\">\n<div class=\"td-module-thumb\"><a href=\"https:\/\/www.tvbuzau.ro\/ar-fi-necesara-infiintarea-unui-cabinet-de-vaccinare-anti-hpv\/\" rel=\"bookmark\" title=\"Ar fi necesar\u0103 \u00eenfiin\u0163area unui cabinet de vaccinare anti-HPV\"><img loading=\"lazy\" decoding=\"async\" width=\"218\" height=\"150\" class=\"entry-thumb\" src=\"https:\/\/www.tvbuzau.ro\/wp-content\/uploads\/2026\/03\/hqdefault-6-218x150.jpg\" alt title=\"Ar fi necesar\u0103 \u00eenfiin\u0163area unui cabinet de vaccinare anti-HPV\"><span class=\"td-video-play-ico\"><img loading=\"lazy\" decoding=\"async\" width=\"40\" height=\"40\" class=\"td-retina\" src=\"https:\/\/www.tvbuzau.ro\/wp-content\/themes\/Newspaper\/images\/icons\/ico-video-large.png\" alt=\"video\"><\/span><\/a><\/div>\n<p><a href=\"https:\/\/www.tvbuzau.ro\/category\/actualitate\/\" class=\"td-post-category\">Actualitate<\/a><\/div>\n<div class=\"item-details\">\n<h3 class=\"entry-title td-module-title\"><a href=\"https:\/\/www.tvbuzau.ro\/ar-fi-necesara-infiintarea-unui-cabinet-de-vaccinare-anti-hpv\/\" rel=\"bookmark\" title=\"Ar fi necesar\u0103 \u00eenfiin\u0163area unui cabinet de vaccinare anti-HPV\">Ar fi necesar\u0103 \u00eenfiin\u0163area unui cabinet de vaccinare anti-HPV<\/a><\/h3>\n<\/div>\n<\/div>\n<\/div>\n<\/div>\n<\/div>\n<\/div>\n<div class=\"comments\" id=\"comments\">\n<div id=\"respond\" class=\"comment-respond\">\n<h3 id=\"reply-title\" class=\"comment-reply-title\">L\u0102SA\u021aI UN MESAJ <small><a rel=\"nofollow\" id=\"cancel-comment-reply-link\" href=\"https:\/\/www.tvbuzau.ro\/se-fac-controale-rutiere-pe-a7\/#respond\">Renun\u021ba\u021bi la r\u0103spuns<\/a><\/small><\/h3>\n<\/div>\n<\/div>\n<\/div>\n<div class=\"td-post-content\">\n<div class=\"td-featured-image-rec\">\n<div class=\"wpb_video_wrapper\">\n                    <iframe loading=\"lazy\" id=\"td_youtube_player\" width=\"600\" height=\"560\" src=\"https:\/\/www.youtube.com\/embed\/RNBrBfyfFcQ?enablejsapi=1&amp;feature=oembed&amp;wmode=opaque&amp;vq=hd720\" frameborder allowfullscreen><\/iframe><\/p><\/div>\n<\/div>\n<p>Care este r\u0103spusul Poli\u0163iei<br \/>\nCircul\u0163ia pe o autostrad\u0103 este mult mai sigur\u0103 fa\u0163\u0103 de o \u015fosea na\u0163ional\u0103 \u0163in\u00e2nd cont de faptul c\u0103 nu mai exist\u0103 posibilitatea ca un \u015fofer s\u0103 p\u0103trund\u0103 pe cotrasens, una dintre cauzele principale ale accidentelor rutiere grave \u015fi mortale. Totu\u015fi, \u0163in\u00e2d cont de regimul de vitez\u0103 superior, producerea unui accident pe autostrad\u0103 poate avea consecin\u0163e deosebit de grave. O parte dintre poli\u0163i\u015ftii buzoieni au trecut \u00een structura Brig\u0103zii Autostr\u0103zi pentru a lua parte la activit\u0103\u0163ile specifice, pe Autostrada 7.<br \/>\nOamenii legii atrag aten\u0163ia \u00eens\u0103 c\u0103 pe A7 nu exist\u0103 foarte multe refugii unde \u015foferii s\u0103 poat\u0103 fi opri\u0163i de poli\u0163ie. Cu toate acestea supravegherea video \u00eei pote l\u0103sa pe mul\u0163i dintre \u015foferi f\u0103r\u0103 permise, \u015fi f\u0103r\u0103 bani din pricina amenzilor, dac\u0103 \u00eencalc\u0103 regulile de circula\u0163ie.<br \/>\nPoli\u0163i\u015ftii recomand\u0103 \u015foferilor respectarea regulilor de circula\u0163ie atunci c\u00e2nd circul\u0103 pe autostrad\u0103 sau pe orice alt tronson de drum pentru evitarea sanc\u0163iunilor \u015fi a accei-dentelor.<\/p>\n<div class=\"post-views post-118239 entry-meta\"><span class=\"post-views-label\">Post Views: <\/span><span class=\"post-views-count\">237<\/span><\/div>\n<\/div>\n<p>[analyse_source url=&#8221;https:\/\/www.tvbuzau.ro\/se-fac-controale-rutiere-pe-a7\/&#8221;]<\/p>\n","protected":false},"excerpt":{"rendered":"<p>[analyse_image type=&#8221;featured&#8221; src=&#8221;https:\/\/www.tvbuzau.ro\/wp-content\/uploads\/2026\/03\/sddefault-9.jpghttps:\/\/www.tvbuzau.ro\/wp-content\/uploads\/2026\/03\/sddefault-9.jpg&#8221;] Actualitate Se fac controale rutiere pe A7? De c\u0103tre TV Buz\u0103u &#8211; martie 4, 2026 0 21 Distribui\u021bi pe Facebook Distribui\u021bi pe Twitter tweet Care este r\u0103spusul Poli\u0163iei Circul\u0163ia pe o autostrad\u0103 este mult mai sigur\u0103 fa\u0163\u0103 de o \u015fosea na\u0163ional\u0103 \u0163in\u00e2nd cont de faptul c\u0103 nu mai exist\u0103 posibilitatea ca un [&hellip;]<\/p>\n","protected":false},"author":1,"featured_media":0,"comment_status":"open","ping_status":"","sticky":false,"template":"","format":"standard","meta":{"footnotes":""},"categories":[2],"tags":[226,116],"class_list":["post-1813793","post","type-post","status-publish","format-standard","hentry","category-politics","tag-crawlmanager","tag-tvbuzau-ro"],"_links":{"self":[{"href":"https:\/\/analyse.optim.biz\/index.php?rest_route=\/wp\/v2\/posts\/1813793","targetHints":{"allow":["GET"]}}],"collection":[{"href":"https:\/\/analyse.optim.biz\/index.php?rest_route=\/wp\/v2\/posts"}],"about":[{"href":"https:\/\/analyse.optim.biz\/index.php?rest_route=\/wp\/v2\/types\/post"}],"author":[{"embeddable":true,"href":"https:\/\/analyse.optim.biz\/index.php?rest_route=\/wp\/v2\/users\/1"}],"replies":[{"embeddable":true,"href":"https:\/\/analyse.optim.biz\/index.php?rest_route=%2Fwp%2Fv2%2Fcomments&post=1813793"}],"version-history":[{"count":0,"href":"https:\/\/analyse.optim.biz\/index.php?rest_route=\/wp\/v2\/posts\/1813793\/revisions"}],"wp:attachment":[{"href":"https:\/\/analyse.optim.biz\/index.php?rest_route=%2Fwp%2Fv2%2Fmedia&parent=1813793"}],"wp:term":[{"taxonomy":"category","embeddable":true,"href":"https:\/\/analyse.optim.biz\/index.php?rest_route=%2Fwp%2Fv2%2Fcategories&post=1813793"},{"taxonomy":"post_tag","embeddable":true,"href":"https:\/\/analyse.optim.biz\/index.php?rest_route=%2Fwp%2Fv2%2Ftags&post=1813793"}],"curies":[{"name":"wp","href":"https:\/\/api.w.org\/{rel}","templated":true}]}}