{"id":1813791,"date":"2026-03-04T20:14:42","date_gmt":"2026-03-04T17:14:42","guid":{"rendered":"https:\/\/analyse.optim.biz\/?p=1813791"},"modified":"2026-03-04T20:14:42","modified_gmt":"2026-03-04T17:14:42","slug":"sute-de-exemplare-de-pisica-salbatica-in-padurile-judetului-buzau","status":"publish","type":"post","link":"https:\/\/analyse.optim.biz\/?p=1813791","title":{"rendered":"Sute de exemplare de pisic\u0103 s\u0103lbatic\u0103 \u00een p\u0103durile jude\u0163ului Buz\u0103u"},"content":{"rendered":"<p>[analyse_image type=&#8221;featured&#8221; src=&#8221;https:\/\/www.tvbuzau.ro\/wp-content\/uploads\/2026\/03\/bscap0000.jpghttps:\/\/www.tvbuzau.ro\/wp-content\/uploads\/2026\/03\/bscap0000.jpg&#8221;]<\/p>\n<div class=\"td-ss-main-content\">\n<article id=\"post-118242\" class=\"post-118242 post type-post status-publish format-video has-post-thumbnail hentry category-actualitate post_format-post-format-video\">\n<div class=\"td-post-header\">\n<ul class=\"td-category\">\n<li class=\"entry-category\"><a href=\"https:\/\/www.tvbuzau.ro\/category\/actualitate\/\">Actualitate<\/a><\/li>\n<\/ul>\n<header class=\"td-post-title\">\n<h1 class=\"entry-title\">Sute de exemplare de pisic\u0103 s\u0103lbatic\u0103 \u00een p\u0103durile jude\u0163ului Buz\u0103u<\/h1>\n<div class=\"td-module-meta-info\">\n<div class=\"td-post-author-name\">De c\u0103tre <a href=\"https:\/\/www.tvbuzau.ro\/author\/mihai-vasilescu\/\">TV Buz\u0103u<\/a> &#8211; <\/div>\n<p><span class=\"td-post-date\"><time class=\"entry-date updated td-module-date\" datetime=\"2026-03-04T20:14:42+00:00\">martie 4, 2026<\/time><\/span><\/p>\n<div class=\"td-post-comments\"><a href=\"https:\/\/www.tvbuzau.ro\/sute-de-exemplare-de-pisica-salbatica-in-padurile-judetului-buzau\/#respond\">0<\/a><\/div>\n<div class=\"td-post-views\"><span class=\"td-nr-views-118242\">62<\/span><\/div>\n<\/div>\n<\/header>\n<\/div>\n<div class=\"td-post-sharing td-post-sharing-top td-with-like\">\n<div class=\"td-default-sharing\"><a class=\"td-social-sharing-buttons td-social-facebook\" href=\"http:\/\/www.facebook.com\/sharer.php?u=https%3A%2F%2Fwww.tvbuzau.ro%2Fsute-de-exemplare-de-pisica-salbatica-in-padurile-judetului-buzau%2F\"><\/p>\n<div class=\"td-social-but-text\">Distribui\u021bi pe Facebook<\/div>\n<p><\/a><a class=\"td-social-sharing-buttons td-social-twitter\" href=\"https:\/\/twitter.com\/intent\/tweet?text=Sute+de+exemplare+de+pisic%C4%83+s%C4%83lbatic%C4%83+%C3%AEn+p%C4%83durile+jude%C5%A3ului+Buz%C4%83u&amp;url=https%3A%2F%2Fwww.tvbuzau.ro%2Fsute-de-exemplare-de-pisica-salbatica-in-padurile-judetului-buzau%2F&amp;via=TV+Buz%C4%83u\"><\/p>\n<div class=\"td-social-but-text\">Distribui\u021bi pe Twitter<\/div>\n<p><\/a><\/div>\n<div class=\"td-classic-sharing\">\n<ul>\n<li class=\"td-classic-facebook\"><iframe frameborder src=\"https:\/\/www.facebook.com\/plugins\/like.php?href=https:\/\/www.tvbuzau.ro\/sute-de-exemplare-de-pisica-salbatica-in-padurile-judetului-buzau\/&amp;layout=button_count&amp;show_faces=false&amp;width=105&amp;action=like&amp;colorscheme=light&amp;height=21\"><\/iframe><\/li>\n<li class=\"td-classic-twitter\"><a href=\"https:\/\/twitter.com\/share\" class=\"twitter-share-button\" data-url=\"https:\/\/www.tvbuzau.ro\/sute-de-exemplare-de-pisica-salbatica-in-padurile-judetului-buzau\/\" data-text=\"Sute de exemplare de pisic\u0103 s\u0103lbatic\u0103 \u00een p\u0103durile jude\u0163ului Buz\u0103u\" data-via data-lang=\"en\">tweet<\/a><\/li>\n<\/ul>\n<\/div>\n<\/div>\n<div class=\"td-post-content\">\n<div class=\"td-featured-image-rec\">\n<div class=\"wpb_video_wrapper\">\n                    <iframe loading=\"lazy\" id=\"td_youtube_player\" width=\"600\" height=\"560\" src=\"https:\/\/www.youtube.com\/embed\/fvlEfO7pkUI?enablejsapi=1&amp;feature=oembed&amp;wmode=opaque&amp;vq=hd720\" frameborder allowfullscreen><\/iframe><\/p><\/div>\n<\/div>\n<p>Specie strict protejat\u0103, anun\u0163\u0103 Direc\u0163ia de Mediu<br \/>\nDirec\u0163ia Jude\u0163ean\u0103 de Mediu Buz\u0103u anun\u0163\u0103 c\u0103 pisica s\u0103lbatic\u0103 este men\u021bionat\u0103 \u00een Anexa II a Directivei Consiliului  privind Conservarea Habitatelor Naturale \u015fi a Faunei \u015fi Florei S\u0103lbatice. Totodat\u0103, mamiferul este listat \u015fi \u00een Ordonan\u0163a de Urgen\u0163\u0103 a Guvernului privind regimul ariilor naturale protejate ca specie de interes comunitar, care necesit\u0103 protec\u0163ie strict\u0103 \u015fi a c\u0103rei capturare, ucidere \u015fi perturbare este interzis\u0103.<\/p>\n<p>\u201cSpecia Felis silvestris este \u00eenscris\u0103 \u00een Anexa nr. 2 la Conven\u0163ia privind conservarea vie\u0163ii s\u0103lbatice \u015fi a habitatelor naturale din Europa, adoptat\u0103 la Berna la 19 septembrie 1979, la care Rom\u00e2nia a aderat prin Legea nr. 13\/1993. Comer\u021bul este, de asemenea, interzis prin Regulamentul Comunit\u0103\u0163ii Europene (\u2026) privind Protec\u0163ia speciilor de faun\u0103 \u015fi flor\u0103 s\u0103lbatic\u0103 prin reglementarea comercializarii acestora\u201d, anun\u0163\u0103 Direc\u0163ia de Mediu Buz\u0103u.<br \/>\nInstitu\u0163ia a demarat \u00een acest context ac\u0163iuni de monitorizare pentru a constata dac\u0103 la nivelul habitatelor naturale din jude\u0163 exist\u0103 exemplare de pisic\u0103 s\u0103lbtic\u0103.<\/p>\n<p>\u201c\u00cen urma ac\u0163iunilor de monitorizare \u0219i estimare a efectivelor animalelor s\u0103lbatice din speciile strict protejate, realizate \u00een prim\u0103vara anului 2025 de gestionarii fondurilor cinegetice din jude\u021bul Buz\u0103u, efectivele estimate pentru pisica s\u0103lbatic\u0103 au fost de de 377 exemplare\u201d, arat\u0103 institu\u0163ia.<\/p>\n<div class=\"post-views post-118242 entry-meta\"><span class=\"post-views-label\">Post Views: <\/span><span class=\"post-views-count\">360<\/span><\/div>\n<\/div>\n<footer>\n<div class=\"td-post-sharing td-post-sharing-bottom td-with-like\"><span class=\"td-post-share-title\">DISTRIBUI\u021aI<\/span><\/p>\n<div class=\"td-default-sharing\"><a class=\"td-social-sharing-buttons td-social-facebook\" href=\"http:\/\/www.facebook.com\/sharer.php?u=https%3A%2F%2Fwww.tvbuzau.ro%2Fsute-de-exemplare-de-pisica-salbatica-in-padurile-judetului-buzau%2F\"><\/p>\n<div class=\"td-social-but-text\">Facebook<\/div>\n<p><\/a><a class=\"td-social-sharing-buttons td-social-twitter\" href=\"https:\/\/twitter.com\/intent\/tweet?text=Sute+de+exemplare+de+pisic%C4%83+s%C4%83lbatic%C4%83+%C3%AEn+p%C4%83durile+jude%C5%A3ului+Buz%C4%83u&amp;url=https%3A%2F%2Fwww.tvbuzau.ro%2Fsute-de-exemplare-de-pisica-salbatica-in-padurile-judetului-buzau%2F&amp;via=TV+Buz%C4%83u\"><\/p>\n<div class=\"td-social-but-text\">Twitter<\/div>\n<p><\/a><\/div>\n<div class=\"td-classic-sharing\">\n<ul>\n<li class=\"td-classic-facebook\"><iframe frameborder src=\"https:\/\/www.facebook.com\/plugins\/like.php?href=https:\/\/www.tvbuzau.ro\/sute-de-exemplare-de-pisica-salbatica-in-padurile-judetului-buzau\/&amp;layout=button_count&amp;show_faces=false&amp;width=105&amp;action=like&amp;colorscheme=light&amp;height=21\"><\/iframe><\/li>\n<li class=\"td-classic-twitter\"><a href=\"https:\/\/twitter.com\/share\" class=\"twitter-share-button\" data-url=\"https:\/\/www.tvbuzau.ro\/sute-de-exemplare-de-pisica-salbatica-in-padurile-judetului-buzau\/\" data-text=\"Sute de exemplare de pisic\u0103 s\u0103lbatic\u0103 \u00een p\u0103durile jude\u0163ului Buz\u0103u\" data-via data-lang=\"en\">tweet<\/a><\/li>\n<\/ul>\n<\/div>\n<\/div>\n<div class=\"td-author-name vcard author\"><span class=\"fn\"><a href=\"https:\/\/www.tvbuzau.ro\/author\/mihai-vasilescu\/\">TV Buz\u0103u<\/a><\/span><\/div>\n<p><span><\/span><span><span><\/span><\/span><span><\/span><\/footer>\n<\/article>\n<div class=\"td_block_wrap td_block_related_posts td_uid_1_69acb760a73dd_rand td_with_ajax_pagination td-pb-border-top\" data-td-block-uid=\"td_uid_1_69acb760a73dd\">\n<h4 class=\"td-related-title\"><a id=\"td_uid_2_69acb760ac93e\" class=\"td-related-left td-cur-simple-item\" data-td_filter_value data-td_block_id=\"td_uid_1_69acb760a73dd\" href=\"https:\/\/www.tvbuzau.ro\/sute-de-exemplare-de-pisica-salbatica-in-padurile-judetului-buzau\/\">ARTICOLE SIMILARE<\/a><a id=\"td_uid_3_69acb760ac97d\" class=\"td-related-right\" data-td_filter_value=\"td_related_more_from_author\" data-td_block_id=\"td_uid_1_69acb760a73dd\" href=\"https:\/\/www.tvbuzau.ro\/sute-de-exemplare-de-pisica-salbatica-in-padurile-judetului-buzau\/\">DE LA ACELA\u0218I AUTOR<\/a><\/h4>\n<div id=\"td_uid_1_69acb760a73dd\" class=\"td_block_inner\">\n<div class=\"td-related-row\">\n<div class=\"td-related-span4\">\n<div class=\"td_module_related_posts td-animation-stack td_mod_related_posts\">\n<div class=\"td-module-image\">\n<div class=\"td-module-thumb\"><a href=\"https:\/\/www.tvbuzau.ro\/de-marti-buzoienii-pot-sa-isi-ia-o-parte-din-sumele-impozitelor-inapoi\/\" rel=\"bookmark\" title=\"De mar\u021bi, buzoienii pot s\u0103 \u00ee\u0219i ia o parte din sumele impozitelor \u00eenapoi\"><img loading=\"lazy\" decoding=\"async\" width=\"218\" height=\"150\" class=\"entry-thumb\" src=\"https:\/\/www.tvbuzau.ro\/wp-content\/uploads\/2026\/03\/hqdefault-10-218x150.jpg\" alt title=\"De mar\u021bi, buzoienii pot s\u0103 \u00ee\u0219i ia o parte din sumele impozitelor \u00eenapoi\"><span class=\"td-video-play-ico\"><img loading=\"lazy\" decoding=\"async\" width=\"40\" height=\"40\" class=\"td-retina\" src=\"https:\/\/www.tvbuzau.ro\/wp-content\/themes\/Newspaper\/images\/icons\/ico-video-large.png\" alt=\"video\"><\/span><\/a><\/div>\n<p><a href=\"https:\/\/www.tvbuzau.ro\/category\/actualitate\/\" class=\"td-post-category\">Actualitate<\/a><\/div>\n<div class=\"item-details\">\n<h3 class=\"entry-title td-module-title\"><a href=\"https:\/\/www.tvbuzau.ro\/de-marti-buzoienii-pot-sa-isi-ia-o-parte-din-sumele-impozitelor-inapoi\/\" rel=\"bookmark\" title=\"De mar\u021bi, buzoienii pot s\u0103 \u00ee\u0219i ia o parte din sumele impozitelor \u00eenapoi\">De mar\u021bi, buzoienii pot s\u0103 \u00ee\u0219i ia o parte din sumele impozitelor \u00eenapoi<\/a><\/h3>\n<\/div>\n<\/div>\n<\/div>\n<div class=\"td-related-span4\">\n<div class=\"td_module_related_posts td-animation-stack td_mod_related_posts\">\n<div class=\"td-module-image\">\n<div class=\"td-module-thumb\"><a href=\"https:\/\/www.tvbuzau.ro\/cercetatorii-scdl-au-lansat-o-scrisoare-deschisa-catre-premier\/\" rel=\"bookmark\" title=\"Cercet\u0103torii SCDL au lansat o scrisoare deschis\u0103 c\u0103tre premier\"><img loading=\"lazy\" decoding=\"async\" width=\"218\" height=\"150\" class=\"entry-thumb\" src=\"https:\/\/www.tvbuzau.ro\/wp-content\/uploads\/2026\/03\/hqdefault-9-218x150.jpg\" alt title=\"Cercet\u0103torii SCDL au lansat o scrisoare deschis\u0103 c\u0103tre premier\"><span class=\"td-video-play-ico\"><img loading=\"lazy\" decoding=\"async\" width=\"40\" height=\"40\" class=\"td-retina\" src=\"https:\/\/www.tvbuzau.ro\/wp-content\/themes\/Newspaper\/images\/icons\/ico-video-large.png\" alt=\"video\"><\/span><\/a><\/div>\n<p><a href=\"https:\/\/www.tvbuzau.ro\/category\/actualitate\/\" class=\"td-post-category\">Actualitate<\/a><\/div>\n<div class=\"item-details\">\n<h3 class=\"entry-title td-module-title\"><a href=\"https:\/\/www.tvbuzau.ro\/cercetatorii-scdl-au-lansat-o-scrisoare-deschisa-catre-premier\/\" rel=\"bookmark\" title=\"Cercet\u0103torii SCDL au lansat o scrisoare deschis\u0103 c\u0103tre premier\">Cercet\u0103torii SCDL au lansat o scrisoare deschis\u0103 c\u0103tre premier<\/a><\/h3>\n<\/div>\n<\/div>\n<\/div>\n<div class=\"td-related-span4\">\n<div class=\"td_module_related_posts td-animation-stack td_mod_related_posts\">\n<div class=\"td-module-image\">\n<div class=\"td-module-thumb\"><a href=\"https:\/\/www.tvbuzau.ro\/floraresele-din-piata-centrala-primesc-flori-de-la-clienti\/\" rel=\"bookmark\" title=\"Flor\u0103resele din Pia\u0163a central\u0103 primesc flori de la clien\u0163i\"><img loading=\"lazy\" decoding=\"async\" width=\"218\" height=\"150\" class=\"entry-thumb\" src=\"https:\/\/www.tvbuzau.ro\/wp-content\/uploads\/2026\/03\/hqdefault-8-218x150.jpg\" alt title=\"Flor\u0103resele din Pia\u0163a central\u0103 primesc flori de la clien\u0163i\"><span class=\"td-video-play-ico\"><img loading=\"lazy\" decoding=\"async\" width=\"40\" height=\"40\" class=\"td-retina\" src=\"https:\/\/www.tvbuzau.ro\/wp-content\/themes\/Newspaper\/images\/icons\/ico-video-large.png\" alt=\"video\"><\/span><\/a><\/div>\n<p><a href=\"https:\/\/www.tvbuzau.ro\/category\/actualitate\/\" class=\"td-post-category\">Actualitate<\/a><\/div>\n<div class=\"item-details\">\n<h3 class=\"entry-title td-module-title\"><a href=\"https:\/\/www.tvbuzau.ro\/floraresele-din-piata-centrala-primesc-flori-de-la-clienti\/\" rel=\"bookmark\" title=\"Flor\u0103resele din Pia\u0163a central\u0103 primesc flori de la clien\u0163i\">Flor\u0103resele din Pia\u0163a central\u0103 primesc flori de la clien\u0163i<\/a><\/h3>\n<\/div>\n<\/div>\n<\/div>\n<\/div>\n<div class=\"td-related-row\">\n<div class=\"td-related-span4\">\n<div class=\"td_module_related_posts td-animation-stack td_mod_related_posts\">\n<div class=\"td-module-image\">\n<div class=\"td-module-thumb\"><a href=\"https:\/\/www.tvbuzau.ro\/ce-se-mai-intampla-cu-programul-pentru-garduri-electrice\/\" rel=\"bookmark\" title=\"Ce se mai \u00eent\u00e2mpl\u0103 cu programul pentru garduri electrice\"><img loading=\"lazy\" decoding=\"async\" width=\"218\" height=\"150\" class=\"entry-thumb\" src=\"https:\/\/www.tvbuzau.ro\/wp-content\/uploads\/2026\/03\/hqdefault-7-218x150.jpg\" alt title=\"Ce se mai \u00eent\u00e2mpl\u0103 cu programul pentru garduri electrice\"><span class=\"td-video-play-ico\"><img loading=\"lazy\" decoding=\"async\" width=\"40\" height=\"40\" class=\"td-retina\" src=\"https:\/\/www.tvbuzau.ro\/wp-content\/themes\/Newspaper\/images\/icons\/ico-video-large.png\" alt=\"video\"><\/span><\/a><\/div>\n<p><a href=\"https:\/\/www.tvbuzau.ro\/category\/actualitate\/\" class=\"td-post-category\">Actualitate<\/a><\/div>\n<div class=\"item-details\">\n<h3 class=\"entry-title td-module-title\"><a href=\"https:\/\/www.tvbuzau.ro\/ce-se-mai-intampla-cu-programul-pentru-garduri-electrice\/\" rel=\"bookmark\" title=\"Ce se mai \u00eent\u00e2mpl\u0103 cu programul pentru garduri electrice\">Ce se mai \u00eent\u00e2mpl\u0103 cu programul pentru garduri electrice<\/a><\/h3>\n<\/div>\n<\/div>\n<\/div>\n<div class=\"td-related-span4\">\n<div class=\"td_module_related_posts td-animation-stack td_mod_related_posts\">\n<div class=\"td-module-image\">\n<div class=\"td-module-thumb\"><a href=\"https:\/\/www.tvbuzau.ro\/parc-industrial-la-ramnicu-sarat\/\" rel=\"bookmark\" title=\"Parc industrial la R\u00e2mnicu S\u0103rat\"><img loading=\"lazy\" decoding=\"async\" width=\"218\" height=\"150\" class=\"entry-thumb\" src=\"https:\/\/www.tvbuzau.ro\/wp-content\/uploads\/2026\/03\/sddefault-13-218x150.jpg\" alt title=\"Parc industrial la R\u00e2mnicu S\u0103rat\"><span class=\"td-video-play-ico\"><img loading=\"lazy\" decoding=\"async\" width=\"40\" height=\"40\" class=\"td-retina\" src=\"https:\/\/www.tvbuzau.ro\/wp-content\/themes\/Newspaper\/images\/icons\/ico-video-large.png\" alt=\"video\"><\/span><\/a><\/div>\n<p><a href=\"https:\/\/www.tvbuzau.ro\/category\/actualitate\/\" class=\"td-post-category\">Actualitate<\/a><\/div>\n<div class=\"item-details\">\n<h3 class=\"entry-title td-module-title\"><a href=\"https:\/\/www.tvbuzau.ro\/parc-industrial-la-ramnicu-sarat\/\" rel=\"bookmark\" title=\"Parc industrial la R\u00e2mnicu S\u0103rat\">Parc industrial la R\u00e2mnicu S\u0103rat<\/a><\/h3>\n<\/div>\n<\/div>\n<\/div>\n<div class=\"td-related-span4\">\n<div class=\"td_module_related_posts td-animation-stack td_mod_related_posts\">\n<div class=\"td-module-image\">\n<div class=\"td-module-thumb\"><a href=\"https:\/\/www.tvbuzau.ro\/ar-fi-necesara-infiintarea-unui-cabinet-de-vaccinare-anti-hpv\/\" rel=\"bookmark\" title=\"Ar fi necesar\u0103 \u00eenfiin\u0163area unui cabinet de vaccinare anti-HPV\"><img loading=\"lazy\" decoding=\"async\" width=\"218\" height=\"150\" class=\"entry-thumb\" src=\"https:\/\/www.tvbuzau.ro\/wp-content\/uploads\/2026\/03\/hqdefault-6-218x150.jpg\" alt title=\"Ar fi necesar\u0103 \u00eenfiin\u0163area unui cabinet de vaccinare anti-HPV\"><span class=\"td-video-play-ico\"><img loading=\"lazy\" decoding=\"async\" width=\"40\" height=\"40\" class=\"td-retina\" src=\"https:\/\/www.tvbuzau.ro\/wp-content\/themes\/Newspaper\/images\/icons\/ico-video-large.png\" alt=\"video\"><\/span><\/a><\/div>\n<p><a href=\"https:\/\/www.tvbuzau.ro\/category\/actualitate\/\" class=\"td-post-category\">Actualitate<\/a><\/div>\n<div class=\"item-details\">\n<h3 class=\"entry-title td-module-title\"><a href=\"https:\/\/www.tvbuzau.ro\/ar-fi-necesara-infiintarea-unui-cabinet-de-vaccinare-anti-hpv\/\" rel=\"bookmark\" title=\"Ar fi necesar\u0103 \u00eenfiin\u0163area unui cabinet de vaccinare anti-HPV\">Ar fi necesar\u0103 \u00eenfiin\u0163area unui cabinet de vaccinare anti-HPV<\/a><\/h3>\n<\/div>\n<\/div>\n<\/div>\n<\/div>\n<\/div>\n<\/div>\n<div class=\"comments\" id=\"comments\">\n<div id=\"respond\" class=\"comment-respond\">\n<h3 id=\"reply-title\" class=\"comment-reply-title\">L\u0102SA\u021aI UN MESAJ <small><a rel=\"nofollow\" id=\"cancel-comment-reply-link\" href=\"https:\/\/www.tvbuzau.ro\/sute-de-exemplare-de-pisica-salbatica-in-padurile-judetului-buzau\/#respond\">Renun\u021ba\u021bi la r\u0103spuns<\/a><\/small><\/h3>\n<\/div>\n<\/div>\n<\/div>\n<div class=\"td-post-content\">\n<div class=\"td-featured-image-rec\">\n<div class=\"wpb_video_wrapper\">\n                    <iframe loading=\"lazy\" id=\"td_youtube_player\" width=\"600\" height=\"560\" src=\"https:\/\/www.youtube.com\/embed\/fvlEfO7pkUI?enablejsapi=1&amp;feature=oembed&amp;wmode=opaque&amp;vq=hd720\" frameborder allowfullscreen><\/iframe><\/p><\/div>\n<\/div>\n<p>Specie strict protejat\u0103, anun\u0163\u0103 Direc\u0163ia de Mediu<br \/>\nDirec\u0163ia Jude\u0163ean\u0103 de Mediu Buz\u0103u anun\u0163\u0103 c\u0103 pisica s\u0103lbatic\u0103 este men\u021bionat\u0103 \u00een Anexa II a Directivei Consiliului  privind Conservarea Habitatelor Naturale \u015fi a Faunei \u015fi Florei S\u0103lbatice. Totodat\u0103, mamiferul este listat \u015fi \u00een Ordonan\u0163a de Urgen\u0163\u0103 a Guvernului privind regimul ariilor naturale protejate ca specie de interes comunitar, care necesit\u0103 protec\u0163ie strict\u0103 \u015fi a c\u0103rei capturare, ucidere \u015fi perturbare este interzis\u0103.<\/p>\n<p>\u201cSpecia Felis silvestris este \u00eenscris\u0103 \u00een Anexa nr. 2 la Conven\u0163ia privind conservarea vie\u0163ii s\u0103lbatice \u015fi a habitatelor naturale din Europa, adoptat\u0103 la Berna la 19 septembrie 1979, la care Rom\u00e2nia a aderat prin Legea nr. 13\/1993. Comer\u021bul este, de asemenea, interzis prin Regulamentul Comunit\u0103\u0163ii Europene (\u2026) privind Protec\u0163ia speciilor de faun\u0103 \u015fi flor\u0103 s\u0103lbatic\u0103 prin reglementarea comercializarii acestora\u201d, anun\u0163\u0103 Direc\u0163ia de Mediu Buz\u0103u.<br \/>\nInstitu\u0163ia a demarat \u00een acest context ac\u0163iuni de monitorizare pentru a constata dac\u0103 la nivelul habitatelor naturale din jude\u0163 exist\u0103 exemplare de pisic\u0103 s\u0103lbtic\u0103.<\/p>\n<p>\u201c\u00cen urma ac\u0163iunilor de monitorizare \u0219i estimare a efectivelor animalelor s\u0103lbatice din speciile strict protejate, realizate \u00een prim\u0103vara anului 2025 de gestionarii fondurilor cinegetice din jude\u021bul Buz\u0103u, efectivele estimate pentru pisica s\u0103lbatic\u0103 au fost de de 377 exemplare\u201d, arat\u0103 institu\u0163ia.<\/p>\n<div class=\"post-views post-118242 entry-meta\"><span class=\"post-views-label\">Post Views: <\/span><span class=\"post-views-count\">360<\/span><\/div>\n<\/div>\n<p>[analyse_source url=&#8221;https:\/\/www.tvbuzau.ro\/sute-de-exemplare-de-pisica-salbatica-in-padurile-judetului-buzau\/&#8221;]<\/p>\n","protected":false},"excerpt":{"rendered":"<p>[analyse_image type=&#8221;featured&#8221; src=&#8221;https:\/\/www.tvbuzau.ro\/wp-content\/uploads\/2026\/03\/bscap0000.jpghttps:\/\/www.tvbuzau.ro\/wp-content\/uploads\/2026\/03\/bscap0000.jpg&#8221;] Actualitate Sute de exemplare de pisic\u0103 s\u0103lbatic\u0103 \u00een p\u0103durile jude\u0163ului Buz\u0103u De c\u0103tre TV Buz\u0103u &#8211; martie 4, 2026 0 62 Distribui\u021bi pe Facebook Distribui\u021bi pe Twitter tweet Specie strict protejat\u0103, anun\u0163\u0103 Direc\u0163ia de Mediu Direc\u0163ia Jude\u0163ean\u0103 de Mediu Buz\u0103u anun\u0163\u0103 c\u0103 pisica s\u0103lbatic\u0103 este men\u021bionat\u0103 \u00een Anexa II a Directivei Consiliului [&hellip;]<\/p>\n","protected":false},"author":1,"featured_media":0,"comment_status":"open","ping_status":"","sticky":false,"template":"","format":"standard","meta":{"footnotes":""},"categories":[2],"tags":[226,116],"class_list":["post-1813791","post","type-post","status-publish","format-standard","hentry","category-politics","tag-crawlmanager","tag-tvbuzau-ro"],"_links":{"self":[{"href":"https:\/\/analyse.optim.biz\/index.php?rest_route=\/wp\/v2\/posts\/1813791","targetHints":{"allow":["GET"]}}],"collection":[{"href":"https:\/\/analyse.optim.biz\/index.php?rest_route=\/wp\/v2\/posts"}],"about":[{"href":"https:\/\/analyse.optim.biz\/index.php?rest_route=\/wp\/v2\/types\/post"}],"author":[{"embeddable":true,"href":"https:\/\/analyse.optim.biz\/index.php?rest_route=\/wp\/v2\/users\/1"}],"replies":[{"embeddable":true,"href":"https:\/\/analyse.optim.biz\/index.php?rest_route=%2Fwp%2Fv2%2Fcomments&post=1813791"}],"version-history":[{"count":0,"href":"https:\/\/analyse.optim.biz\/index.php?rest_route=\/wp\/v2\/posts\/1813791\/revisions"}],"wp:attachment":[{"href":"https:\/\/analyse.optim.biz\/index.php?rest_route=%2Fwp%2Fv2%2Fmedia&parent=1813791"}],"wp:term":[{"taxonomy":"category","embeddable":true,"href":"https:\/\/analyse.optim.biz\/index.php?rest_route=%2Fwp%2Fv2%2Fcategories&post=1813791"},{"taxonomy":"post_tag","embeddable":true,"href":"https:\/\/analyse.optim.biz\/index.php?rest_route=%2Fwp%2Fv2%2Ftags&post=1813791"}],"curies":[{"name":"wp","href":"https:\/\/api.w.org\/{rel}","templated":true}]}}