{"id":181378,"date":"2015-05-20T17:11:29","date_gmt":"2015-05-20T14:11:29","guid":{"rendered":"https:\/\/analyse.optim.biz\/?p=181378"},"modified":"2015-05-20T17:11:29","modified_gmt":"2015-05-20T14:11:29","slug":"ion-iliescu-a-comentat-condamnarea-lui-liviu-dragnea","status":"publish","type":"post","link":"https:\/\/analyse.optim.biz\/?p=181378","title":{"rendered":"Ion Iliescu a comentat condamnarea lui Liviu Dragnea"},"content":{"rendered":"<div class=\"entry data-app-meta data-app-meta-article\" data-embed-base-url-canonical=\"https:\/\/www.digi24.ro\/embed\/stiri\/actualitate\/politica\/ion-iliescu-a-comentat-condamnarea-lui-liviu-dragnea-393879\">\n<p data-index=\"1\"><img decoding=\"async\" src=\"https:\/\/analyse.optim.biz\/wp-content\/uploads\/2024\/09\/ptyymzg3nmmyntlin2rkztrmnjzimdeznzzlzjkyyzlk-thumb_.jpg\" data-skip-htmlfix=\"1\" title=\"ptyymzg3nmmyntlin2rkztrmnjzimdeznzzlzjkyyzlk-thumb_\">\u00a0<\/p>\n<p data-index=\"2\">\u201eEste un moment delicat pentru el, decizia are un temei. Nu cred c\u0103 i se pot repro\u015fa foarte multe. De ce exist\u0103 partidul? \u015ei care este rolul partidului? S\u0103 mobilizeze electoratul. Ce a f\u0103cut el? Ca reprezentant \u015fi lider al partidului, a militat pentru a mobiliza electoratul la referendumul respectiv\u201d, a spus\u00a0Ion Iliescu, potrivit Mediafax.<\/p>\n<p data-index=\"3\">El a continuat, retoric: \u201eI se poate repro\u015fa a\u015fa ceva unui lider politic? Asta este stupizenia acestei decizii\u201d.<\/p>\n<p data-index=\"4\"><strong>\u00centrebat dac\u0103 este un dosar politic, fostul pre\u015fedinte a declarat: \u201eNu vreau s\u0103 dau caracteriz\u0103ri, dar cred c\u0103 este stupid s\u0103 dezaprobi un lider politic, pentru c\u0103 militeaz\u0103 pentru mobilizarea electoratului\u201d.<\/strong><\/p>\n<p data-index=\"5\"><a href=\"https:\/\/www.digi24.ro\/Stiri\/Digi24\/Actualitate\/Politica\/Liviu+Dragnea+Voi+inregistra+azi+demisia+mea\" data-skip-linkfix=\"1\">Liviu Dragnea\u00a0a demisionat vineri<\/a> din postul de ministru al Dezvolt\u0103rii Regionale \u015fi Administra\u0163iei Publice, ca urmare a deciziei instan\u0163ei de a-l condamna \u00een dosarul &#8220;Referendumul&#8221;.<\/p>\n<h5><span>Citi\u021bi \u0219i <a href=\"https:\/\/www.digi24.ro\/Stiri\/Digi24\/Actualitate\/Politica\/Cine+este+Sevil+Shhaideh+noul+ministru+al+Dezvoltarii\" data-skip-linkfix=\"1\">Cine este Sevil Shhaideh, noul ministru al Dezvolt\u0103rii<\/a><\/span><\/h5>\n<p data-index=\"6\">El a fost condamnat la un an de \u00eenchisoare cu suspendare, \u00een dosarul privind fraude la referendumul din 2012, pentru demiterea pre\u015fedintelui\u00a0Traian B\u0103sescu, decizia luat\u0103 vineri de instan\u0163a suprem\u0103 nefiind definitiv\u0103.<\/p>\n<p data-index=\"7\"><strong>Liviu Dragnea<\/strong>, secretar general al PSD la data faptelor,<strong> a fost trimis \u00een judecat\u0103 pentru infrac\u0163iunea de folosire a influen\u0163ei sau autorit\u0103\u0163ii de c\u0103tre o persoan\u0103 care de\u0163ine o func\u0163ie de conducere \u00eentr-un partid, \u00een scopul ob\u0163inerii pentru sine sau pentru altul de foloase necuvenite.<\/strong><\/p>\n<p data-index=\"8\">Anchetatorii sus\u0163in c\u0103<strong> Dragnea a fost sus\u0163inut \u00een fraudarea referendumului de 74 de pre\u015fedin\u0163i \u015fi membri ai unor sec\u0163ii de votare din localit\u0103\u0163i din jude\u0163ele Teleorman, Vrancea, Gorj \u015fi Olt<\/strong>. Ace\u015ftia au fost trimi\u015fi \u00een judecat\u0103 pentru falsificare, prin orice mijloace, a documentelor de la birourile electorale \u015fi introducerea \u00een urn\u0103 a unui num\u0103r suplimentar de buletine de vot dec\u00e2t cele votate de aleg\u0103tori, infrac\u0163iuni comise sub forma autoratului, complicit\u0103\u0163ii sau a instig\u0103rii.<\/p>\n<\/div>\n<p> Source URL: https:\/\/www.digi24.ro\/stiri\/actualitate\/politica\/ion-iliescu-a-comentat-condamnarea-lui-liviu-dragnea-393879<\/p>\n","protected":false},"excerpt":{"rendered":"<p>\u00a0 \u201eEste un moment delicat pentru el, decizia are un temei. Nu cred c\u0103 i se pot repro\u015fa foarte multe. De ce exist\u0103 partidul? \u015ei care este rolul partidului? S\u0103 mobilizeze electoratul. Ce a f\u0103cut el? Ca reprezentant \u015fi lider al partidului, a militat pentru a mobiliza electoratul la referendumul respectiv\u201d, a spus\u00a0Ion Iliescu, potrivit [&hellip;]<\/p>\n","protected":false},"author":1,"featured_media":181379,"comment_status":"open","ping_status":"","sticky":false,"template":"","format":"standard","meta":{"footnotes":""},"categories":[2],"tags":[11],"class_list":["post-181378","post","type-post","status-publish","format-standard","has-post-thumbnail","hentry","category-politics","tag-digi24"],"_links":{"self":[{"href":"https:\/\/analyse.optim.biz\/index.php?rest_route=\/wp\/v2\/posts\/181378","targetHints":{"allow":["GET"]}}],"collection":[{"href":"https:\/\/analyse.optim.biz\/index.php?rest_route=\/wp\/v2\/posts"}],"about":[{"href":"https:\/\/analyse.optim.biz\/index.php?rest_route=\/wp\/v2\/types\/post"}],"author":[{"embeddable":true,"href":"https:\/\/analyse.optim.biz\/index.php?rest_route=\/wp\/v2\/users\/1"}],"replies":[{"embeddable":true,"href":"https:\/\/analyse.optim.biz\/index.php?rest_route=%2Fwp%2Fv2%2Fcomments&post=181378"}],"version-history":[{"count":0,"href":"https:\/\/analyse.optim.biz\/index.php?rest_route=\/wp\/v2\/posts\/181378\/revisions"}],"wp:featuredmedia":[{"embeddable":true,"href":"https:\/\/analyse.optim.biz\/index.php?rest_route=\/wp\/v2\/media\/181379"}],"wp:attachment":[{"href":"https:\/\/analyse.optim.biz\/index.php?rest_route=%2Fwp%2Fv2%2Fmedia&parent=181378"}],"wp:term":[{"taxonomy":"category","embeddable":true,"href":"https:\/\/analyse.optim.biz\/index.php?rest_route=%2Fwp%2Fv2%2Fcategories&post=181378"},{"taxonomy":"post_tag","embeddable":true,"href":"https:\/\/analyse.optim.biz\/index.php?rest_route=%2Fwp%2Fv2%2Ftags&post=181378"}],"curies":[{"name":"wp","href":"https:\/\/api.w.org\/{rel}","templated":true}]}}