{"id":181367,"date":"2015-05-20T17:14:27","date_gmt":"2015-05-20T14:14:27","guid":{"rendered":"https:\/\/analyse.optim.biz\/?p=181367"},"modified":"2015-05-20T17:14:27","modified_gmt":"2015-05-20T14:14:27","slug":"cine-este-sevil-shhaideh-noul-ministru-al-dezvoltarii","status":"publish","type":"post","link":"https:\/\/analyse.optim.biz\/?p=181367","title":{"rendered":"Cine este Sevil Shhaideh, noul ministru al Dezvolt\u0103rii"},"content":{"rendered":"<div class=\"entry data-app-meta data-app-meta-article\" data-embed-base-url-canonical=\"https:\/\/www.digi24.ro\/embed\/stiri\/actualitate\/politica\/cine-este-sevil-shhaideh-noul-ministru-al-dezvoltarii-393885\">\n<p data-index=\"1\">Noul ministru a lucrat vreme de aproape dou\u0103 decenii la Consiliul Jude\u0163ean Constan\u0163a. Dup\u0103 2004, s-a apropiat at\u00e2t de Nicu\u015for Constantinescu, c\u00e2t \u015fi de Liviu Dragnea. \u00cen 2012, a fost numit\u0103 secretar de stat \u015fi, acum, iat\u0103, se preg\u0103te\u015fte s\u0103 devin\u0103 ministru al Dezvolt\u0103rii.<\/p>\n<p data-index=\"2\">Sevil Shhaideh <strong>s-a angajat la Consiliul Jude\u0163ean Constan\u0163a \u00een 1993<\/strong>. A fost, <strong>p\u00e2n\u0103 \u00een 2007, directorul departamentului de Sisteme Informatice din cadrul institu\u0163iei<\/strong>. Apoi, <strong>\u00eentre 2007-2012, a ocupat func\u0163ia de \u015fef al Direc\u0163iei Generale de Proiecte<\/strong>. \u00cen aceea\u015fi perioad\u0103, a fost \u015fi coordonator al Uniunii Na\u0163ionale a Consiliilor Jude\u0163ene din Rom\u00e2nia. Din aceast\u0103 calitate a \u00eenceput colaborarea cu Liviu Dragnea. Din 2012, dup\u0103 c\u0103derea guvernului Mihai R\u0103zvan Ungureanu, Sevil Shhaideh s-a mutat la Ministerul Dezvolt\u0103rii.<\/p>\n<p data-index=\"3\"><strong>Cristinel Dragomir, pre\u015fedintele interimar al Consiliului Jude\u0163ean Constan\u0163a:<\/strong><span><em>Personal, sunt convins c\u0103 valoarea ei profesional\u0103 a recomandat-o pentru aceast\u0103 func\u0163ie de secretar de stat \u015fi, iat\u0103, \u015fi pentru cea de ministru.<\/em><\/span><\/p>\n<p data-index=\"4\">Sevil Shhaideh s-a c\u0103s\u0103torit cu un cet\u0103\u0163ean sirian. <strong>Martori au fost Nicu\u015for Constantinescu \u015fi Liviu Dragnea. <\/strong><\/p>\n<p data-index=\"5\"><strong>Liviu Dragnea, fost ministrul al Dezvolt\u0103rii:<\/strong><span><em>Cred c\u0103 va fi un ministru foarte bun. Nu vine m\u00e2ine sau ast\u0103zi pentru prima dat\u0103 \u00een minister. \u00cen religia musulman\u0103 nu exist\u0103 termenul de na\u015f, sunt martori. O cunosc pe doamna Sevil de 15 ani, nu numai eu, to\u0163i cei care am lucrat \u00een administra\u0163ia local\u0103. Am fost mai mul\u0163i \u015fi am fost numi\u0163i martori.<\/em><\/span><\/p>\n<p data-index=\"6\"><strong>Mihai Petre, fost consilier jude\u0163ean:<\/strong><span><em>Intrarea sa \u00een minister s-a datorat profesionalismului s\u0103u. \u00cens\u0103 ca ministru, este evident c\u0103, dac\u0103 doamna Sevil nu era fina domnului Dragnea, ast\u0103zi nu ar fi fost propus\u0103.<\/em><\/span><\/p>\n<p data-index=\"7\">Pu\u0163in peste 55.000 de lei a c\u00e2\u015ftigat, \u00een 2014, Sevil Shhaideh ca secretar de stat \u00een subordinea lui Liviu Dragnea. La aceast\u0103 sum\u0103, se adaug\u0103 al\u0163i 60.000 de lei pe care i-a primit ca membru al unei structuri a Exim Bank. De asemenea, \u00eempreun\u0103 cu so\u0163ul ei, Sevil Shhaideh de\u0163ine o firm\u0103 ce are ca activitate principal\u0103 comer\u0163ul de produse alimentare, tutun \u015fi b\u0103uturile alcoolice \u00een diferite magazine. Sevil Shhaideh mai de\u0163ine un apartament \u00een municipiul Constan\u0163a, achizi\u0163ionat \u00eenc\u0103 din 1994.<\/p>\n<\/div>\n<p> Source URL: https:\/\/www.digi24.ro\/stiri\/actualitate\/politica\/cine-este-sevil-shhaideh-noul-ministru-al-dezvoltarii-393885<\/p>\n","protected":false},"excerpt":{"rendered":"<p>Noul ministru a lucrat vreme de aproape dou\u0103 decenii la Consiliul Jude\u0163ean Constan\u0163a. Dup\u0103 2004, s-a apropiat at\u00e2t de Nicu\u015for Constantinescu, c\u00e2t \u015fi de Liviu Dragnea. \u00cen 2012, a fost numit\u0103 secretar de stat \u015fi, acum, iat\u0103, se preg\u0103te\u015fte s\u0103 devin\u0103 ministru al Dezvolt\u0103rii. Sevil Shhaideh s-a angajat la Consiliul Jude\u0163ean Constan\u0163a \u00een 1993. A [&hellip;]<\/p>\n","protected":false},"author":1,"featured_media":181368,"comment_status":"open","ping_status":"","sticky":false,"template":"","format":"standard","meta":{"footnotes":""},"categories":[2],"tags":[11],"class_list":["post-181367","post","type-post","status-publish","format-standard","has-post-thumbnail","hentry","category-politics","tag-digi24"],"_links":{"self":[{"href":"https:\/\/analyse.optim.biz\/index.php?rest_route=\/wp\/v2\/posts\/181367","targetHints":{"allow":["GET"]}}],"collection":[{"href":"https:\/\/analyse.optim.biz\/index.php?rest_route=\/wp\/v2\/posts"}],"about":[{"href":"https:\/\/analyse.optim.biz\/index.php?rest_route=\/wp\/v2\/types\/post"}],"author":[{"embeddable":true,"href":"https:\/\/analyse.optim.biz\/index.php?rest_route=\/wp\/v2\/users\/1"}],"replies":[{"embeddable":true,"href":"https:\/\/analyse.optim.biz\/index.php?rest_route=%2Fwp%2Fv2%2Fcomments&post=181367"}],"version-history":[{"count":0,"href":"https:\/\/analyse.optim.biz\/index.php?rest_route=\/wp\/v2\/posts\/181367\/revisions"}],"wp:featuredmedia":[{"embeddable":true,"href":"https:\/\/analyse.optim.biz\/index.php?rest_route=\/wp\/v2\/media\/181368"}],"wp:attachment":[{"href":"https:\/\/analyse.optim.biz\/index.php?rest_route=%2Fwp%2Fv2%2Fmedia&parent=181367"}],"wp:term":[{"taxonomy":"category","embeddable":true,"href":"https:\/\/analyse.optim.biz\/index.php?rest_route=%2Fwp%2Fv2%2Fcategories&post=181367"},{"taxonomy":"post_tag","embeddable":true,"href":"https:\/\/analyse.optim.biz\/index.php?rest_route=%2Fwp%2Fv2%2Ftags&post=181367"}],"curies":[{"name":"wp","href":"https:\/\/api.w.org\/{rel}","templated":true}]}}