{"id":1813632,"date":"2026-03-06T13:28:07","date_gmt":"2026-03-06T10:28:07","guid":{"rendered":"https:\/\/analyse.optim.biz\/?p=1813632"},"modified":"2026-03-06T13:28:07","modified_gmt":"2026-03-06T10:28:07","slug":"georgiana-teodorescu-aur-cand-vine-vorba-de-copii-romani-aflati-intr-o-zona-de-conflict-nu-exista-criterii-exista-responsabilitate","status":"publish","type":"post","link":"https:\/\/analyse.optim.biz\/?p=1813632","title":{"rendered":"Georgiana Teodorescu (AUR): \u201eC\u00e2nd vine vorba de copii rom\u00e2ni afla\u021bi \u00eentr-o zon\u0103 de conflict, nu exist\u0103 \u2018criterii\u2019. Exist\u0103 responsabilitate\u201d"},"content":{"rendered":"<p>[analyse_image type=&#8221;featured&#8221; src=&#8221;https:\/\/gazetadinvest.ro\/wp-content\/uploads\/2026\/03\/aur.jpeg&#8221;]<\/p>\n<div class=\"td-post-content tagdiv-type\">\n<div class=\"td-post-featured-image\"><a href=\"https:\/\/gazetadinvest.ro\/wp-content\/uploads\/2026\/03\/aur.jpeg\" data-caption><img loading=\"lazy\" decoding=\"async\" width=\"696\" height=\"519\" class=\"entry-thumb td-modal-image\" src=\"https:\/\/gazetadinvest.ro\/wp-content\/uploads\/2026\/03\/aur-696x519.jpeg\" alt title=\"aur\"><\/a><\/div>\n<p><em>\u201eScandalul declan\u0219at de modul \u00een care Ministerul Afacerilor Externe a gestionat situa\u021bia unui grup de minori rom\u00e2ni afla\u021bi \u00een Orientul Mijlociu continu\u0103 s\u0103 ridice \u00eentreb\u0103ri grave despre competen\u021ba \u0219i responsabilitatea conducerii diploma\u021biei rom\u00e2ne\u0219ti. Explica\u021biile oferite de ministrul de Externe, Oana \u021aoiu, \u00een interviurile acordate presei nu fac dec\u00e2t s\u0103 amplifice revolta public\u0103.<\/em><\/p>\n<p><em>Invocarea unor \u201ecriterii\u201d pentru a justifica de ce o minor\u0103 rom\u00e2nc\u0103 nu a fost l\u0103sat\u0103 s\u0103 urce \u00eentr-un autocar organizat pentru evacuarea copiilor din zon\u0103 este o explica\u021bie care frizeaz\u0103 cinismul. \u00cen momentul \u00een care vorbim despre copii minori afla\u021bi \u00eentr-o regiune tensionat\u0103, statul rom\u00e2n nu are voie s\u0103 opereze cu formule birocratice sau justific\u0103ri tehnice.<\/em><\/p>\n<p><em>Nu exist\u0103 \u201ecriterii\u201d atunci c\u00e2nd este vorba despre siguran\u021ba unor copii. Exist\u0103 o singur\u0103 obliga\u021bie: protejarea cet\u0103\u021benilor rom\u00e2ni.<\/em><\/p>\n<p><em>Mai mult, dac\u0103 se confirm\u0103 informa\u021bia c\u0103 \u00een avionul care a preluat grupul de minori a fost prezent un singur adult \u00eenso\u021bitor, atunci \u00eentreaga argumenta\u021bie invocat\u0103 de Ministerul Afacerilor Externe se pr\u0103bu\u0219e\u0219te. \u00cen aceste condi\u021bii, explica\u021biile despre \u201ecriterii\u201d devin nu doar insuficiente, ci complet lipsite de logic\u0103.<\/em><\/p>\n<p><em>Indiferent al cui este un copil, el r\u0103m\u00e2ne un minor neajutorat, singur, \u00eentr-o zon\u0103 de conflict, expus unor pericole majore. Statul rom\u00e2n are obliga\u021bia s\u0103 intervin\u0103 f\u0103r\u0103 ezitare \u0219i f\u0103r\u0103 discrimin\u0103ri.<\/em><\/p>\n<p><em>Ministerul Afacerilor Externe trebuie s\u0103 apere to\u021bi cet\u0103\u021benii rom\u00e2ni, nu doar pe cei care sus\u021bin coali\u021bia de guvernare. \u00cen astfel de situa\u021bii nu exist\u0103 apartenen\u021be politice, nu exist\u0103 preferin\u021be \u0219i nu exist\u0103 selec\u021bii arbitrare. Exist\u0103 doar responsabilitatea statului de a-\u0219i proteja cet\u0103\u021benii.<\/em><\/p>\n<p><em>Discriminarea \u00eentr-un astfel de context atinge dimensiuni extrem de grave \u0219i poate avea inclusiv implica\u021bii de natur\u0103 penal\u0103. Cei care au luat decizii gre\u0219ite \u00eentr-o situa\u021bie care implic\u0103 siguran\u021ba unor minori trebuie s\u0103 r\u0103spund\u0103.<\/em><\/p>\n<p><em>Acest episod nu este, din p\u0103cate, o excep\u021bie. \u00cen ultimele luni, mandatul Oanei \u021aoiu a fost marcat de mai multe gafe publice \u0219i de o serie de declara\u021bii care au pus \u00eentr-o lumin\u0103 proast\u0103 diploma\u021bia rom\u00e2neasc\u0103. \u00cen locul unei politici externe ferme \u0219i coerente, Rom\u00e2nia pare reprezentat\u0103 de o conducere care improvizeaz\u0103 \u0219i reac\u021bioneaz\u0103 t\u00e2rziu \u00een momente sensibile.<\/em><\/p>\n<p><em>Ca europarlamentar rom\u00e2n, consider c\u0103 imaginea \u0219i credibilitatea Rom\u00e2niei \u00een plan interna\u021bional sunt afectate atunci c\u00e2nd astfel de situa\u021bii sunt gestionate superficial \u0219i explicate prin formule birocratice lipsite de responsabilitate.<\/em><\/p>\n<p><em>Din aceste motive, cer public demisia ministrului de Externe Oana \u021aoiu \u0219i \u00eei solicit prim-ministrului Ilie Bolojan s\u0103 o demit\u0103 de urgen\u021b\u0103 din func\u021bie. Rom\u00e2nia are nevoie de o diploma\u021bie care \u00ee\u0219i protejeaz\u0103 cet\u0103\u021benii \u00een mod egal \u0219i responsabil, nu de explica\u021bii birocratice oferite dup\u0103 ce lucrurile scap\u0103 de sub control\u201d,<\/em> a declarat europarlamentarul AUR\/ECR, Georgiana Teodorescu.<\/p>\n<p>Transparen\u021ba asupra articolelor de acest gen\u2013&gt;<a href=\"https:\/\/gazetadinvest.ro\/wp-content\/uploads\/2026\/02\/VEDETI-AICI.txt\">VEDE\u021aI AICI<\/a><\/p>\n<p>\u00a0<\/p>\n<\/div>\n<div class=\"td-post-content tagdiv-type\">\n<div class=\"td-post-featured-image\"><a href=\"https:\/\/gazetadinvest.ro\/wp-content\/uploads\/2026\/03\/aur.jpeg\" data-caption><img loading=\"lazy\" decoding=\"async\" width=\"696\" height=\"519\" class=\"entry-thumb td-modal-image\" src=\"https:\/\/gazetadinvest.ro\/wp-content\/uploads\/2026\/03\/aur-696x519.jpeg\" alt title=\"aur\"><\/a><\/div>\n<p><em>\u201eScandalul declan\u0219at de modul \u00een care Ministerul Afacerilor Externe a gestionat situa\u021bia unui grup de minori rom\u00e2ni afla\u021bi \u00een Orientul Mijlociu continu\u0103 s\u0103 ridice \u00eentreb\u0103ri grave despre competen\u021ba \u0219i responsabilitatea conducerii diploma\u021biei rom\u00e2ne\u0219ti. Explica\u021biile oferite de ministrul de Externe, Oana \u021aoiu, \u00een interviurile acordate presei nu fac dec\u00e2t s\u0103 amplifice revolta public\u0103.<\/em><\/p>\n<p><em>Invocarea unor \u201ecriterii\u201d pentru a justifica de ce o minor\u0103 rom\u00e2nc\u0103 nu a fost l\u0103sat\u0103 s\u0103 urce \u00eentr-un autocar organizat pentru evacuarea copiilor din zon\u0103 este o explica\u021bie care frizeaz\u0103 cinismul. \u00cen momentul \u00een care vorbim despre copii minori afla\u021bi \u00eentr-o regiune tensionat\u0103, statul rom\u00e2n nu are voie s\u0103 opereze cu formule birocratice sau justific\u0103ri tehnice.<\/em><\/p>\n<p><em>Nu exist\u0103 \u201ecriterii\u201d atunci c\u00e2nd este vorba despre siguran\u021ba unor copii. Exist\u0103 o singur\u0103 obliga\u021bie: protejarea cet\u0103\u021benilor rom\u00e2ni.<\/em><\/p>\n<p><em>Mai mult, dac\u0103 se confirm\u0103 informa\u021bia c\u0103 \u00een avionul care a preluat grupul de minori a fost prezent un singur adult \u00eenso\u021bitor, atunci \u00eentreaga argumenta\u021bie invocat\u0103 de Ministerul Afacerilor Externe se pr\u0103bu\u0219e\u0219te. \u00cen aceste condi\u021bii, explica\u021biile despre \u201ecriterii\u201d devin nu doar insuficiente, ci complet lipsite de logic\u0103.<\/em><\/p>\n<p><em>Indiferent al cui este un copil, el r\u0103m\u00e2ne un minor neajutorat, singur, \u00eentr-o zon\u0103 de conflict, expus unor pericole majore. Statul rom\u00e2n are obliga\u021bia s\u0103 intervin\u0103 f\u0103r\u0103 ezitare \u0219i f\u0103r\u0103 discrimin\u0103ri.<\/em><\/p>\n<p><em>Ministerul Afacerilor Externe trebuie s\u0103 apere to\u021bi cet\u0103\u021benii rom\u00e2ni, nu doar pe cei care sus\u021bin coali\u021bia de guvernare. \u00cen astfel de situa\u021bii nu exist\u0103 apartenen\u021be politice, nu exist\u0103 preferin\u021be \u0219i nu exist\u0103 selec\u021bii arbitrare. Exist\u0103 doar responsabilitatea statului de a-\u0219i proteja cet\u0103\u021benii.<\/em><\/p>\n<p><em>Discriminarea \u00eentr-un astfel de context atinge dimensiuni extrem de grave \u0219i poate avea inclusiv implica\u021bii de natur\u0103 penal\u0103. Cei care au luat decizii gre\u0219ite \u00eentr-o situa\u021bie care implic\u0103 siguran\u021ba unor minori trebuie s\u0103 r\u0103spund\u0103.<\/em><\/p>\n<p><em>Acest episod nu este, din p\u0103cate, o excep\u021bie. \u00cen ultimele luni, mandatul Oanei \u021aoiu a fost marcat de mai multe gafe publice \u0219i de o serie de declara\u021bii care au pus \u00eentr-o lumin\u0103 proast\u0103 diploma\u021bia rom\u00e2neasc\u0103. \u00cen locul unei politici externe ferme \u0219i coerente, Rom\u00e2nia pare reprezentat\u0103 de o conducere care improvizeaz\u0103 \u0219i reac\u021bioneaz\u0103 t\u00e2rziu \u00een momente sensibile.<\/em><\/p>\n<p><em>Ca europarlamentar rom\u00e2n, consider c\u0103 imaginea \u0219i credibilitatea Rom\u00e2niei \u00een plan interna\u021bional sunt afectate atunci c\u00e2nd astfel de situa\u021bii sunt gestionate superficial \u0219i explicate prin formule birocratice lipsite de responsabilitate.<\/em><\/p>\n<p><em>Din aceste motive, cer public demisia ministrului de Externe Oana \u021aoiu \u0219i \u00eei solicit prim-ministrului Ilie Bolojan s\u0103 o demit\u0103 de urgen\u021b\u0103 din func\u021bie. Rom\u00e2nia are nevoie de o diploma\u021bie care \u00ee\u0219i protejeaz\u0103 cet\u0103\u021benii \u00een mod egal \u0219i responsabil, nu de explica\u021bii birocratice oferite dup\u0103 ce lucrurile scap\u0103 de sub control\u201d,<\/em> a declarat europarlamentarul AUR\/ECR, Georgiana Teodorescu.<\/p>\n<p>Transparen\u021ba asupra articolelor de acest gen\u2013&gt;<a href=\"https:\/\/gazetadinvest.ro\/wp-content\/uploads\/2026\/02\/VEDETI-AICI.txt\">VEDE\u021aI AICI<\/a><\/p>\n<p>\u00a0<\/p>\n<\/div>\n<p>[analyse_source url=&#8221;https:\/\/gazetadinvest.ro\/georgiana-teodorescu-aur-cand-vine-vorba-de-copii-romani-aflati-intr-o-zona-de-conflict-nu-exista-criterii-exista-responsabilitate\/&#8221;]<\/p>\n","protected":false},"excerpt":{"rendered":"<p>[analyse_image type=&#8221;featured&#8221; src=&#8221;https:\/\/gazetadinvest.ro\/wp-content\/uploads\/2026\/03\/aur.jpeg&#8221;] \u201eScandalul declan\u0219at de modul \u00een care Ministerul Afacerilor Externe a gestionat situa\u021bia unui grup de minori rom\u00e2ni afla\u021bi \u00een Orientul Mijlociu continu\u0103 s\u0103 ridice \u00eentreb\u0103ri grave despre competen\u021ba \u0219i responsabilitatea conducerii diploma\u021biei rom\u00e2ne\u0219ti. Explica\u021biile oferite de ministrul de Externe, Oana \u021aoiu, \u00een interviurile acordate presei nu fac dec\u00e2t s\u0103 amplifice revolta public\u0103. [&hellip;]<\/p>\n","protected":false},"author":1,"featured_media":0,"comment_status":"open","ping_status":"","sticky":false,"template":"","format":"standard","meta":{"footnotes":""},"categories":[89],"tags":[226,203],"class_list":["post-1813632","post","type-post","status-publish","format-standard","hentry","category-romania","tag-crawlmanager","tag-gazetadinvest-ro"],"_links":{"self":[{"href":"https:\/\/analyse.optim.biz\/index.php?rest_route=\/wp\/v2\/posts\/1813632","targetHints":{"allow":["GET"]}}],"collection":[{"href":"https:\/\/analyse.optim.biz\/index.php?rest_route=\/wp\/v2\/posts"}],"about":[{"href":"https:\/\/analyse.optim.biz\/index.php?rest_route=\/wp\/v2\/types\/post"}],"author":[{"embeddable":true,"href":"https:\/\/analyse.optim.biz\/index.php?rest_route=\/wp\/v2\/users\/1"}],"replies":[{"embeddable":true,"href":"https:\/\/analyse.optim.biz\/index.php?rest_route=%2Fwp%2Fv2%2Fcomments&post=1813632"}],"version-history":[{"count":0,"href":"https:\/\/analyse.optim.biz\/index.php?rest_route=\/wp\/v2\/posts\/1813632\/revisions"}],"wp:attachment":[{"href":"https:\/\/analyse.optim.biz\/index.php?rest_route=%2Fwp%2Fv2%2Fmedia&parent=1813632"}],"wp:term":[{"taxonomy":"category","embeddable":true,"href":"https:\/\/analyse.optim.biz\/index.php?rest_route=%2Fwp%2Fv2%2Fcategories&post=1813632"},{"taxonomy":"post_tag","embeddable":true,"href":"https:\/\/analyse.optim.biz\/index.php?rest_route=%2Fwp%2Fv2%2Ftags&post=1813632"}],"curies":[{"name":"wp","href":"https:\/\/api.w.org\/{rel}","templated":true}]}}