{"id":1813570,"date":"2026-03-05T20:33:07","date_gmt":"2026-03-05T17:33:07","guid":{"rendered":"https:\/\/analyse.optim.biz\/?p=1813570"},"modified":"2026-03-05T20:33:07","modified_gmt":"2026-03-05T17:33:07","slug":"2026-anul-constantin-brancusi-2","status":"publish","type":"post","link":"https:\/\/analyse.optim.biz\/?p=1813570","title":{"rendered":"2026 \u2013 \u201eAnul Constantin Br\u00e2ncu\u0219i\u201d"},"content":{"rendered":"<p>[analyse_image type=&#8221;featured&#8221; src=&#8221;https:\/\/www.tvbuzau.ro\/wp-content\/uploads\/2026\/03\/hqdefault-5.jpghttps:\/\/www.tvbuzau.ro\/wp-content\/uploads\/2026\/03\/hqdefault-5.jpg&#8221;]<\/p>\n<div class=\"td-ss-main-content\">\n<article id=\"post-118250\" class=\"post-118250 post type-post status-publish format-video has-post-thumbnail hentry category-actualitate post_format-post-format-video\">\n<div class=\"td-post-header\">\n<ul class=\"td-category\">\n<li class=\"entry-category\"><a href=\"https:\/\/www.tvbuzau.ro\/category\/actualitate\/\">Actualitate<\/a><\/li>\n<\/ul>\n<header class=\"td-post-title\">\n<h1 class=\"entry-title\">2026 \u2013 \u201eAnul Constantin Br\u00e2ncu\u0219i\u201d<\/h1>\n<div class=\"td-module-meta-info\">\n<div class=\"td-post-author-name\">De c\u0103tre <a href=\"https:\/\/www.tvbuzau.ro\/author\/mihai-vasilescu\/\">TV Buz\u0103u<\/a> &#8211; <\/div>\n<p><span class=\"td-post-date\"><time class=\"entry-date updated td-module-date\" datetime=\"2026-03-05T20:33:07+00:00\">martie 5, 2026<\/time><\/span><\/p>\n<div class=\"td-post-comments\"><a href=\"https:\/\/www.tvbuzau.ro\/2026-anul-constantin-brancusi\/#respond\">0<\/a><\/div>\n<div class=\"td-post-views\"><span class=\"td-nr-views-118250\">11<\/span><\/div>\n<\/div>\n<\/header>\n<\/div>\n<div class=\"td-post-sharing td-post-sharing-top td-with-like\">\n<div class=\"td-default-sharing\"><a class=\"td-social-sharing-buttons td-social-facebook\" href=\"http:\/\/www.facebook.com\/sharer.php?u=https%3A%2F%2Fwww.tvbuzau.ro%2F2026-anul-constantin-brancusi%2F\"><\/p>\n<div class=\"td-social-but-text\">Distribui\u021bi pe Facebook<\/div>\n<p><\/a><a class=\"td-social-sharing-buttons td-social-twitter\" href=\"https:\/\/twitter.com\/intent\/tweet?text=2026+%E2%80%93+%E2%80%9EAnul+Constantin+Br%C3%A2ncu%C8%99i%E2%80%9D&amp;url=https%3A%2F%2Fwww.tvbuzau.ro%2F2026-anul-constantin-brancusi%2F&amp;via=TV+Buz%C4%83u\"><\/p>\n<div class=\"td-social-but-text\">Distribui\u021bi pe Twitter<\/div>\n<p><\/a><\/div>\n<div class=\"td-classic-sharing\">\n<ul>\n<li class=\"td-classic-facebook\"><iframe frameborder src=\"https:\/\/www.facebook.com\/plugins\/like.php?href=https:\/\/www.tvbuzau.ro\/2026-anul-constantin-brancusi\/&amp;layout=button_count&amp;show_faces=false&amp;width=105&amp;action=like&amp;colorscheme=light&amp;height=21\"><\/iframe><\/li>\n<li class=\"td-classic-twitter\"><a href=\"https:\/\/twitter.com\/share\" class=\"twitter-share-button\" data-url=\"https:\/\/www.tvbuzau.ro\/2026-anul-constantin-brancusi\/\" data-text=\"2026 \u2013 \u201eAnul Constantin Br\u00e2ncu\u0219i\u201d\" data-via data-lang=\"en\">tweet<\/a><\/li>\n<\/ul>\n<\/div>\n<\/div>\n<div class=\"td-post-content\">\n<div class=\"td-featured-image-rec\">\n<div class=\"wpb_video_wrapper\">\n                    <iframe loading=\"lazy\" id=\"td_youtube_player\" width=\"600\" height=\"560\" src=\"https:\/\/www.youtube.com\/embed\/BjQ1Q-XVDZA?enablejsapi=1&amp;feature=oembed&amp;wmode=opaque&amp;vq=hd720\" frameborder allowfullscreen><\/iframe><\/p><\/div>\n<\/div>\n<p>Str\u00e2nsa leg\u0103tur\u0103 a marelui artist cu Buz\u0103ul<br \/>\n2026 \u2013 \u201eAnul Constantin Br\u00e2ncu\u0219i\u201d \u2013 a fost instituit pentru a marca 150 de ani de la na\u0219terea artistului. Constantin Br\u00e2ncu\u0219i, n\u0103scut la 19 februarie 1876 \u00een Hobi\u021ba, jude\u021bul Gorj, este recunoscut drept unul dintre cei mai mari sculptori ai secolului al XX-lea.<br \/>\nBuz\u0103ul este str\u00e2ns legat de marele artist.<br \/>\n\u00cen 1907, Eliza St\u0103nescu, v\u0103duva t\u00e2n\u0103rului avocat buzoian Petre St\u0103nescu (mort la doar 31 de ani), a mers la Paris pentru a-i comanda lui Br\u00e2ncu\u0219i un monument funerar.<br \/>\nSculptorul a primit 7.500 de lei aur, bani cu care \u0219i-a utilat celebrul atelier din Paris. Ansamblul este format din dou\u0103 sculpturi emblematice: \u201eRug\u0103ciunea\u201d: o lucrare de cotitur\u0103 \u00een arta mondial\u0103, care marcheaz\u0103 desprinderea lui Br\u00e2ncu\u0219i de influen\u021ba lui Rodin \u0219i trecerea c\u0103tre formele esen\u021bializate, modern \u015fi: o reprezentare realist\u0103 a avocatului, prezint\u0103 Biblioteca Jude\u0163ean\u0103 \u201cVasile Voiculescu\u201d.<br \/>\nInstitu\u0163ia de cultur\u0103 aminte\u015fte de faptul c\u0103 marele artist Constantin Br\u00e2ncu\u0219i a locuit efectiv \u00een Buz\u0103u timp de aproximativ o lun\u0103, \u00eentre 26 mai \u0219i 29 iunie 1914. A fost g\u0103zduit de Eliza St\u0103nescu \u00een casa de pe strada Dobrogei, \u00een prezent, Alexandru Marghiloman.<br \/>\n\u201e\u00cen acest timp, el a cioplit personal \u00een piatr\u0103 de M\u0103gura soclurile pe care au fost montate statuile \u00een Cimitirul Dumbrava. Acele socluri originale, cu semn\u0103tura maestrului, se afl\u0103 \u0219i ast\u0103zi \u00een cimitir. Din motive de siguran\u021b\u0103 \u0219i conservare, originalele au fost mutate de-a lungul timpului. Originalele se afl\u0103 la Muzeul Na\u021bional de Art\u0103 al Rom\u00e2niei (MNAR) din Bucure\u0219ti. Statuia \u201eRug\u0103ciunea\u201d a fost cump\u0103rat\u0103 de stat \u00een 1958, iar \u201eBustul lui Petre St\u0103nescu\u201d\u00een 1976\u201d, arat\u0103 Biblioteca Jude\u0163en\u0103 Buz\u0103u.<br \/>\n\u00cen Cimitirul Dumbrava (pe Aleea Br\u00e2ncu\u0219i) pot fi admirate ast\u0103zi copii fidele din bronz.<\/p>\n<div class=\"post-views post-118250 entry-meta\"><span class=\"post-views-label\">Post Views: <\/span><span class=\"post-views-count\">157<\/span><\/div>\n<\/div>\n<footer>\n<div class=\"td-post-sharing td-post-sharing-bottom td-with-like\"><span class=\"td-post-share-title\">DISTRIBUI\u021aI<\/span><\/p>\n<div class=\"td-default-sharing\"><a class=\"td-social-sharing-buttons td-social-facebook\" href=\"http:\/\/www.facebook.com\/sharer.php?u=https%3A%2F%2Fwww.tvbuzau.ro%2F2026-anul-constantin-brancusi%2F\"><\/p>\n<div class=\"td-social-but-text\">Facebook<\/div>\n<p><\/a><a class=\"td-social-sharing-buttons td-social-twitter\" href=\"https:\/\/twitter.com\/intent\/tweet?text=2026+%E2%80%93+%E2%80%9EAnul+Constantin+Br%C3%A2ncu%C8%99i%E2%80%9D&amp;url=https%3A%2F%2Fwww.tvbuzau.ro%2F2026-anul-constantin-brancusi%2F&amp;via=TV+Buz%C4%83u\"><\/p>\n<div class=\"td-social-but-text\">Twitter<\/div>\n<p><\/a><\/div>\n<div class=\"td-classic-sharing\">\n<ul>\n<li class=\"td-classic-facebook\"><iframe frameborder src=\"https:\/\/www.facebook.com\/plugins\/like.php?href=https:\/\/www.tvbuzau.ro\/2026-anul-constantin-brancusi\/&amp;layout=button_count&amp;show_faces=false&amp;width=105&amp;action=like&amp;colorscheme=light&amp;height=21\"><\/iframe><\/li>\n<li class=\"td-classic-twitter\"><a href=\"https:\/\/twitter.com\/share\" class=\"twitter-share-button\" data-url=\"https:\/\/www.tvbuzau.ro\/2026-anul-constantin-brancusi\/\" data-text=\"2026 \u2013 \u201eAnul Constantin Br\u00e2ncu\u0219i\u201d\" data-via data-lang=\"en\">tweet<\/a><\/li>\n<\/ul>\n<\/div>\n<\/div>\n<div class=\"td-author-name vcard author\"><span class=\"fn\"><a href=\"https:\/\/www.tvbuzau.ro\/author\/mihai-vasilescu\/\">TV Buz\u0103u<\/a><\/span><\/div>\n<p><span><\/span><span><span><\/span><\/span><span><\/span><\/footer>\n<\/article>\n<div class=\"td_block_wrap td_block_related_posts td_uid_1_69ac8a99676eb_rand td_with_ajax_pagination td-pb-border-top\" data-td-block-uid=\"td_uid_1_69ac8a99676eb\">\n<h4 class=\"td-related-title\"><a id=\"td_uid_2_69ac8a996cf4f\" class=\"td-related-left td-cur-simple-item\" data-td_filter_value data-td_block_id=\"td_uid_1_69ac8a99676eb\" href=\"https:\/\/www.tvbuzau.ro\/2026-anul-constantin-brancusi\/\">ARTICOLE SIMILARE<\/a><a id=\"td_uid_3_69ac8a996cf89\" class=\"td-related-right\" data-td_filter_value=\"td_related_more_from_author\" data-td_block_id=\"td_uid_1_69ac8a99676eb\" href=\"https:\/\/www.tvbuzau.ro\/2026-anul-constantin-brancusi\/\">DE LA ACELA\u0218I AUTOR<\/a><\/h4>\n<div id=\"td_uid_1_69ac8a99676eb\" class=\"td_block_inner\">\n<div class=\"td-related-row\">\n<div class=\"td-related-span4\">\n<div class=\"td_module_related_posts td-animation-stack td_mod_related_posts\">\n<div class=\"td-module-image\">\n<div class=\"td-module-thumb\"><a href=\"https:\/\/www.tvbuzau.ro\/de-marti-buzoienii-pot-sa-isi-ia-o-parte-din-sumele-impozitelor-inapoi\/\" rel=\"bookmark\" title=\"De mar\u021bi, buzoienii pot s\u0103 \u00ee\u0219i ia o parte din sumele impozitelor \u00eenapoi\"><img loading=\"lazy\" decoding=\"async\" width=\"218\" height=\"150\" class=\"entry-thumb\" src=\"https:\/\/www.tvbuzau.ro\/wp-content\/uploads\/2026\/03\/hqdefault-10-218x150.jpg\" alt title=\"De mar\u021bi, buzoienii pot s\u0103 \u00ee\u0219i ia o parte din sumele impozitelor \u00eenapoi\"><span class=\"td-video-play-ico\"><img loading=\"lazy\" decoding=\"async\" width=\"40\" height=\"40\" class=\"td-retina\" src=\"https:\/\/www.tvbuzau.ro\/wp-content\/themes\/Newspaper\/images\/icons\/ico-video-large.png\" alt=\"video\"><\/span><\/a><\/div>\n<p><a href=\"https:\/\/www.tvbuzau.ro\/category\/actualitate\/\" class=\"td-post-category\">Actualitate<\/a><\/div>\n<div class=\"item-details\">\n<h3 class=\"entry-title td-module-title\"><a href=\"https:\/\/www.tvbuzau.ro\/de-marti-buzoienii-pot-sa-isi-ia-o-parte-din-sumele-impozitelor-inapoi\/\" rel=\"bookmark\" title=\"De mar\u021bi, buzoienii pot s\u0103 \u00ee\u0219i ia o parte din sumele impozitelor \u00eenapoi\">De mar\u021bi, buzoienii pot s\u0103 \u00ee\u0219i ia o parte din sumele impozitelor \u00eenapoi<\/a><\/h3>\n<\/div>\n<\/div>\n<\/div>\n<div class=\"td-related-span4\">\n<div class=\"td_module_related_posts td-animation-stack td_mod_related_posts\">\n<div class=\"td-module-image\">\n<div class=\"td-module-thumb\"><a href=\"https:\/\/www.tvbuzau.ro\/cercetatorii-scdl-au-lansat-o-scrisoare-deschisa-catre-premier\/\" rel=\"bookmark\" title=\"Cercet\u0103torii SCDL au lansat o scrisoare deschis\u0103 c\u0103tre premier\"><img loading=\"lazy\" decoding=\"async\" width=\"218\" height=\"150\" class=\"entry-thumb\" src=\"https:\/\/www.tvbuzau.ro\/wp-content\/uploads\/2026\/03\/hqdefault-9-218x150.jpg\" alt title=\"Cercet\u0103torii SCDL au lansat o scrisoare deschis\u0103 c\u0103tre premier\"><span class=\"td-video-play-ico\"><img loading=\"lazy\" decoding=\"async\" width=\"40\" height=\"40\" class=\"td-retina\" src=\"https:\/\/www.tvbuzau.ro\/wp-content\/themes\/Newspaper\/images\/icons\/ico-video-large.png\" alt=\"video\"><\/span><\/a><\/div>\n<p><a href=\"https:\/\/www.tvbuzau.ro\/category\/actualitate\/\" class=\"td-post-category\">Actualitate<\/a><\/div>\n<div class=\"item-details\">\n<h3 class=\"entry-title td-module-title\"><a href=\"https:\/\/www.tvbuzau.ro\/cercetatorii-scdl-au-lansat-o-scrisoare-deschisa-catre-premier\/\" rel=\"bookmark\" title=\"Cercet\u0103torii SCDL au lansat o scrisoare deschis\u0103 c\u0103tre premier\">Cercet\u0103torii SCDL au lansat o scrisoare deschis\u0103 c\u0103tre premier<\/a><\/h3>\n<\/div>\n<\/div>\n<\/div>\n<div class=\"td-related-span4\">\n<div class=\"td_module_related_posts td-animation-stack td_mod_related_posts\">\n<div class=\"td-module-image\">\n<div class=\"td-module-thumb\"><a href=\"https:\/\/www.tvbuzau.ro\/floraresele-din-piata-centrala-primesc-flori-de-la-clienti\/\" rel=\"bookmark\" title=\"Flor\u0103resele din Pia\u0163a central\u0103 primesc flori de la clien\u0163i\"><img loading=\"lazy\" decoding=\"async\" width=\"218\" height=\"150\" class=\"entry-thumb\" src=\"https:\/\/www.tvbuzau.ro\/wp-content\/uploads\/2026\/03\/hqdefault-8-218x150.jpg\" alt title=\"Flor\u0103resele din Pia\u0163a central\u0103 primesc flori de la clien\u0163i\"><span class=\"td-video-play-ico\"><img loading=\"lazy\" decoding=\"async\" width=\"40\" height=\"40\" class=\"td-retina\" src=\"https:\/\/www.tvbuzau.ro\/wp-content\/themes\/Newspaper\/images\/icons\/ico-video-large.png\" alt=\"video\"><\/span><\/a><\/div>\n<p><a href=\"https:\/\/www.tvbuzau.ro\/category\/actualitate\/\" class=\"td-post-category\">Actualitate<\/a><\/div>\n<div class=\"item-details\">\n<h3 class=\"entry-title td-module-title\"><a href=\"https:\/\/www.tvbuzau.ro\/floraresele-din-piata-centrala-primesc-flori-de-la-clienti\/\" rel=\"bookmark\" title=\"Flor\u0103resele din Pia\u0163a central\u0103 primesc flori de la clien\u0163i\">Flor\u0103resele din Pia\u0163a central\u0103 primesc flori de la clien\u0163i<\/a><\/h3>\n<\/div>\n<\/div>\n<\/div>\n<\/div>\n<div class=\"td-related-row\">\n<div class=\"td-related-span4\">\n<div class=\"td_module_related_posts td-animation-stack td_mod_related_posts\">\n<div class=\"td-module-image\">\n<div class=\"td-module-thumb\"><a href=\"https:\/\/www.tvbuzau.ro\/ce-se-mai-intampla-cu-programul-pentru-garduri-electrice\/\" rel=\"bookmark\" title=\"Ce se mai \u00eent\u00e2mpl\u0103 cu programul pentru garduri electrice\"><img loading=\"lazy\" decoding=\"async\" width=\"218\" height=\"150\" class=\"entry-thumb\" src=\"https:\/\/www.tvbuzau.ro\/wp-content\/uploads\/2026\/03\/hqdefault-7-218x150.jpg\" alt title=\"Ce se mai \u00eent\u00e2mpl\u0103 cu programul pentru garduri electrice\"><span class=\"td-video-play-ico\"><img loading=\"lazy\" decoding=\"async\" width=\"40\" height=\"40\" class=\"td-retina\" src=\"https:\/\/www.tvbuzau.ro\/wp-content\/themes\/Newspaper\/images\/icons\/ico-video-large.png\" alt=\"video\"><\/span><\/a><\/div>\n<p><a href=\"https:\/\/www.tvbuzau.ro\/category\/actualitate\/\" class=\"td-post-category\">Actualitate<\/a><\/div>\n<div class=\"item-details\">\n<h3 class=\"entry-title td-module-title\"><a href=\"https:\/\/www.tvbuzau.ro\/ce-se-mai-intampla-cu-programul-pentru-garduri-electrice\/\" rel=\"bookmark\" title=\"Ce se mai \u00eent\u00e2mpl\u0103 cu programul pentru garduri electrice\">Ce se mai \u00eent\u00e2mpl\u0103 cu programul pentru garduri electrice<\/a><\/h3>\n<\/div>\n<\/div>\n<\/div>\n<div class=\"td-related-span4\">\n<div class=\"td_module_related_posts td-animation-stack td_mod_related_posts\">\n<div class=\"td-module-image\">\n<div class=\"td-module-thumb\"><a href=\"https:\/\/www.tvbuzau.ro\/parc-industrial-la-ramnicu-sarat\/\" rel=\"bookmark\" title=\"Parc industrial la R\u00e2mnicu S\u0103rat\"><img loading=\"lazy\" decoding=\"async\" width=\"218\" height=\"150\" class=\"entry-thumb\" src=\"https:\/\/www.tvbuzau.ro\/wp-content\/uploads\/2026\/03\/sddefault-13-218x150.jpg\" alt title=\"Parc industrial la R\u00e2mnicu S\u0103rat\"><span class=\"td-video-play-ico\"><img loading=\"lazy\" decoding=\"async\" width=\"40\" height=\"40\" class=\"td-retina\" src=\"https:\/\/www.tvbuzau.ro\/wp-content\/themes\/Newspaper\/images\/icons\/ico-video-large.png\" alt=\"video\"><\/span><\/a><\/div>\n<p><a href=\"https:\/\/www.tvbuzau.ro\/category\/actualitate\/\" class=\"td-post-category\">Actualitate<\/a><\/div>\n<div class=\"item-details\">\n<h3 class=\"entry-title td-module-title\"><a href=\"https:\/\/www.tvbuzau.ro\/parc-industrial-la-ramnicu-sarat\/\" rel=\"bookmark\" title=\"Parc industrial la R\u00e2mnicu S\u0103rat\">Parc industrial la R\u00e2mnicu S\u0103rat<\/a><\/h3>\n<\/div>\n<\/div>\n<\/div>\n<div class=\"td-related-span4\">\n<div class=\"td_module_related_posts td-animation-stack td_mod_related_posts\">\n<div class=\"td-module-image\">\n<div class=\"td-module-thumb\"><a href=\"https:\/\/www.tvbuzau.ro\/ar-fi-necesara-infiintarea-unui-cabinet-de-vaccinare-anti-hpv\/\" rel=\"bookmark\" title=\"Ar fi necesar\u0103 \u00eenfiin\u0163area unui cabinet de vaccinare anti-HPV\"><img loading=\"lazy\" decoding=\"async\" width=\"218\" height=\"150\" class=\"entry-thumb\" src=\"https:\/\/www.tvbuzau.ro\/wp-content\/uploads\/2026\/03\/hqdefault-6-218x150.jpg\" alt title=\"Ar fi necesar\u0103 \u00eenfiin\u0163area unui cabinet de vaccinare anti-HPV\"><span class=\"td-video-play-ico\"><img loading=\"lazy\" decoding=\"async\" width=\"40\" height=\"40\" class=\"td-retina\" src=\"https:\/\/www.tvbuzau.ro\/wp-content\/themes\/Newspaper\/images\/icons\/ico-video-large.png\" alt=\"video\"><\/span><\/a><\/div>\n<p><a href=\"https:\/\/www.tvbuzau.ro\/category\/actualitate\/\" class=\"td-post-category\">Actualitate<\/a><\/div>\n<div class=\"item-details\">\n<h3 class=\"entry-title td-module-title\"><a href=\"https:\/\/www.tvbuzau.ro\/ar-fi-necesara-infiintarea-unui-cabinet-de-vaccinare-anti-hpv\/\" rel=\"bookmark\" title=\"Ar fi necesar\u0103 \u00eenfiin\u0163area unui cabinet de vaccinare anti-HPV\">Ar fi necesar\u0103 \u00eenfiin\u0163area unui cabinet de vaccinare anti-HPV<\/a><\/h3>\n<\/div>\n<\/div>\n<\/div>\n<\/div>\n<\/div>\n<\/div>\n<div class=\"comments\" id=\"comments\">\n<div id=\"respond\" class=\"comment-respond\">\n<h3 id=\"reply-title\" class=\"comment-reply-title\">L\u0102SA\u021aI UN MESAJ <small><a rel=\"nofollow\" id=\"cancel-comment-reply-link\" href=\"https:\/\/www.tvbuzau.ro\/2026-anul-constantin-brancusi\/#respond\">Renun\u021ba\u021bi la r\u0103spuns<\/a><\/small><\/h3>\n<\/div>\n<\/div>\n<\/div>\n<div class=\"td-post-content\">\n<div class=\"td-featured-image-rec\">\n<div class=\"wpb_video_wrapper\">\n                    <iframe loading=\"lazy\" id=\"td_youtube_player\" width=\"600\" height=\"560\" src=\"https:\/\/www.youtube.com\/embed\/BjQ1Q-XVDZA?enablejsapi=1&amp;feature=oembed&amp;wmode=opaque&amp;vq=hd720\" frameborder allowfullscreen><\/iframe><\/p><\/div>\n<\/div>\n<p>Str\u00e2nsa leg\u0103tur\u0103 a marelui artist cu Buz\u0103ul<br \/>\n2026 \u2013 \u201eAnul Constantin Br\u00e2ncu\u0219i\u201d \u2013 a fost instituit pentru a marca 150 de ani de la na\u0219terea artistului. Constantin Br\u00e2ncu\u0219i, n\u0103scut la 19 februarie 1876 \u00een Hobi\u021ba, jude\u021bul Gorj, este recunoscut drept unul dintre cei mai mari sculptori ai secolului al XX-lea.<br \/>\nBuz\u0103ul este str\u00e2ns legat de marele artist.<br \/>\n\u00cen 1907, Eliza St\u0103nescu, v\u0103duva t\u00e2n\u0103rului avocat buzoian Petre St\u0103nescu (mort la doar 31 de ani), a mers la Paris pentru a-i comanda lui Br\u00e2ncu\u0219i un monument funerar.<br \/>\nSculptorul a primit 7.500 de lei aur, bani cu care \u0219i-a utilat celebrul atelier din Paris. Ansamblul este format din dou\u0103 sculpturi emblematice: \u201eRug\u0103ciunea\u201d: o lucrare de cotitur\u0103 \u00een arta mondial\u0103, care marcheaz\u0103 desprinderea lui Br\u00e2ncu\u0219i de influen\u021ba lui Rodin \u0219i trecerea c\u0103tre formele esen\u021bializate, modern \u015fi: o reprezentare realist\u0103 a avocatului, prezint\u0103 Biblioteca Jude\u0163ean\u0103 \u201cVasile Voiculescu\u201d.<br \/>\nInstitu\u0163ia de cultur\u0103 aminte\u015fte de faptul c\u0103 marele artist Constantin Br\u00e2ncu\u0219i a locuit efectiv \u00een Buz\u0103u timp de aproximativ o lun\u0103, \u00eentre 26 mai \u0219i 29 iunie 1914. A fost g\u0103zduit de Eliza St\u0103nescu \u00een casa de pe strada Dobrogei, \u00een prezent, Alexandru Marghiloman.<br \/>\n\u201e\u00cen acest timp, el a cioplit personal \u00een piatr\u0103 de M\u0103gura soclurile pe care au fost montate statuile \u00een Cimitirul Dumbrava. Acele socluri originale, cu semn\u0103tura maestrului, se afl\u0103 \u0219i ast\u0103zi \u00een cimitir. Din motive de siguran\u021b\u0103 \u0219i conservare, originalele au fost mutate de-a lungul timpului. Originalele se afl\u0103 la Muzeul Na\u021bional de Art\u0103 al Rom\u00e2niei (MNAR) din Bucure\u0219ti. Statuia \u201eRug\u0103ciunea\u201d a fost cump\u0103rat\u0103 de stat \u00een 1958, iar \u201eBustul lui Petre St\u0103nescu\u201d\u00een 1976\u201d, arat\u0103 Biblioteca Jude\u0163en\u0103 Buz\u0103u.<br \/>\n\u00cen Cimitirul Dumbrava (pe Aleea Br\u00e2ncu\u0219i) pot fi admirate ast\u0103zi copii fidele din bronz.<\/p>\n<div class=\"post-views post-118250 entry-meta\"><span class=\"post-views-label\">Post Views: <\/span><span class=\"post-views-count\">157<\/span><\/div>\n<\/div>\n<p>[analyse_source url=&#8221;https:\/\/www.tvbuzau.ro\/2026-anul-constantin-brancusi\/&#8221;]<\/p>\n","protected":false},"excerpt":{"rendered":"<p>[analyse_image type=&#8221;featured&#8221; src=&#8221;https:\/\/www.tvbuzau.ro\/wp-content\/uploads\/2026\/03\/hqdefault-5.jpghttps:\/\/www.tvbuzau.ro\/wp-content\/uploads\/2026\/03\/hqdefault-5.jpg&#8221;] Actualitate 2026 \u2013 \u201eAnul Constantin Br\u00e2ncu\u0219i\u201d De c\u0103tre TV Buz\u0103u &#8211; martie 5, 2026 0 11 Distribui\u021bi pe Facebook Distribui\u021bi pe Twitter tweet Str\u00e2nsa leg\u0103tur\u0103 a marelui artist cu Buz\u0103ul 2026 \u2013 \u201eAnul Constantin Br\u00e2ncu\u0219i\u201d \u2013 a fost instituit pentru a marca 150 de ani de la na\u0219terea artistului. Constantin Br\u00e2ncu\u0219i, n\u0103scut [&hellip;]<\/p>\n","protected":false},"author":1,"featured_media":0,"comment_status":"open","ping_status":"","sticky":false,"template":"","format":"standard","meta":{"footnotes":""},"categories":[2],"tags":[226,116],"class_list":["post-1813570","post","type-post","status-publish","format-standard","hentry","category-politics","tag-crawlmanager","tag-tvbuzau-ro"],"_links":{"self":[{"href":"https:\/\/analyse.optim.biz\/index.php?rest_route=\/wp\/v2\/posts\/1813570","targetHints":{"allow":["GET"]}}],"collection":[{"href":"https:\/\/analyse.optim.biz\/index.php?rest_route=\/wp\/v2\/posts"}],"about":[{"href":"https:\/\/analyse.optim.biz\/index.php?rest_route=\/wp\/v2\/types\/post"}],"author":[{"embeddable":true,"href":"https:\/\/analyse.optim.biz\/index.php?rest_route=\/wp\/v2\/users\/1"}],"replies":[{"embeddable":true,"href":"https:\/\/analyse.optim.biz\/index.php?rest_route=%2Fwp%2Fv2%2Fcomments&post=1813570"}],"version-history":[{"count":0,"href":"https:\/\/analyse.optim.biz\/index.php?rest_route=\/wp\/v2\/posts\/1813570\/revisions"}],"wp:attachment":[{"href":"https:\/\/analyse.optim.biz\/index.php?rest_route=%2Fwp%2Fv2%2Fmedia&parent=1813570"}],"wp:term":[{"taxonomy":"category","embeddable":true,"href":"https:\/\/analyse.optim.biz\/index.php?rest_route=%2Fwp%2Fv2%2Fcategories&post=1813570"},{"taxonomy":"post_tag","embeddable":true,"href":"https:\/\/analyse.optim.biz\/index.php?rest_route=%2Fwp%2Fv2%2Ftags&post=1813570"}],"curies":[{"name":"wp","href":"https:\/\/api.w.org\/{rel}","templated":true}]}}