{"id":1813568,"date":"2026-03-05T20:31:36","date_gmt":"2026-03-05T17:31:36","guid":{"rendered":"https:\/\/analyse.optim.biz\/?p=1813568"},"modified":"2026-03-05T20:31:36","modified_gmt":"2026-03-05T17:31:36","slug":"avertisment-de-la-directia-agricola-in-contextul-mercosur","status":"publish","type":"post","link":"https:\/\/analyse.optim.biz\/?p=1813568","title":{"rendered":"Avertisment de la Direc\u0163ia Agricol\u0103 \u00een contextul MERCOSUR"},"content":{"rendered":"<p>[analyse_image type=&#8221;featured&#8221; src=&#8221;https:\/\/www.tvbuzau.ro\/wp-content\/uploads\/2026\/03\/sddefault-11.jpghttps:\/\/www.tvbuzau.ro\/wp-content\/uploads\/2026\/03\/sddefault-11.jpg&#8221;]<\/p>\n<div class=\"td-ss-main-content\">\n<article id=\"post-118247\" class=\"post-118247 post type-post status-publish format-video has-post-thumbnail hentry category-actualitate post_format-post-format-video\">\n<div class=\"td-post-header\">\n<ul class=\"td-category\">\n<li class=\"entry-category\"><a href=\"https:\/\/www.tvbuzau.ro\/category\/actualitate\/\">Actualitate<\/a><\/li>\n<\/ul>\n<header class=\"td-post-title\">\n<h1 class=\"entry-title\">Avertisment de la Direc\u0163ia Agricol\u0103 \u00een contextul MERCOSUR<\/h1>\n<div class=\"td-module-meta-info\">\n<div class=\"td-post-author-name\">De c\u0103tre <a href=\"https:\/\/www.tvbuzau.ro\/author\/mihai-vasilescu\/\">TV Buz\u0103u<\/a> &#8211; <\/div>\n<p><span class=\"td-post-date\"><time class=\"entry-date updated td-module-date\" datetime=\"2026-03-05T20:31:36+00:00\">martie 5, 2026<\/time><\/span><\/p>\n<div class=\"td-post-comments\"><a href=\"https:\/\/www.tvbuzau.ro\/avertisment-de-la-directia-agricola-in-contextul-mercosur\/#respond\">0<\/a><\/div>\n<div class=\"td-post-views\"><span class=\"td-nr-views-118247\">10<\/span><\/div>\n<\/div>\n<\/header>\n<\/div>\n<div class=\"td-post-sharing td-post-sharing-top td-with-like\">\n<div class=\"td-default-sharing\"><a class=\"td-social-sharing-buttons td-social-facebook\" href=\"http:\/\/www.facebook.com\/sharer.php?u=https%3A%2F%2Fwww.tvbuzau.ro%2Favertisment-de-la-directia-agricola-in-contextul-mercosur%2F\"><\/p>\n<div class=\"td-social-but-text\">Distribui\u021bi pe Facebook<\/div>\n<p><\/a><a class=\"td-social-sharing-buttons td-social-twitter\" href=\"https:\/\/twitter.com\/intent\/tweet?text=Avertisment+de+la+Direc%C5%A3ia+Agricol%C4%83+%C3%AEn+contextul+MERCOSUR&amp;url=https%3A%2F%2Fwww.tvbuzau.ro%2Favertisment-de-la-directia-agricola-in-contextul-mercosur%2F&amp;via=TV+Buz%C4%83u\"><\/p>\n<div class=\"td-social-but-text\">Distribui\u021bi pe Twitter<\/div>\n<p><\/a><\/div>\n<div class=\"td-classic-sharing\">\n<ul>\n<li class=\"td-classic-facebook\"><iframe frameborder src=\"https:\/\/www.facebook.com\/plugins\/like.php?href=https:\/\/www.tvbuzau.ro\/avertisment-de-la-directia-agricola-in-contextul-mercosur\/&amp;layout=button_count&amp;show_faces=false&amp;width=105&amp;action=like&amp;colorscheme=light&amp;height=21\"><\/iframe><\/li>\n<li class=\"td-classic-twitter\"><a href=\"https:\/\/twitter.com\/share\" class=\"twitter-share-button\" data-url=\"https:\/\/www.tvbuzau.ro\/avertisment-de-la-directia-agricola-in-contextul-mercosur\/\" data-text=\"Avertisment de la Direc\u0163ia Agricol\u0103 \u00een contextul MERCOSUR\" data-via data-lang=\"en\">tweet<\/a><\/li>\n<\/ul>\n<\/div>\n<\/div>\n<div class=\"td-post-content\">\n<div class=\"td-featured-image-rec\">\n<div class=\"wpb_video_wrapper\">\n                    <iframe loading=\"lazy\" id=\"td_youtube_player\" width=\"600\" height=\"560\" src=\"https:\/\/www.youtube.com\/embed\/6TAFJqgZESI?enablejsapi=1&amp;feature=oembed&amp;wmode=opaque&amp;vq=hd720\" frameborder allowfullscreen><\/iframe><\/p><\/div>\n<\/div>\n<p>Am putea depinde de anumite state din punct de vedere alimentar<br \/>\nAvertisment \u00eengrijor\u0103tor venit din partea Direc\u0163iei Agricole, \u00een contextul discu\u0163iilor legate de acordul dintre Uniunea European\u0103 \u015fi sttele MERCOSUR din America de Sud. Potrivit directorului institu\u0163iei, se constat\u0103 deja o reducere a num\u0103rului de animale, context \u00een care pe viitor produc\u0163ia de carne ar putea s\u0103 depind\u0103 \u00een mare m\u0103sur\u0103 de statele Americii de Sud.<br \/>\nMai mult dec\u00e2t at\u00e2t, cel pu\u0163in p\u00e2n\u0103 \u00een mometul de fa\u0163\u0103 potrivit conducerii Direc\u0163iei Agricole nu sunt stabilite concret anumite proceduri referitore la importuri.<br \/>\nAcordul Mercosur-UE este un tratat comercial major, convenit politic \u00eentre Uniunea European\u0103 \u0219i blocul sud-american Mercosur (Argentina, Brazilia, Paraguay, Uruguay), destinat s\u0103 creeze una dintre cele mai mari zone de liber schimb din lume. Acesta vizeaz\u0103 eliminarea tarifelor vamale pentru majoritatea produselor industriale \u0219i agricole, facilit\u00e2nd schimburile \u0219i cooperarea economic\u0103.<\/p>\n<div class=\"post-views post-118247 entry-meta\"><span class=\"post-views-label\">Post Views: <\/span><span class=\"post-views-count\">166<\/span><\/div>\n<\/div>\n<footer>\n<div class=\"td-post-sharing td-post-sharing-bottom td-with-like\"><span class=\"td-post-share-title\">DISTRIBUI\u021aI<\/span><\/p>\n<div class=\"td-default-sharing\"><a class=\"td-social-sharing-buttons td-social-facebook\" href=\"http:\/\/www.facebook.com\/sharer.php?u=https%3A%2F%2Fwww.tvbuzau.ro%2Favertisment-de-la-directia-agricola-in-contextul-mercosur%2F\"><\/p>\n<div class=\"td-social-but-text\">Facebook<\/div>\n<p><\/a><a class=\"td-social-sharing-buttons td-social-twitter\" href=\"https:\/\/twitter.com\/intent\/tweet?text=Avertisment+de+la+Direc%C5%A3ia+Agricol%C4%83+%C3%AEn+contextul+MERCOSUR&amp;url=https%3A%2F%2Fwww.tvbuzau.ro%2Favertisment-de-la-directia-agricola-in-contextul-mercosur%2F&amp;via=TV+Buz%C4%83u\"><\/p>\n<div class=\"td-social-but-text\">Twitter<\/div>\n<p><\/a><\/div>\n<div class=\"td-classic-sharing\">\n<ul>\n<li class=\"td-classic-facebook\"><iframe frameborder src=\"https:\/\/www.facebook.com\/plugins\/like.php?href=https:\/\/www.tvbuzau.ro\/avertisment-de-la-directia-agricola-in-contextul-mercosur\/&amp;layout=button_count&amp;show_faces=false&amp;width=105&amp;action=like&amp;colorscheme=light&amp;height=21\"><\/iframe><\/li>\n<li class=\"td-classic-twitter\"><a href=\"https:\/\/twitter.com\/share\" class=\"twitter-share-button\" data-url=\"https:\/\/www.tvbuzau.ro\/avertisment-de-la-directia-agricola-in-contextul-mercosur\/\" data-text=\"Avertisment de la Direc\u0163ia Agricol\u0103 \u00een contextul MERCOSUR\" data-via data-lang=\"en\">tweet<\/a><\/li>\n<\/ul>\n<\/div>\n<\/div>\n<div class=\"td-author-name vcard author\"><span class=\"fn\"><a href=\"https:\/\/www.tvbuzau.ro\/author\/mihai-vasilescu\/\">TV Buz\u0103u<\/a><\/span><\/div>\n<p><span><\/span><span><span><\/span><\/span><span><\/span><\/footer>\n<\/article>\n<div class=\"td_block_wrap td_block_related_posts td_uid_1_69ac8a6e23403_rand td_with_ajax_pagination td-pb-border-top\" data-td-block-uid=\"td_uid_1_69ac8a6e23403\">\n<h4 class=\"td-related-title\"><a id=\"td_uid_2_69ac8a6e28f19\" class=\"td-related-left td-cur-simple-item\" data-td_filter_value data-td_block_id=\"td_uid_1_69ac8a6e23403\" href=\"https:\/\/www.tvbuzau.ro\/avertisment-de-la-directia-agricola-in-contextul-mercosur\/\">ARTICOLE SIMILARE<\/a><a id=\"td_uid_3_69ac8a6e28f53\" class=\"td-related-right\" data-td_filter_value=\"td_related_more_from_author\" data-td_block_id=\"td_uid_1_69ac8a6e23403\" href=\"https:\/\/www.tvbuzau.ro\/avertisment-de-la-directia-agricola-in-contextul-mercosur\/\">DE LA ACELA\u0218I AUTOR<\/a><\/h4>\n<div id=\"td_uid_1_69ac8a6e23403\" class=\"td_block_inner\">\n<div class=\"td-related-row\">\n<div class=\"td-related-span4\">\n<div class=\"td_module_related_posts td-animation-stack td_mod_related_posts\">\n<div class=\"td-module-image\">\n<div class=\"td-module-thumb\"><a href=\"https:\/\/www.tvbuzau.ro\/de-marti-buzoienii-pot-sa-isi-ia-o-parte-din-sumele-impozitelor-inapoi\/\" rel=\"bookmark\" title=\"De mar\u021bi, buzoienii pot s\u0103 \u00ee\u0219i ia o parte din sumele impozitelor \u00eenapoi\"><img loading=\"lazy\" decoding=\"async\" width=\"218\" height=\"150\" class=\"entry-thumb\" src=\"https:\/\/www.tvbuzau.ro\/wp-content\/uploads\/2026\/03\/hqdefault-10-218x150.jpg\" alt title=\"De mar\u021bi, buzoienii pot s\u0103 \u00ee\u0219i ia o parte din sumele impozitelor \u00eenapoi\"><span class=\"td-video-play-ico\"><img loading=\"lazy\" decoding=\"async\" width=\"40\" height=\"40\" class=\"td-retina\" src=\"https:\/\/www.tvbuzau.ro\/wp-content\/themes\/Newspaper\/images\/icons\/ico-video-large.png\" alt=\"video\"><\/span><\/a><\/div>\n<p><a href=\"https:\/\/www.tvbuzau.ro\/category\/actualitate\/\" class=\"td-post-category\">Actualitate<\/a><\/div>\n<div class=\"item-details\">\n<h3 class=\"entry-title td-module-title\"><a href=\"https:\/\/www.tvbuzau.ro\/de-marti-buzoienii-pot-sa-isi-ia-o-parte-din-sumele-impozitelor-inapoi\/\" rel=\"bookmark\" title=\"De mar\u021bi, buzoienii pot s\u0103 \u00ee\u0219i ia o parte din sumele impozitelor \u00eenapoi\">De mar\u021bi, buzoienii pot s\u0103 \u00ee\u0219i ia o parte din sumele impozitelor \u00eenapoi<\/a><\/h3>\n<\/div>\n<\/div>\n<\/div>\n<div class=\"td-related-span4\">\n<div class=\"td_module_related_posts td-animation-stack td_mod_related_posts\">\n<div class=\"td-module-image\">\n<div class=\"td-module-thumb\"><a href=\"https:\/\/www.tvbuzau.ro\/cercetatorii-scdl-au-lansat-o-scrisoare-deschisa-catre-premier\/\" rel=\"bookmark\" title=\"Cercet\u0103torii SCDL au lansat o scrisoare deschis\u0103 c\u0103tre premier\"><img loading=\"lazy\" decoding=\"async\" width=\"218\" height=\"150\" class=\"entry-thumb\" src=\"https:\/\/www.tvbuzau.ro\/wp-content\/uploads\/2026\/03\/hqdefault-9-218x150.jpg\" alt title=\"Cercet\u0103torii SCDL au lansat o scrisoare deschis\u0103 c\u0103tre premier\"><span class=\"td-video-play-ico\"><img loading=\"lazy\" decoding=\"async\" width=\"40\" height=\"40\" class=\"td-retina\" src=\"https:\/\/www.tvbuzau.ro\/wp-content\/themes\/Newspaper\/images\/icons\/ico-video-large.png\" alt=\"video\"><\/span><\/a><\/div>\n<p><a href=\"https:\/\/www.tvbuzau.ro\/category\/actualitate\/\" class=\"td-post-category\">Actualitate<\/a><\/div>\n<div class=\"item-details\">\n<h3 class=\"entry-title td-module-title\"><a href=\"https:\/\/www.tvbuzau.ro\/cercetatorii-scdl-au-lansat-o-scrisoare-deschisa-catre-premier\/\" rel=\"bookmark\" title=\"Cercet\u0103torii SCDL au lansat o scrisoare deschis\u0103 c\u0103tre premier\">Cercet\u0103torii SCDL au lansat o scrisoare deschis\u0103 c\u0103tre premier<\/a><\/h3>\n<\/div>\n<\/div>\n<\/div>\n<div class=\"td-related-span4\">\n<div class=\"td_module_related_posts td-animation-stack td_mod_related_posts\">\n<div class=\"td-module-image\">\n<div class=\"td-module-thumb\"><a href=\"https:\/\/www.tvbuzau.ro\/floraresele-din-piata-centrala-primesc-flori-de-la-clienti\/\" rel=\"bookmark\" title=\"Flor\u0103resele din Pia\u0163a central\u0103 primesc flori de la clien\u0163i\"><img loading=\"lazy\" decoding=\"async\" width=\"218\" height=\"150\" class=\"entry-thumb\" src=\"https:\/\/www.tvbuzau.ro\/wp-content\/uploads\/2026\/03\/hqdefault-8-218x150.jpg\" alt title=\"Flor\u0103resele din Pia\u0163a central\u0103 primesc flori de la clien\u0163i\"><span class=\"td-video-play-ico\"><img loading=\"lazy\" decoding=\"async\" width=\"40\" height=\"40\" class=\"td-retina\" src=\"https:\/\/www.tvbuzau.ro\/wp-content\/themes\/Newspaper\/images\/icons\/ico-video-large.png\" alt=\"video\"><\/span><\/a><\/div>\n<p><a href=\"https:\/\/www.tvbuzau.ro\/category\/actualitate\/\" class=\"td-post-category\">Actualitate<\/a><\/div>\n<div class=\"item-details\">\n<h3 class=\"entry-title td-module-title\"><a href=\"https:\/\/www.tvbuzau.ro\/floraresele-din-piata-centrala-primesc-flori-de-la-clienti\/\" rel=\"bookmark\" title=\"Flor\u0103resele din Pia\u0163a central\u0103 primesc flori de la clien\u0163i\">Flor\u0103resele din Pia\u0163a central\u0103 primesc flori de la clien\u0163i<\/a><\/h3>\n<\/div>\n<\/div>\n<\/div>\n<\/div>\n<div class=\"td-related-row\">\n<div class=\"td-related-span4\">\n<div class=\"td_module_related_posts td-animation-stack td_mod_related_posts\">\n<div class=\"td-module-image\">\n<div class=\"td-module-thumb\"><a href=\"https:\/\/www.tvbuzau.ro\/ce-se-mai-intampla-cu-programul-pentru-garduri-electrice\/\" rel=\"bookmark\" title=\"Ce se mai \u00eent\u00e2mpl\u0103 cu programul pentru garduri electrice\"><img loading=\"lazy\" decoding=\"async\" width=\"218\" height=\"150\" class=\"entry-thumb\" src=\"https:\/\/www.tvbuzau.ro\/wp-content\/uploads\/2026\/03\/hqdefault-7-218x150.jpg\" alt title=\"Ce se mai \u00eent\u00e2mpl\u0103 cu programul pentru garduri electrice\"><span class=\"td-video-play-ico\"><img loading=\"lazy\" decoding=\"async\" width=\"40\" height=\"40\" class=\"td-retina\" src=\"https:\/\/www.tvbuzau.ro\/wp-content\/themes\/Newspaper\/images\/icons\/ico-video-large.png\" alt=\"video\"><\/span><\/a><\/div>\n<p><a href=\"https:\/\/www.tvbuzau.ro\/category\/actualitate\/\" class=\"td-post-category\">Actualitate<\/a><\/div>\n<div class=\"item-details\">\n<h3 class=\"entry-title td-module-title\"><a href=\"https:\/\/www.tvbuzau.ro\/ce-se-mai-intampla-cu-programul-pentru-garduri-electrice\/\" rel=\"bookmark\" title=\"Ce se mai \u00eent\u00e2mpl\u0103 cu programul pentru garduri electrice\">Ce se mai \u00eent\u00e2mpl\u0103 cu programul pentru garduri electrice<\/a><\/h3>\n<\/div>\n<\/div>\n<\/div>\n<div class=\"td-related-span4\">\n<div class=\"td_module_related_posts td-animation-stack td_mod_related_posts\">\n<div class=\"td-module-image\">\n<div class=\"td-module-thumb\"><a href=\"https:\/\/www.tvbuzau.ro\/parc-industrial-la-ramnicu-sarat\/\" rel=\"bookmark\" title=\"Parc industrial la R\u00e2mnicu S\u0103rat\"><img loading=\"lazy\" decoding=\"async\" width=\"218\" height=\"150\" class=\"entry-thumb\" src=\"https:\/\/www.tvbuzau.ro\/wp-content\/uploads\/2026\/03\/sddefault-13-218x150.jpg\" alt title=\"Parc industrial la R\u00e2mnicu S\u0103rat\"><span class=\"td-video-play-ico\"><img loading=\"lazy\" decoding=\"async\" width=\"40\" height=\"40\" class=\"td-retina\" src=\"https:\/\/www.tvbuzau.ro\/wp-content\/themes\/Newspaper\/images\/icons\/ico-video-large.png\" alt=\"video\"><\/span><\/a><\/div>\n<p><a href=\"https:\/\/www.tvbuzau.ro\/category\/actualitate\/\" class=\"td-post-category\">Actualitate<\/a><\/div>\n<div class=\"item-details\">\n<h3 class=\"entry-title td-module-title\"><a href=\"https:\/\/www.tvbuzau.ro\/parc-industrial-la-ramnicu-sarat\/\" rel=\"bookmark\" title=\"Parc industrial la R\u00e2mnicu S\u0103rat\">Parc industrial la R\u00e2mnicu S\u0103rat<\/a><\/h3>\n<\/div>\n<\/div>\n<\/div>\n<div class=\"td-related-span4\">\n<div class=\"td_module_related_posts td-animation-stack td_mod_related_posts\">\n<div class=\"td-module-image\">\n<div class=\"td-module-thumb\"><a href=\"https:\/\/www.tvbuzau.ro\/ar-fi-necesara-infiintarea-unui-cabinet-de-vaccinare-anti-hpv\/\" rel=\"bookmark\" title=\"Ar fi necesar\u0103 \u00eenfiin\u0163area unui cabinet de vaccinare anti-HPV\"><img loading=\"lazy\" decoding=\"async\" width=\"218\" height=\"150\" class=\"entry-thumb\" src=\"https:\/\/www.tvbuzau.ro\/wp-content\/uploads\/2026\/03\/hqdefault-6-218x150.jpg\" alt title=\"Ar fi necesar\u0103 \u00eenfiin\u0163area unui cabinet de vaccinare anti-HPV\"><span class=\"td-video-play-ico\"><img loading=\"lazy\" decoding=\"async\" width=\"40\" height=\"40\" class=\"td-retina\" src=\"https:\/\/www.tvbuzau.ro\/wp-content\/themes\/Newspaper\/images\/icons\/ico-video-large.png\" alt=\"video\"><\/span><\/a><\/div>\n<p><a href=\"https:\/\/www.tvbuzau.ro\/category\/actualitate\/\" class=\"td-post-category\">Actualitate<\/a><\/div>\n<div class=\"item-details\">\n<h3 class=\"entry-title td-module-title\"><a href=\"https:\/\/www.tvbuzau.ro\/ar-fi-necesara-infiintarea-unui-cabinet-de-vaccinare-anti-hpv\/\" rel=\"bookmark\" title=\"Ar fi necesar\u0103 \u00eenfiin\u0163area unui cabinet de vaccinare anti-HPV\">Ar fi necesar\u0103 \u00eenfiin\u0163area unui cabinet de vaccinare anti-HPV<\/a><\/h3>\n<\/div>\n<\/div>\n<\/div>\n<\/div>\n<\/div>\n<\/div>\n<div class=\"comments\" id=\"comments\">\n<div id=\"respond\" class=\"comment-respond\">\n<h3 id=\"reply-title\" class=\"comment-reply-title\">L\u0102SA\u021aI UN MESAJ <small><a rel=\"nofollow\" id=\"cancel-comment-reply-link\" href=\"https:\/\/www.tvbuzau.ro\/avertisment-de-la-directia-agricola-in-contextul-mercosur\/#respond\">Renun\u021ba\u021bi la r\u0103spuns<\/a><\/small><\/h3>\n<\/div>\n<\/div>\n<\/div>\n<div class=\"td-post-content\">\n<div class=\"td-featured-image-rec\">\n<div class=\"wpb_video_wrapper\">\n                    <iframe loading=\"lazy\" id=\"td_youtube_player\" width=\"600\" height=\"560\" src=\"https:\/\/www.youtube.com\/embed\/6TAFJqgZESI?enablejsapi=1&amp;feature=oembed&amp;wmode=opaque&amp;vq=hd720\" frameborder allowfullscreen><\/iframe><\/p><\/div>\n<\/div>\n<p>Am putea depinde de anumite state din punct de vedere alimentar<br \/>\nAvertisment \u00eengrijor\u0103tor venit din partea Direc\u0163iei Agricole, \u00een contextul discu\u0163iilor legate de acordul dintre Uniunea European\u0103 \u015fi sttele MERCOSUR din America de Sud. Potrivit directorului institu\u0163iei, se constat\u0103 deja o reducere a num\u0103rului de animale, context \u00een care pe viitor produc\u0163ia de carne ar putea s\u0103 depind\u0103 \u00een mare m\u0103sur\u0103 de statele Americii de Sud.<br \/>\nMai mult dec\u00e2t at\u00e2t, cel pu\u0163in p\u00e2n\u0103 \u00een mometul de fa\u0163\u0103 potrivit conducerii Direc\u0163iei Agricole nu sunt stabilite concret anumite proceduri referitore la importuri.<br \/>\nAcordul Mercosur-UE este un tratat comercial major, convenit politic \u00eentre Uniunea European\u0103 \u0219i blocul sud-american Mercosur (Argentina, Brazilia, Paraguay, Uruguay), destinat s\u0103 creeze una dintre cele mai mari zone de liber schimb din lume. Acesta vizeaz\u0103 eliminarea tarifelor vamale pentru majoritatea produselor industriale \u0219i agricole, facilit\u00e2nd schimburile \u0219i cooperarea economic\u0103.<\/p>\n<div class=\"post-views post-118247 entry-meta\"><span class=\"post-views-label\">Post Views: <\/span><span class=\"post-views-count\">166<\/span><\/div>\n<\/div>\n<p>[analyse_source url=&#8221;https:\/\/www.tvbuzau.ro\/avertisment-de-la-directia-agricola-in-contextul-mercosur\/&#8221;]<\/p>\n","protected":false},"excerpt":{"rendered":"<p>[analyse_image type=&#8221;featured&#8221; src=&#8221;https:\/\/www.tvbuzau.ro\/wp-content\/uploads\/2026\/03\/sddefault-11.jpghttps:\/\/www.tvbuzau.ro\/wp-content\/uploads\/2026\/03\/sddefault-11.jpg&#8221;] Actualitate Avertisment de la Direc\u0163ia Agricol\u0103 \u00een contextul MERCOSUR De c\u0103tre TV Buz\u0103u &#8211; martie 5, 2026 0 10 Distribui\u021bi pe Facebook Distribui\u021bi pe Twitter tweet Am putea depinde de anumite state din punct de vedere alimentar Avertisment \u00eengrijor\u0103tor venit din partea Direc\u0163iei Agricole, \u00een contextul discu\u0163iilor legate de acordul dintre Uniunea [&hellip;]<\/p>\n","protected":false},"author":1,"featured_media":0,"comment_status":"open","ping_status":"","sticky":false,"template":"","format":"standard","meta":{"footnotes":""},"categories":[2],"tags":[226,116],"class_list":["post-1813568","post","type-post","status-publish","format-standard","hentry","category-politics","tag-crawlmanager","tag-tvbuzau-ro"],"_links":{"self":[{"href":"https:\/\/analyse.optim.biz\/index.php?rest_route=\/wp\/v2\/posts\/1813568","targetHints":{"allow":["GET"]}}],"collection":[{"href":"https:\/\/analyse.optim.biz\/index.php?rest_route=\/wp\/v2\/posts"}],"about":[{"href":"https:\/\/analyse.optim.biz\/index.php?rest_route=\/wp\/v2\/types\/post"}],"author":[{"embeddable":true,"href":"https:\/\/analyse.optim.biz\/index.php?rest_route=\/wp\/v2\/users\/1"}],"replies":[{"embeddable":true,"href":"https:\/\/analyse.optim.biz\/index.php?rest_route=%2Fwp%2Fv2%2Fcomments&post=1813568"}],"version-history":[{"count":0,"href":"https:\/\/analyse.optim.biz\/index.php?rest_route=\/wp\/v2\/posts\/1813568\/revisions"}],"wp:attachment":[{"href":"https:\/\/analyse.optim.biz\/index.php?rest_route=%2Fwp%2Fv2%2Fmedia&parent=1813568"}],"wp:term":[{"taxonomy":"category","embeddable":true,"href":"https:\/\/analyse.optim.biz\/index.php?rest_route=%2Fwp%2Fv2%2Fcategories&post=1813568"},{"taxonomy":"post_tag","embeddable":true,"href":"https:\/\/analyse.optim.biz\/index.php?rest_route=%2Fwp%2Fv2%2Ftags&post=1813568"}],"curies":[{"name":"wp","href":"https:\/\/api.w.org\/{rel}","templated":true}]}}