{"id":1813566,"date":"2026-03-06T21:05:09","date_gmt":"2026-03-06T18:05:09","guid":{"rendered":"https:\/\/analyse.optim.biz\/?p=1813566"},"modified":"2026-03-06T21:05:09","modified_gmt":"2026-03-06T18:05:09","slug":"floraresele-din-piata-centrala-primesc-flori-de-la-clienti","status":"publish","type":"post","link":"https:\/\/analyse.optim.biz\/?p=1813566","title":{"rendered":"Flor\u0103resele din Pia\u0163a central\u0103 primesc flori de la clien\u0163i"},"content":{"rendered":"<p>[analyse_image type=&#8221;featured&#8221; src=&#8221;https:\/\/www.tvbuzau.ro\/wp-content\/uploads\/2026\/03\/hqdefault-8.jpghttps:\/\/www.tvbuzau.ro\/wp-content\/uploads\/2026\/03\/hqdefault-8.jpg&#8221;]<\/p>\n<div class=\"td-ss-main-content\">\n<article id=\"post-118271\" class=\"post-118271 post type-post status-publish format-video has-post-thumbnail hentry category-actualitate post_format-post-format-video\">\n<div class=\"td-post-header\">\n<ul class=\"td-category\">\n<li class=\"entry-category\"><a href=\"https:\/\/www.tvbuzau.ro\/category\/actualitate\/\">Actualitate<\/a><\/li>\n<\/ul>\n<header class=\"td-post-title\">\n<h1 class=\"entry-title\">Flor\u0103resele din Pia\u0163a central\u0103 primesc flori de la clien\u0163i<\/h1>\n<div class=\"td-module-meta-info\">\n<div class=\"td-post-author-name\">De c\u0103tre <a href=\"https:\/\/www.tvbuzau.ro\/author\/mihai-vasilescu\/\">TV Buz\u0103u<\/a> &#8211; <\/div>\n<p><span class=\"td-post-date\"><time class=\"entry-date updated td-module-date\" datetime=\"2026-03-06T21:05:09+00:00\">martie 6, 2026<\/time><\/span><\/p>\n<div class=\"td-post-comments\"><a href=\"https:\/\/www.tvbuzau.ro\/floraresele-din-piata-centrala-primesc-flori-de-la-clienti\/#respond\">0<\/a><\/div>\n<div class=\"td-post-views\"><span class=\"td-nr-views-118271\">17<\/span><\/div>\n<\/div>\n<\/header>\n<\/div>\n<div class=\"td-post-sharing td-post-sharing-top td-with-like\">\n<div class=\"td-default-sharing\"><a class=\"td-social-sharing-buttons td-social-facebook\" href=\"http:\/\/www.facebook.com\/sharer.php?u=https%3A%2F%2Fwww.tvbuzau.ro%2Ffloraresele-din-piata-centrala-primesc-flori-de-la-clienti%2F\"><\/p>\n<div class=\"td-social-but-text\">Distribui\u021bi pe Facebook<\/div>\n<p><\/a><a class=\"td-social-sharing-buttons td-social-twitter\" href=\"https:\/\/twitter.com\/intent\/tweet?text=Flor%C4%83resele+din+Pia%C5%A3a+central%C4%83+primesc+flori+de+la+clien%C5%A3i&amp;url=https%3A%2F%2Fwww.tvbuzau.ro%2Ffloraresele-din-piata-centrala-primesc-flori-de-la-clienti%2F&amp;via=TV+Buz%C4%83u\"><\/p>\n<div class=\"td-social-but-text\">Distribui\u021bi pe Twitter<\/div>\n<p><\/a><\/div>\n<div class=\"td-classic-sharing\">\n<ul>\n<li class=\"td-classic-facebook\"><iframe frameborder src=\"https:\/\/www.facebook.com\/plugins\/like.php?href=https:\/\/www.tvbuzau.ro\/floraresele-din-piata-centrala-primesc-flori-de-la-clienti\/&amp;layout=button_count&amp;show_faces=false&amp;width=105&amp;action=like&amp;colorscheme=light&amp;height=21\"><\/iframe><\/li>\n<li class=\"td-classic-twitter\"><a href=\"https:\/\/twitter.com\/share\" class=\"twitter-share-button\" data-url=\"https:\/\/www.tvbuzau.ro\/floraresele-din-piata-centrala-primesc-flori-de-la-clienti\/\" data-text=\"Flor\u0103resele din Pia\u0163a central\u0103 primesc flori de la clien\u0163i\" data-via data-lang=\"en\">tweet<\/a><\/li>\n<\/ul>\n<\/div>\n<\/div>\n<div class=\"td-post-content\">\n<div class=\"td-featured-image-rec\">\n<div class=\"wpb_video_wrapper\">\n                    <iframe loading=\"lazy\" id=\"td_youtube_player\" width=\"600\" height=\"560\" src=\"https:\/\/www.youtube.com\/embed\/KkmNJuRQ9k4?enablejsapi=1&amp;feature=oembed&amp;wmode=opaque&amp;vq=hd720\" frameborder allowfullscreen><\/iframe><\/p><\/div>\n<\/div>\n<p>V\u00e2nz\u0103rile de 8 Martie \u00een sc\u0103dere<br \/>\nZiua de 8 Martie este s\u0103rb\u0103torit\u0103 la nivel mondial ca Ziua Interna\u021bional\u0103 a Femeii, recunosc\u00e2nd drepturile femeilor, egalitatea \u0219i contribu\u021biile acestora \u00een societate. \u00cen Rom\u00e2nia, aceast\u0103 zi este celebrat\u0103 \u0219i ca Ziua Mamei, fiind un moment tradi\u021bional \u00een care doamnele \u0219i domni\u0219oarele primesc flori, cadouri \u0219i mesaje de apreciere. Flor\u0103riile din tot ora\u015ful \u015fi-au f\u0103cut stocuri pentru acest\u0103 zi special\u0103, inclusiv \u00een Pia\u0163a central\u0103 de flori. V\u00e2nz\u0103rile nu mai sunt ca alt\u0103 dat\u0103 \u00een schimb spiritul a r\u0103mas acela\u015fi. Sunt clien\u0163i care ofer\u0103 flori \u00eenclusiv flor\u0103reselor.<br \/>\nDe 8 martie sunt c\u0103utate buchetele, aranjamentele cu flori exotice, \u00eembinate cu flori autohtone, de felurile culori dar \u015fi florile de prim\u0103var\u0103 precum lalelele, zambile, fre-ziile sau ghioceii.<br \/>\nRecunoscut\u0103 oficial de Na\u021biunile Unite \u00een 1977, Ziua interna\u021bional\u0103 a femeii a ap\u0103rut pentru prima dat\u0103 din activit\u0103\u021bile mi\u0219c\u0103rilor muncitore\u0219ti la \u00eenceputul secolului XX \u00een America de Nord \u0219i \u00een toat\u0103 Europa. <\/p>\n<div class=\"post-views post-118271 entry-meta\"><span class=\"post-views-label\">Post Views: <\/span><span class=\"post-views-count\">185<\/span><\/div>\n<\/div>\n<footer>\n<div class=\"td-post-sharing td-post-sharing-bottom td-with-like\"><span class=\"td-post-share-title\">DISTRIBUI\u021aI<\/span><\/p>\n<div class=\"td-default-sharing\"><a class=\"td-social-sharing-buttons td-social-facebook\" href=\"http:\/\/www.facebook.com\/sharer.php?u=https%3A%2F%2Fwww.tvbuzau.ro%2Ffloraresele-din-piata-centrala-primesc-flori-de-la-clienti%2F\"><\/p>\n<div class=\"td-social-but-text\">Facebook<\/div>\n<p><\/a><a class=\"td-social-sharing-buttons td-social-twitter\" href=\"https:\/\/twitter.com\/intent\/tweet?text=Flor%C4%83resele+din+Pia%C5%A3a+central%C4%83+primesc+flori+de+la+clien%C5%A3i&amp;url=https%3A%2F%2Fwww.tvbuzau.ro%2Ffloraresele-din-piata-centrala-primesc-flori-de-la-clienti%2F&amp;via=TV+Buz%C4%83u\"><\/p>\n<div class=\"td-social-but-text\">Twitter<\/div>\n<p><\/a><\/div>\n<div class=\"td-classic-sharing\">\n<ul>\n<li class=\"td-classic-facebook\"><iframe frameborder src=\"https:\/\/www.facebook.com\/plugins\/like.php?href=https:\/\/www.tvbuzau.ro\/floraresele-din-piata-centrala-primesc-flori-de-la-clienti\/&amp;layout=button_count&amp;show_faces=false&amp;width=105&amp;action=like&amp;colorscheme=light&amp;height=21\"><\/iframe><\/li>\n<li class=\"td-classic-twitter\"><a href=\"https:\/\/twitter.com\/share\" class=\"twitter-share-button\" data-url=\"https:\/\/www.tvbuzau.ro\/floraresele-din-piata-centrala-primesc-flori-de-la-clienti\/\" data-text=\"Flor\u0103resele din Pia\u0163a central\u0103 primesc flori de la clien\u0163i\" data-via data-lang=\"en\">tweet<\/a><\/li>\n<\/ul>\n<\/div>\n<\/div>\n<div class=\"td-author-name vcard author\"><span class=\"fn\"><a href=\"https:\/\/www.tvbuzau.ro\/author\/mihai-vasilescu\/\">TV Buz\u0103u<\/a><\/span><\/div>\n<p><span><\/span><span><span><\/span><\/span><span><\/span><\/footer>\n<\/article>\n<div class=\"td_block_wrap td_block_related_posts td_uid_1_69ac8a41a19ab_rand td_with_ajax_pagination td-pb-border-top\" data-td-block-uid=\"td_uid_1_69ac8a41a19ab\">\n<h4 class=\"td-related-title\"><a id=\"td_uid_2_69ac8a41a6caf\" class=\"td-related-left td-cur-simple-item\" data-td_filter_value data-td_block_id=\"td_uid_1_69ac8a41a19ab\" href=\"https:\/\/www.tvbuzau.ro\/floraresele-din-piata-centrala-primesc-flori-de-la-clienti\/\">ARTICOLE SIMILARE<\/a><a id=\"td_uid_3_69ac8a41a6ce8\" class=\"td-related-right\" data-td_filter_value=\"td_related_more_from_author\" data-td_block_id=\"td_uid_1_69ac8a41a19ab\" href=\"https:\/\/www.tvbuzau.ro\/floraresele-din-piata-centrala-primesc-flori-de-la-clienti\/\">DE LA ACELA\u0218I AUTOR<\/a><\/h4>\n<div id=\"td_uid_1_69ac8a41a19ab\" class=\"td_block_inner\">\n<div class=\"td-related-row\">\n<div class=\"td-related-span4\">\n<div class=\"td_module_related_posts td-animation-stack td_mod_related_posts\">\n<div class=\"td-module-image\">\n<div class=\"td-module-thumb\"><a href=\"https:\/\/www.tvbuzau.ro\/de-marti-buzoienii-pot-sa-isi-ia-o-parte-din-sumele-impozitelor-inapoi\/\" rel=\"bookmark\" title=\"De mar\u021bi, buzoienii pot s\u0103 \u00ee\u0219i ia o parte din sumele impozitelor \u00eenapoi\"><img loading=\"lazy\" decoding=\"async\" width=\"218\" height=\"150\" class=\"entry-thumb\" src=\"https:\/\/www.tvbuzau.ro\/wp-content\/uploads\/2026\/03\/hqdefault-10-218x150.jpg\" alt title=\"De mar\u021bi, buzoienii pot s\u0103 \u00ee\u0219i ia o parte din sumele impozitelor \u00eenapoi\"><span class=\"td-video-play-ico\"><img loading=\"lazy\" decoding=\"async\" width=\"40\" height=\"40\" class=\"td-retina\" src=\"https:\/\/www.tvbuzau.ro\/wp-content\/themes\/Newspaper\/images\/icons\/ico-video-large.png\" alt=\"video\"><\/span><\/a><\/div>\n<p><a href=\"https:\/\/www.tvbuzau.ro\/category\/actualitate\/\" class=\"td-post-category\">Actualitate<\/a><\/div>\n<div class=\"item-details\">\n<h3 class=\"entry-title td-module-title\"><a href=\"https:\/\/www.tvbuzau.ro\/de-marti-buzoienii-pot-sa-isi-ia-o-parte-din-sumele-impozitelor-inapoi\/\" rel=\"bookmark\" title=\"De mar\u021bi, buzoienii pot s\u0103 \u00ee\u0219i ia o parte din sumele impozitelor \u00eenapoi\">De mar\u021bi, buzoienii pot s\u0103 \u00ee\u0219i ia o parte din sumele impozitelor \u00eenapoi<\/a><\/h3>\n<\/div>\n<\/div>\n<\/div>\n<div class=\"td-related-span4\">\n<div class=\"td_module_related_posts td-animation-stack td_mod_related_posts\">\n<div class=\"td-module-image\">\n<div class=\"td-module-thumb\"><a href=\"https:\/\/www.tvbuzau.ro\/cercetatorii-scdl-au-lansat-o-scrisoare-deschisa-catre-premier\/\" rel=\"bookmark\" title=\"Cercet\u0103torii SCDL au lansat o scrisoare deschis\u0103 c\u0103tre premier\"><img loading=\"lazy\" decoding=\"async\" width=\"218\" height=\"150\" class=\"entry-thumb\" src=\"https:\/\/www.tvbuzau.ro\/wp-content\/uploads\/2026\/03\/hqdefault-9-218x150.jpg\" alt title=\"Cercet\u0103torii SCDL au lansat o scrisoare deschis\u0103 c\u0103tre premier\"><span class=\"td-video-play-ico\"><img loading=\"lazy\" decoding=\"async\" width=\"40\" height=\"40\" class=\"td-retina\" src=\"https:\/\/www.tvbuzau.ro\/wp-content\/themes\/Newspaper\/images\/icons\/ico-video-large.png\" alt=\"video\"><\/span><\/a><\/div>\n<p><a href=\"https:\/\/www.tvbuzau.ro\/category\/actualitate\/\" class=\"td-post-category\">Actualitate<\/a><\/div>\n<div class=\"item-details\">\n<h3 class=\"entry-title td-module-title\"><a href=\"https:\/\/www.tvbuzau.ro\/cercetatorii-scdl-au-lansat-o-scrisoare-deschisa-catre-premier\/\" rel=\"bookmark\" title=\"Cercet\u0103torii SCDL au lansat o scrisoare deschis\u0103 c\u0103tre premier\">Cercet\u0103torii SCDL au lansat o scrisoare deschis\u0103 c\u0103tre premier<\/a><\/h3>\n<\/div>\n<\/div>\n<\/div>\n<div class=\"td-related-span4\">\n<div class=\"td_module_related_posts td-animation-stack td_mod_related_posts\">\n<div class=\"td-module-image\">\n<div class=\"td-module-thumb\"><a href=\"https:\/\/www.tvbuzau.ro\/ce-se-mai-intampla-cu-programul-pentru-garduri-electrice\/\" rel=\"bookmark\" title=\"Ce se mai \u00eent\u00e2mpl\u0103 cu programul pentru garduri electrice\"><img loading=\"lazy\" decoding=\"async\" width=\"218\" height=\"150\" class=\"entry-thumb\" src=\"https:\/\/www.tvbuzau.ro\/wp-content\/uploads\/2026\/03\/hqdefault-7-218x150.jpg\" alt title=\"Ce se mai \u00eent\u00e2mpl\u0103 cu programul pentru garduri electrice\"><span class=\"td-video-play-ico\"><img loading=\"lazy\" decoding=\"async\" width=\"40\" height=\"40\" class=\"td-retina\" src=\"https:\/\/www.tvbuzau.ro\/wp-content\/themes\/Newspaper\/images\/icons\/ico-video-large.png\" alt=\"video\"><\/span><\/a><\/div>\n<p><a href=\"https:\/\/www.tvbuzau.ro\/category\/actualitate\/\" class=\"td-post-category\">Actualitate<\/a><\/div>\n<div class=\"item-details\">\n<h3 class=\"entry-title td-module-title\"><a href=\"https:\/\/www.tvbuzau.ro\/ce-se-mai-intampla-cu-programul-pentru-garduri-electrice\/\" rel=\"bookmark\" title=\"Ce se mai \u00eent\u00e2mpl\u0103 cu programul pentru garduri electrice\">Ce se mai \u00eent\u00e2mpl\u0103 cu programul pentru garduri electrice<\/a><\/h3>\n<\/div>\n<\/div>\n<\/div>\n<\/div>\n<div class=\"td-related-row\">\n<div class=\"td-related-span4\">\n<div class=\"td_module_related_posts td-animation-stack td_mod_related_posts\">\n<div class=\"td-module-image\">\n<div class=\"td-module-thumb\"><a href=\"https:\/\/www.tvbuzau.ro\/parc-industrial-la-ramnicu-sarat\/\" rel=\"bookmark\" title=\"Parc industrial la R\u00e2mnicu S\u0103rat\"><img loading=\"lazy\" decoding=\"async\" width=\"218\" height=\"150\" class=\"entry-thumb\" src=\"https:\/\/www.tvbuzau.ro\/wp-content\/uploads\/2026\/03\/sddefault-13-218x150.jpg\" alt title=\"Parc industrial la R\u00e2mnicu S\u0103rat\"><span class=\"td-video-play-ico\"><img loading=\"lazy\" decoding=\"async\" width=\"40\" height=\"40\" class=\"td-retina\" src=\"https:\/\/www.tvbuzau.ro\/wp-content\/themes\/Newspaper\/images\/icons\/ico-video-large.png\" alt=\"video\"><\/span><\/a><\/div>\n<p><a href=\"https:\/\/www.tvbuzau.ro\/category\/actualitate\/\" class=\"td-post-category\">Actualitate<\/a><\/div>\n<div class=\"item-details\">\n<h3 class=\"entry-title td-module-title\"><a href=\"https:\/\/www.tvbuzau.ro\/parc-industrial-la-ramnicu-sarat\/\" rel=\"bookmark\" title=\"Parc industrial la R\u00e2mnicu S\u0103rat\">Parc industrial la R\u00e2mnicu S\u0103rat<\/a><\/h3>\n<\/div>\n<\/div>\n<\/div>\n<div class=\"td-related-span4\">\n<div class=\"td_module_related_posts td-animation-stack td_mod_related_posts\">\n<div class=\"td-module-image\">\n<div class=\"td-module-thumb\"><a href=\"https:\/\/www.tvbuzau.ro\/ar-fi-necesara-infiintarea-unui-cabinet-de-vaccinare-anti-hpv\/\" rel=\"bookmark\" title=\"Ar fi necesar\u0103 \u00eenfiin\u0163area unui cabinet de vaccinare anti-HPV\"><img loading=\"lazy\" decoding=\"async\" width=\"218\" height=\"150\" class=\"entry-thumb\" src=\"https:\/\/www.tvbuzau.ro\/wp-content\/uploads\/2026\/03\/hqdefault-6-218x150.jpg\" alt title=\"Ar fi necesar\u0103 \u00eenfiin\u0163area unui cabinet de vaccinare anti-HPV\"><span class=\"td-video-play-ico\"><img loading=\"lazy\" decoding=\"async\" width=\"40\" height=\"40\" class=\"td-retina\" src=\"https:\/\/www.tvbuzau.ro\/wp-content\/themes\/Newspaper\/images\/icons\/ico-video-large.png\" alt=\"video\"><\/span><\/a><\/div>\n<p><a href=\"https:\/\/www.tvbuzau.ro\/category\/actualitate\/\" class=\"td-post-category\">Actualitate<\/a><\/div>\n<div class=\"item-details\">\n<h3 class=\"entry-title td-module-title\"><a href=\"https:\/\/www.tvbuzau.ro\/ar-fi-necesara-infiintarea-unui-cabinet-de-vaccinare-anti-hpv\/\" rel=\"bookmark\" title=\"Ar fi necesar\u0103 \u00eenfiin\u0163area unui cabinet de vaccinare anti-HPV\">Ar fi necesar\u0103 \u00eenfiin\u0163area unui cabinet de vaccinare anti-HPV<\/a><\/h3>\n<\/div>\n<\/div>\n<\/div>\n<div class=\"td-related-span4\">\n<div class=\"td_module_related_posts td-animation-stack td_mod_related_posts\">\n<div class=\"td-module-image\">\n<div class=\"td-module-thumb\"><a href=\"https:\/\/www.tvbuzau.ro\/peste-700-de-aparate-si-300-de-sali-cu-jocuri-de-noroc\/\" rel=\"bookmark\" title=\"Peste 700 de aparate \u015fi 300 de s\u0103li cu jocuri de noroc\"><img loading=\"lazy\" decoding=\"async\" width=\"218\" height=\"150\" class=\"entry-thumb\" src=\"https:\/\/www.tvbuzau.ro\/wp-content\/uploads\/2026\/03\/maxresdefault-1-218x150.jpg\" alt title=\"Peste 700 de aparate \u015fi 300 de s\u0103li cu jocuri de noroc\"><span class=\"td-video-play-ico\"><img loading=\"lazy\" decoding=\"async\" width=\"40\" height=\"40\" class=\"td-retina\" src=\"https:\/\/www.tvbuzau.ro\/wp-content\/themes\/Newspaper\/images\/icons\/ico-video-large.png\" alt=\"video\"><\/span><\/a><\/div>\n<p><a href=\"https:\/\/www.tvbuzau.ro\/category\/actualitate\/\" class=\"td-post-category\">Actualitate<\/a><\/div>\n<div class=\"item-details\">\n<h3 class=\"entry-title td-module-title\"><a href=\"https:\/\/www.tvbuzau.ro\/peste-700-de-aparate-si-300-de-sali-cu-jocuri-de-noroc\/\" rel=\"bookmark\" title=\"Peste 700 de aparate \u015fi 300 de s\u0103li cu jocuri de noroc\">Peste 700 de aparate \u015fi 300 de s\u0103li cu jocuri de noroc<\/a><\/h3>\n<\/div>\n<\/div>\n<\/div>\n<\/div>\n<\/div>\n<\/div>\n<div class=\"comments\" id=\"comments\">\n<div id=\"respond\" class=\"comment-respond\">\n<h3 id=\"reply-title\" class=\"comment-reply-title\">L\u0102SA\u021aI UN MESAJ <small><a rel=\"nofollow\" id=\"cancel-comment-reply-link\" href=\"https:\/\/www.tvbuzau.ro\/floraresele-din-piata-centrala-primesc-flori-de-la-clienti\/#respond\">Renun\u021ba\u021bi la r\u0103spuns<\/a><\/small><\/h3>\n<\/div>\n<\/div>\n<\/div>\n<div class=\"td-post-content\">\n<div class=\"td-featured-image-rec\">\n<div class=\"wpb_video_wrapper\">\n                    <iframe loading=\"lazy\" id=\"td_youtube_player\" width=\"600\" height=\"560\" src=\"https:\/\/www.youtube.com\/embed\/KkmNJuRQ9k4?enablejsapi=1&amp;feature=oembed&amp;wmode=opaque&amp;vq=hd720\" frameborder allowfullscreen><\/iframe><\/p><\/div>\n<\/div>\n<p>V\u00e2nz\u0103rile de 8 Martie \u00een sc\u0103dere<br \/>\nZiua de 8 Martie este s\u0103rb\u0103torit\u0103 la nivel mondial ca Ziua Interna\u021bional\u0103 a Femeii, recunosc\u00e2nd drepturile femeilor, egalitatea \u0219i contribu\u021biile acestora \u00een societate. \u00cen Rom\u00e2nia, aceast\u0103 zi este celebrat\u0103 \u0219i ca Ziua Mamei, fiind un moment tradi\u021bional \u00een care doamnele \u0219i domni\u0219oarele primesc flori, cadouri \u0219i mesaje de apreciere. Flor\u0103riile din tot ora\u015ful \u015fi-au f\u0103cut stocuri pentru acest\u0103 zi special\u0103, inclusiv \u00een Pia\u0163a central\u0103 de flori. V\u00e2nz\u0103rile nu mai sunt ca alt\u0103 dat\u0103 \u00een schimb spiritul a r\u0103mas acela\u015fi. Sunt clien\u0163i care ofer\u0103 flori \u00eenclusiv flor\u0103reselor.<br \/>\nDe 8 martie sunt c\u0103utate buchetele, aranjamentele cu flori exotice, \u00eembinate cu flori autohtone, de felurile culori dar \u015fi florile de prim\u0103var\u0103 precum lalelele, zambile, fre-ziile sau ghioceii.<br \/>\nRecunoscut\u0103 oficial de Na\u021biunile Unite \u00een 1977, Ziua interna\u021bional\u0103 a femeii a ap\u0103rut pentru prima dat\u0103 din activit\u0103\u021bile mi\u0219c\u0103rilor muncitore\u0219ti la \u00eenceputul secolului XX \u00een America de Nord \u0219i \u00een toat\u0103 Europa. <\/p>\n<div class=\"post-views post-118271 entry-meta\"><span class=\"post-views-label\">Post Views: <\/span><span class=\"post-views-count\">185<\/span><\/div>\n<\/div>\n<p>[analyse_source url=&#8221;https:\/\/www.tvbuzau.ro\/floraresele-din-piata-centrala-primesc-flori-de-la-clienti\/&#8221;]<\/p>\n","protected":false},"excerpt":{"rendered":"<p>[analyse_image type=&#8221;featured&#8221; src=&#8221;https:\/\/www.tvbuzau.ro\/wp-content\/uploads\/2026\/03\/hqdefault-8.jpghttps:\/\/www.tvbuzau.ro\/wp-content\/uploads\/2026\/03\/hqdefault-8.jpg&#8221;] Actualitate Flor\u0103resele din Pia\u0163a central\u0103 primesc flori de la clien\u0163i De c\u0103tre TV Buz\u0103u &#8211; martie 6, 2026 0 17 Distribui\u021bi pe Facebook Distribui\u021bi pe Twitter tweet V\u00e2nz\u0103rile de 8 Martie \u00een sc\u0103dere Ziua de 8 Martie este s\u0103rb\u0103torit\u0103 la nivel mondial ca Ziua Interna\u021bional\u0103 a Femeii, recunosc\u00e2nd drepturile femeilor, egalitatea \u0219i [&hellip;]<\/p>\n","protected":false},"author":1,"featured_media":0,"comment_status":"open","ping_status":"","sticky":false,"template":"","format":"standard","meta":{"footnotes":""},"categories":[2],"tags":[226,116],"class_list":["post-1813566","post","type-post","status-publish","format-standard","hentry","category-politics","tag-crawlmanager","tag-tvbuzau-ro"],"_links":{"self":[{"href":"https:\/\/analyse.optim.biz\/index.php?rest_route=\/wp\/v2\/posts\/1813566","targetHints":{"allow":["GET"]}}],"collection":[{"href":"https:\/\/analyse.optim.biz\/index.php?rest_route=\/wp\/v2\/posts"}],"about":[{"href":"https:\/\/analyse.optim.biz\/index.php?rest_route=\/wp\/v2\/types\/post"}],"author":[{"embeddable":true,"href":"https:\/\/analyse.optim.biz\/index.php?rest_route=\/wp\/v2\/users\/1"}],"replies":[{"embeddable":true,"href":"https:\/\/analyse.optim.biz\/index.php?rest_route=%2Fwp%2Fv2%2Fcomments&post=1813566"}],"version-history":[{"count":0,"href":"https:\/\/analyse.optim.biz\/index.php?rest_route=\/wp\/v2\/posts\/1813566\/revisions"}],"wp:attachment":[{"href":"https:\/\/analyse.optim.biz\/index.php?rest_route=%2Fwp%2Fv2%2Fmedia&parent=1813566"}],"wp:term":[{"taxonomy":"category","embeddable":true,"href":"https:\/\/analyse.optim.biz\/index.php?rest_route=%2Fwp%2Fv2%2Fcategories&post=1813566"},{"taxonomy":"post_tag","embeddable":true,"href":"https:\/\/analyse.optim.biz\/index.php?rest_route=%2Fwp%2Fv2%2Ftags&post=1813566"}],"curies":[{"name":"wp","href":"https:\/\/api.w.org\/{rel}","templated":true}]}}