{"id":181354,"date":"2015-05-20T18:37:15","date_gmt":"2015-05-20T15:37:15","guid":{"rendered":"https:\/\/analyse.optim.biz\/?p=181354"},"modified":"2015-05-20T18:37:15","modified_gmt":"2015-05-20T15:37:15","slug":"traian-basescu-atac-la-klaus-iohannis-si-victor-ponta","status":"publish","type":"post","link":"https:\/\/analyse.optim.biz\/?p=181354","title":{"rendered":"Traian B\u0103sescu, atac la Klaus Iohannis \u0219i Victor Ponta"},"content":{"rendered":"<div class=\"entry data-app-meta data-app-meta-article\" data-embed-base-url-canonical=\"https:\/\/www.digi24.ro\/embed\/stiri\/actualitate\/politica\/traian-basescu-atac-la-klaus-iohannis-si-victor-ponta-2-393913\">\n<div class=\"fb-post\">\n<div class=\"fb-xfbml-parse-ignore\">\n<blockquote cite=\"https:\/\/www.facebook.com\/PresedinteleTraianBasescu\/posts\/1053460514667499\">\n<p data-index=\"2\">Eu nu sunt alocabil.De c\u00eeteva zile, v\u0103d c\u0103, nici mai mult, nici mai pu\u0163in, s-a reluat jocul din campania preziden\u0163ial\u0103&#8230;<\/p>\n<p>Posted by <a href=\"https:\/\/www.facebook.com\/PresedinteleTraianBasescu\" data-skip-linkfix=\"1\">Traian B\u0103sescu<\/a> on <a href=\"https:\/\/www.facebook.com\/PresedinteleTraianBasescu\/posts\/1053460514667499\" data-skip-linkfix=\"1\">Wednesday, May 20, 2015<\/a><\/p><\/blockquote>\n<\/div>\n<\/div>\n<p align=\"LEFT\" data-index=\"3\">\u00a0<\/p>\n<p align=\"LEFT\" data-index=\"4\">\u201e<strong><span>Eu nu sunt alocabil.<\/span><\/strong><\/p>\n<p align=\"LEFT\" data-index=\"5\"><strong>De c\u00e2teva zile, v\u0103d c\u0103, nici mai mult, nici mai pu\u0163in, s-a reluat jocul din campania preziden\u0163ial\u0103 2014.<\/strong><\/p>\n<p align=\"LEFT\" data-index=\"6\"><strong>Unele lichele \u00eenc\u0103rcate \u00een trecut \u015fi de deontologie pro-b\u0103sist\u0103, niciodat\u0103 cerut\u0103 de mine, sau aflate \u00een cea mai \u00eenalt\u0103 func\u0163ie \u00een stat m\u0103 aloc\u0103 unui blat cu Victor Ponta \u015fi alte lichele tradi\u0163ionale \u00eencearc\u0103 s\u0103 m\u0103 aloce ca blatist cu orgoliosul, f\u0103r\u0103 prea multe principii \u015fi prea m\u00e2ndru de el, intervievat \u00een \u201edirect\u201d de ARD.<\/strong><\/p>\n<p align=\"LEFT\" data-index=\"7\"><strong>Dragilor, eu nu sunt alocabil nici m\u0103car atunci c\u00eend sunt singur. Sunt alocabil doar con\u015ftiin\u0163ei mele.<\/strong><br \/><strong>Din acest mesaj, dragi lichele, \u00een\u0163elege\u0163i \u015fi voi ce vi se ordon\u0103<\/strong>\u201d, a scris fostul pre\u0219edinte pe Facebook.<\/p>\n<\/div>\n<p> Source URL: https:\/\/www.digi24.ro\/stiri\/actualitate\/politica\/traian-basescu-atac-la-klaus-iohannis-si-victor-ponta-2-393913<\/p>\n","protected":false},"excerpt":{"rendered":"<p>Eu nu sunt alocabil.De c\u00eeteva zile, v\u0103d c\u0103, nici mai mult, nici mai pu\u0163in, s-a reluat jocul din campania preziden\u0163ial\u0103&#8230; Posted by Traian B\u0103sescu on Wednesday, May 20, 2015 \u00a0 \u201eEu nu sunt alocabil. De c\u00e2teva zile, v\u0103d c\u0103, nici mai mult, nici mai pu\u0163in, s-a reluat jocul din campania preziden\u0163ial\u0103 2014. Unele lichele \u00eenc\u0103rcate [&hellip;]<\/p>\n","protected":false},"author":1,"featured_media":181355,"comment_status":"open","ping_status":"","sticky":false,"template":"","format":"standard","meta":{"footnotes":""},"categories":[2],"tags":[11],"class_list":["post-181354","post","type-post","status-publish","format-standard","has-post-thumbnail","hentry","category-politics","tag-digi24"],"_links":{"self":[{"href":"https:\/\/analyse.optim.biz\/index.php?rest_route=\/wp\/v2\/posts\/181354","targetHints":{"allow":["GET"]}}],"collection":[{"href":"https:\/\/analyse.optim.biz\/index.php?rest_route=\/wp\/v2\/posts"}],"about":[{"href":"https:\/\/analyse.optim.biz\/index.php?rest_route=\/wp\/v2\/types\/post"}],"author":[{"embeddable":true,"href":"https:\/\/analyse.optim.biz\/index.php?rest_route=\/wp\/v2\/users\/1"}],"replies":[{"embeddable":true,"href":"https:\/\/analyse.optim.biz\/index.php?rest_route=%2Fwp%2Fv2%2Fcomments&post=181354"}],"version-history":[{"count":0,"href":"https:\/\/analyse.optim.biz\/index.php?rest_route=\/wp\/v2\/posts\/181354\/revisions"}],"wp:featuredmedia":[{"embeddable":true,"href":"https:\/\/analyse.optim.biz\/index.php?rest_route=\/wp\/v2\/media\/181355"}],"wp:attachment":[{"href":"https:\/\/analyse.optim.biz\/index.php?rest_route=%2Fwp%2Fv2%2Fmedia&parent=181354"}],"wp:term":[{"taxonomy":"category","embeddable":true,"href":"https:\/\/analyse.optim.biz\/index.php?rest_route=%2Fwp%2Fv2%2Fcategories&post=181354"},{"taxonomy":"post_tag","embeddable":true,"href":"https:\/\/analyse.optim.biz\/index.php?rest_route=%2Fwp%2Fv2%2Ftags&post=181354"}],"curies":[{"name":"wp","href":"https:\/\/api.w.org\/{rel}","templated":true}]}}