{"id":1813415,"date":"2026-03-05T16:40:42","date_gmt":"2026-03-05T13:40:42","guid":{"rendered":"https:\/\/analyse.optim.biz\/?p=1813415"},"modified":"2026-03-05T16:40:42","modified_gmt":"2026-03-05T13:40:42","slug":"politia-circulatiei-se-inchide-vineri-si-sambata","status":"publish","type":"post","link":"https:\/\/analyse.optim.biz\/?p=1813415","title":{"rendered":"Poli\u021bia Circula\u021biei se \u00eenchide vineri \u0219i s\u00e2mb\u0103t\u0103"},"content":{"rendered":"<p>[analyse_image type=&#8221;featured&#8221; src=&#8221;https:\/\/www.curierul.ro\/wp-content\/uploads\/2026\/03\/IMG-20260219-WA0017.jpghttps:\/\/i0.wp.com\/www.curierul.ro\/wp-content\/uploads\/2026\/03\/IMG-20260219-WA0017.jpg?fit=895%2C1066&amp;ssl=1&#8243;]<\/p>\n<article id=\"196557\" class=\"post-196557 post type-post status-publish format-standard has-post-thumbnail hentry category-headlines category-politie category-social\">\n<header class=\"post-header\">\n<ul class=\"breadcrumbs\">\n<li><a href=\"https:\/\/www.curierul.ro\">Home<\/a><\/li>\n<li class=\"breadcrumbs-active .category-headlines\"><a href=\"https:\/\/www.curierul.ro\/index.php?cat=19\">Headlines<\/a><\/li>\n<li class=\"breadcrumbs-active .category-headlines\">Poli\u021bia Circula\u021biei se \u00eenchide vineri \u0219i s\u00e2mb\u0103t\u0103<\/li>\n<\/ul>\n<div class=\"featured-photo\"><img loading=\"lazy\" decoding=\"async\" width=\"895\" height=\"1066\" src=\"https:\/\/i0.wp.com\/www.curierul.ro\/wp-content\/uploads\/2026\/03\/IMG-20260219-WA0017.jpg?fit=252%2C300&amp;ssl=1\" class=\"attachment-single size-single wp-post-image\" alt><\/div>\n<h1 class=\"headline\">Poli\u021bia Circula\u021biei se \u00eenchide vineri \u0219i s\u00e2mb\u0103t\u0103<\/h1>\n<p class=\"byline\">\n\t\tScris de<a href=\"https:\/\/www.curierul.ro\/author\/comunicat-de-presa\/\">Comunicat de pres\u0103<\/a>, \t\t5 martie 2026\t\t\t\t<\/p>\n<hr>\n<\/header>\n<p>Av\u00e2nd \u00een vedere informarea transmis\u0103 de Distribu\u021bie Oltenia privind \u00eentreruperea aliment\u0103rii cu energie electric\u0103 \u00een zona R\u00e2ureni din municipiul R\u00e2mnicu V\u00e2lcea, \u00een zilele de vineri, 6 martie 2026, \u00een intervalul orar 13.00\u201317.00, \u0219i s\u00e2mb\u0103t\u0103, 7 martie 2026, \u00een intervalul orar 09.00\u201317.00, v\u0103 aducem la cuno\u0219tin\u021b\u0103 c\u0103 activit\u0103\u021bile desf\u0103\u0219urate la ghi\u0219eul de rela\u021bii cu publicul din cadrul Serviciului Rutier V\u00e2lcea vor fi temporar suspendate.<\/p>\n<p>\u00cen aceast\u0103 perioad\u0103 nu se vor putea desf\u0103\u0219ura activit\u0103\u021bi privind restituirea documentelor (permise de conducere \u0219i certificate de \u00eenmatriculare), analiza st\u0103rii permisului de conducere \u0219i prelungirea valabilit\u0103\u021bii dovezilor de circula\u021bie.<\/p>\n<p>Pentru situa\u021biile urgente, restituirea documentelor se va realiza pe baza verific\u0103rilor efectuate cu ajutorul tabletelor din dotarea Serviciului Rutier, urm\u00e2nd ca men\u021biunile \u00een aplica\u021bia informatic\u0103 \u201eAbateri\u201d s\u0103 fie introduse ulterior, \u00een data de 8 martie 2026.<\/p>\n<p>V\u0103 mul\u021bumim pentru \u00een\u021belegere.<\/p>\n<div class=\"sharedaddy sd-sharing-enabled\">\n<div class=\"robots-nocontent sd-block sd-social sd-social-official sd-sharing\">\n<h3 class=\"sd-title\">Distribuie pe:<\/h3>\n<div class=\"sd-content\">\n<ul>\n<li class=\"share-facebook\">\n<li class=\"share-twitter\"><a href=\"https:\/\/twitter.com\/share\" class=\"twitter-share-button\" data-url=\"https:\/\/www.curierul.ro\/politia-circulatie-se-inchide-vineri-si-sambata\/\" data-text=\"Poli\u021bia Circula\u021biei se \u00eenchide vineri \u0219i s\u00e2mb\u0103t\u0103\" data-via=\"curierulvl\">Tweet<\/a><\/li>\n<li class=\"share-jetpack-whatsapp\"><a rel=\"nofollow noopener noreferrer\" data-shared=\"sharing-whatsapp-196557\" class=\"share-jetpack-whatsapp sd-button\" href=\"https:\/\/www.curierul.ro\/politia-circulatie-se-inchide-vineri-si-sambata\/?share=jetpack-whatsapp\" target=\"_blank\" aria-labelledby=\"sharing-whatsapp-196557\"><span id=\"sharing-whatsapp-196557\" hidden>Partajeaz\u0103 prin WhatsApp(Se deschide \u00eentr-o fereastr\u0103 nou\u0103)<\/span><span>WhatsApp<\/span><\/a><\/li>\n<li><a href=\"https:\/\/www.curierul.ro\/politia-circulatie-se-inchide-vineri-si-sambata\/\" class=\"sharing-anchor sd-button share-more\"><span>Mai mult<\/span><\/a><\/li>\n<li class=\"share-end\"><\/ul>\n<div class=\"sharing-hidden\">\n<div class=\"inner\">\n<ul>\n<li class=\"share-email\"><a rel=\"nofollow noopener noreferrer\" data-shared=\"sharing-email-196557\" class=\"share-email sd-button\" href=\"mailto:?subject=%5BArticol%20partajat%5D%20Poli%C8%9Bia%20Circula%C8%9Biei%20se%20%C3%AEnchide%20vineri%20%C8%99i%20s%C3%A2mb%C4%83t%C4%83&amp;body=https%3A%2F%2Fwww.curierul.ro%2Fpolitia-circulatie-se-inchide-vineri-si-sambata%2F&amp;share=email\" target=\"_blank\" aria-labelledby=\"sharing-email-196557\" data-email-share-error-title=\"\u021ai-ai configurat emailul?\" data-email-share-error-text=\"Dac\u0103 ai probleme la partajarea prin email, probabil nu ai configurat emailul pentru navigator. Poate trebuie s\u0103 creezi singur un email nou.\" data-email-share-nonce=\"0ed4598db0\" data-email-share-track-url=\"https:\/\/www.curierul.ro\/politia-circulatie-se-inchide-vineri-si-sambata\/?share=email\"><span id=\"sharing-email-196557\" hidden>Trimite unui prieten un email cu o leg\u0103tur\u0103(Se deschide \u00eentr-o fereastr\u0103 nou\u0103)<\/span><span>Email<\/span><\/a><\/li>\n<li class=\"share-print\"><a rel=\"nofollow noopener noreferrer\" data-shared=\"sharing-print-196557\" class=\"share-print sd-button\" href=\"https:\/\/www.curierul.ro\/politia-circulatie-se-inchide-vineri-si-sambata\/#print?share=print\" target=\"_blank\" aria-labelledby=\"sharing-print-196557\"><span id=\"sharing-print-196557\" hidden>Imprimare(Se deschide \u00eentr-o fereastr\u0103 nou\u0103)<\/span><span>Imprimare<\/span><\/a><\/li>\n<li class=\"share-end\"><\/ul>\n<\/div>\n<\/div>\n<\/div>\n<\/div>\n<\/div>\n<div id=\"jp-relatedposts\" class=\"jp-relatedposts\">\n<h3 class=\"jp-relatedposts-headline\"><em>Similare<\/em><\/h3>\n<\/div>\n<footer class=\"post-footer\">\n<div class=\"post-navigation clearfix\">\n<div class=\"previous-post\">\n<div class=\"featured-photo\"><img loading=\"lazy\" decoding=\"async\" width=\"1440\" height=\"963\" src=\"https:\/\/i0.wp.com\/www.curierul.ro\/wp-content\/uploads\/2026\/03\/Probots.jpeg?fit=300%2C201&amp;ssl=1\" class=\"attachment-post-thumbnail size-post-thumbnail wp-post-image\" alt><\/div>\n<p class=\"paginate-title\">\u00ab\u00ab <a href=\"https:\/\/www.curierul.ro\/brobots-echipa-de-robotica-a-colegiului-national-alexandru-lahovari-a-castigat-regionala-centru-first-tech-challenge\/\" rel=\"prev\">BroBots \u2013 echipa de robotic\u0103 a Colegiului Na\u021bional \u201cAlexandru Lahovari\u201d a c\u00e2\u0219tigat Regionala Centru \u2013 First Tech Challenge<\/a><\/p>\n<\/div>\n<div class=\"next-post\">\n<div class=\"featured-photo\"><img decoding=\"async\" width=\"1080\" height=\"1350\" src=\"https:\/\/i0.wp.com\/www.curierul.ro\/wp-content\/uploads\/2026\/03\/Valcea-Tg-Jiu.jpeg?fit=240%2C300&amp;ssl=1\" class=\"attachment-post-thumbnail size-post-thumbnail wp-post-image\" alt loading=\"lazy\"><\/div>\n<p class=\"paginate-title\"><a href=\"https:\/\/www.curierul.ro\/liga-3-seria-6in-zavoi-scm-ramnicu-valcea-csm-targu-jiu-la-ora-15\/\" rel=\"next\">LIGA 3, SERIA 6:<br \/>\u00ceN Z\u0102VOI, SCM R\u00c2MNICU V\u00c2LCEA \u2013 CSM T\u00c2RGU JIU LA ORA 15<\/a> \u00bb\u00bb<\/p>\n<\/div>\n<\/div>\n<div id=\"comments\" class=\"comments-area\">\n<div id=\"respond\" class=\"comment-respond\">\n<h3 id=\"reply-title\" class=\"comment-reply-title\">Po\u021bi comenta aici<small><a rel=\"nofollow\" id=\"cancel-comment-reply-link\" href=\"https:\/\/www.curierul.ro\/politia-circulatie-se-inchide-vineri-si-sambata\/#respond\">Anuleaz\u0103 r\u0103spunsul<\/a><\/small><\/h3>\n<\/div>\n<p class=\"akismet_comment_form_privacy_notice\">Acest site folose\u0219te Akismet pentru a reduce spamul. <a href=\"https:\/\/akismet.com\/privacy\/\" target=\"_blank\" rel=\"nofollow noopener\">Afl\u0103 cum sunt procesate datele comentariilor tale<\/a>.<\/p>\n<\/div>\n<section class=\"latest-category clearfix\">\n<h2 class=\"title\">More Stories From Headlines<\/h2>\n<div class=\"stories-container\">\n<article id=\"related-196571\" class=\"story post-196571 post type-post status-publish format-standard has-post-thumbnail hentry category-baschet category-headlines category-sport tag-baschet-2 tag-corona-brasov-2 tag-cs-valcea-1924 tag-lnmb\">\n<div class=\"photo\"><img decoding=\"async\" width=\"735\" height=\"440\" src=\"https:\/\/i0.wp.com\/www.curierul.ro\/wp-content\/uploads\/2026\/03\/VL-Corona-baschet.jpeg?fit=300%2C270&amp;ssl=1\" class=\"attachment-giornalismo-single size-giornalismo-single wp-post-image\" alt loading=\"lazy\"><\/div>\n<p class=\"headline\"><a href=\"https:\/\/www.curierul.ro\/lnbm-pentru-play-offastazi-de-la-ora-1630-cs-valcea-1924-corona-brasov\/\">LNBM. PENTRU PLAY-OFF:<br \/>AST\u0102ZI, DE LA ORA 16<sup>30<\/sup>, CS V\u00c2LCEA 1924 \u2013 CORONA BRA\u0218OV.<\/a><\/p>\n<\/article>\n<article id=\"related-196565\" class=\"story post-196565 post type-post status-publish format-standard has-post-thumbnail hentry category-actualitate category-headlines category-politica tag-apa-2 tag-apavil tag-avarii tag-canal tag-sesizari tag-valceni-2\">\n<div class=\"photo\"><img decoding=\"async\" width=\"735\" height=\"413\" src=\"https:\/\/i0.wp.com\/www.curierul.ro\/wp-content\/uploads\/2026\/03\/telefon.png?fit=300%2C155&amp;ssl=1\" class=\"attachment-giornalismo-single size-giornalismo-single wp-post-image\" alt loading=\"lazy\"><\/div>\n<p class=\"headline\"><a href=\"https:\/\/www.curierul.ro\/apavil-in-direct-cu-valcenii-pentru-sesizarile-legate-de-avarii-la-retelele-de-apa-si-canal\/\">APAVIL \u00ab\u00een direct\u00bb cu v\u00e2lcenii, pentru sesiz\u0103rile legate de avarii la re\u021belele de ap\u0103 \u0219i canal<\/a><\/p>\n<\/article>\n<article id=\"related-196568\" class=\"story post-196568 post type-post status-publish format-standard has-post-thumbnail hentry category-fotbal category-headlines category-sport tag-liga-3 tag-seria-6\">\n<div class=\"photo\"><img decoding=\"async\" width=\"735\" height=\"440\" src=\"https:\/\/i0.wp.com\/www.curierul.ro\/wp-content\/uploads\/2026\/03\/Valcea-Tg-Jiu-1-1.jpeg?fit=240%2C300&amp;ssl=1\" class=\"attachment-giornalismo-single size-giornalismo-single wp-post-image\" alt loading=\"lazy\"><\/div>\n<p class=\"headline\"><a href=\"https:\/\/www.curierul.ro\/liga-3-seria-6frustrare-in-zavoi-scm-ramnicu-valcea-csm-targu-jiu-1-11-0\/\">LIGA 3, SERIA 6:<br \/>FRUSTRARE \u00ceN Z\u0102VOI. SCM R\u00c2MNICU V\u00c2LCEA \u2013 CSM T\u00c2RGU JIU 1-1(1-0)<\/a><\/p>\n<\/article>\n<\/div>\n<\/section>\n<section class=\"author-bio clearfix\">\n<div class=\"mug-shot\"><img decoding=\"async\" alt src=\"https:\/\/secure.gravatar.com\/avatar\/99cb5dc553c194226db8ff81883aeb68584791e67c78fb655bb3c37b83324715?s=96&amp;d=mm&amp;r=g\" class=\"avatar avatar-96 photo\" height=\"96\" width=\"96\" loading=\"lazy\"><\/div>\n<div class=\"author-info\">\n<p class=\"title\">About Comunicat de pres\u0103, <\/p>\n<div class=\"author-social-area\"><a href=\"mailto:redactie@curierul.ro\"><span class=\"fal fa-envelope\"><span class=\"screen-reader-text\">Email the Author<\/span><\/span><\/a><\/div>\n<\/div>\n<\/section>\n<\/footer>\n<\/article>\n<article id=\"196557\" class=\"post-196557 post type-post status-publish format-standard has-post-thumbnail hentry category-headlines category-politie category-social\">\n<header class=\"post-header\">\n<ul class=\"breadcrumbs\">\n<li><a href=\"https:\/\/www.curierul.ro\">Home<\/a><\/li>\n<li class=\"breadcrumbs-active .category-headlines\"><a href=\"https:\/\/www.curierul.ro\/index.php?cat=19\">Headlines<\/a><\/li>\n<li class=\"breadcrumbs-active .category-headlines\">Poli\u021bia Circula\u021biei se \u00eenchide vineri \u0219i s\u00e2mb\u0103t\u0103<\/li>\n<\/ul>\n<div class=\"featured-photo\"><img loading=\"lazy\" decoding=\"async\" width=\"895\" height=\"1066\" src=\"https:\/\/i0.wp.com\/www.curierul.ro\/wp-content\/uploads\/2026\/03\/IMG-20260219-WA0017.jpg?fit=252%2C300&amp;ssl=1\" class=\"attachment-single size-single wp-post-image\" alt><\/div>\n<h1 class=\"headline\">Poli\u021bia Circula\u021biei se \u00eenchide vineri \u0219i s\u00e2mb\u0103t\u0103<\/h1>\n<p class=\"byline\">\n\t\tScris de<a href=\"https:\/\/www.curierul.ro\/author\/comunicat-de-presa\/\">Comunicat de pres\u0103<\/a>, \t\t5 martie 2026\t\t\t\t<\/p>\n<hr>\n<\/header>\n<p>Av\u00e2nd \u00een vedere informarea transmis\u0103 de Distribu\u021bie Oltenia privind \u00eentreruperea aliment\u0103rii cu energie electric\u0103 \u00een zona R\u00e2ureni din municipiul R\u00e2mnicu V\u00e2lcea, \u00een zilele de vineri, 6 martie 2026, \u00een intervalul orar 13.00\u201317.00, \u0219i s\u00e2mb\u0103t\u0103, 7 martie 2026, \u00een intervalul orar 09.00\u201317.00, v\u0103 aducem la cuno\u0219tin\u021b\u0103 c\u0103 activit\u0103\u021bile desf\u0103\u0219urate la ghi\u0219eul de rela\u021bii cu publicul din cadrul Serviciului Rutier V\u00e2lcea vor fi temporar suspendate.<\/p>\n<p>\u00cen aceast\u0103 perioad\u0103 nu se vor putea desf\u0103\u0219ura activit\u0103\u021bi privind restituirea documentelor (permise de conducere \u0219i certificate de \u00eenmatriculare), analiza st\u0103rii permisului de conducere \u0219i prelungirea valabilit\u0103\u021bii dovezilor de circula\u021bie.<\/p>\n<p>Pentru situa\u021biile urgente, restituirea documentelor se va realiza pe baza verific\u0103rilor efectuate cu ajutorul tabletelor din dotarea Serviciului Rutier, urm\u00e2nd ca men\u021biunile \u00een aplica\u021bia informatic\u0103 \u201eAbateri\u201d s\u0103 fie introduse ulterior, \u00een data de 8 martie 2026.<\/p>\n<p>V\u0103 mul\u021bumim pentru \u00een\u021belegere.<\/p>\n<div class=\"sharedaddy sd-sharing-enabled\">\n<div class=\"robots-nocontent sd-block sd-social sd-social-official sd-sharing\">\n<h3 class=\"sd-title\">Distribuie pe:<\/h3>\n<div class=\"sd-content\">\n<ul>\n<li class=\"share-facebook\">\n<li class=\"share-twitter\"><a href=\"https:\/\/twitter.com\/share\" class=\"twitter-share-button\" data-url=\"https:\/\/www.curierul.ro\/politia-circulatie-se-inchide-vineri-si-sambata\/\" data-text=\"Poli\u021bia Circula\u021biei se \u00eenchide vineri \u0219i s\u00e2mb\u0103t\u0103\" data-via=\"curierulvl\">Tweet<\/a><\/li>\n<li class=\"share-jetpack-whatsapp\"><a rel=\"nofollow noopener noreferrer\" data-shared=\"sharing-whatsapp-196557\" class=\"share-jetpack-whatsapp sd-button\" href=\"https:\/\/www.curierul.ro\/politia-circulatie-se-inchide-vineri-si-sambata\/?share=jetpack-whatsapp\" target=\"_blank\" aria-labelledby=\"sharing-whatsapp-196557\"><span id=\"sharing-whatsapp-196557\" hidden>Partajeaz\u0103 prin WhatsApp(Se deschide \u00eentr-o fereastr\u0103 nou\u0103)<\/span><span>WhatsApp<\/span><\/a><\/li>\n<li><a href=\"https:\/\/www.curierul.ro\/politia-circulatie-se-inchide-vineri-si-sambata\/\" class=\"sharing-anchor sd-button share-more\"><span>Mai mult<\/span><\/a><\/li>\n<li class=\"share-end\"><\/ul>\n<div class=\"sharing-hidden\">\n<div class=\"inner\">\n<ul>\n<li class=\"share-email\"><a rel=\"nofollow noopener noreferrer\" data-shared=\"sharing-email-196557\" class=\"share-email sd-button\" href=\"mailto:?subject=%5BArticol%20partajat%5D%20Poli%C8%9Bia%20Circula%C8%9Biei%20se%20%C3%AEnchide%20vineri%20%C8%99i%20s%C3%A2mb%C4%83t%C4%83&amp;body=https%3A%2F%2Fwww.curierul.ro%2Fpolitia-circulatie-se-inchide-vineri-si-sambata%2F&amp;share=email\" target=\"_blank\" aria-labelledby=\"sharing-email-196557\" data-email-share-error-title=\"\u021ai-ai configurat emailul?\" data-email-share-error-text=\"Dac\u0103 ai probleme la partajarea prin email, probabil nu ai configurat emailul pentru navigator. Poate trebuie s\u0103 creezi singur un email nou.\" data-email-share-nonce=\"0ed4598db0\" data-email-share-track-url=\"https:\/\/www.curierul.ro\/politia-circulatie-se-inchide-vineri-si-sambata\/?share=email\"><span id=\"sharing-email-196557\" hidden>Trimite unui prieten un email cu o leg\u0103tur\u0103(Se deschide \u00eentr-o fereastr\u0103 nou\u0103)<\/span><span>Email<\/span><\/a><\/li>\n<li class=\"share-print\"><a rel=\"nofollow noopener noreferrer\" data-shared=\"sharing-print-196557\" class=\"share-print sd-button\" href=\"https:\/\/www.curierul.ro\/politia-circulatie-se-inchide-vineri-si-sambata\/#print?share=print\" target=\"_blank\" aria-labelledby=\"sharing-print-196557\"><span id=\"sharing-print-196557\" hidden>Imprimare(Se deschide \u00eentr-o fereastr\u0103 nou\u0103)<\/span><span>Imprimare<\/span><\/a><\/li>\n<li class=\"share-end\"><\/ul>\n<\/div>\n<\/div>\n<\/div>\n<\/div>\n<\/div>\n<div id=\"jp-relatedposts\" class=\"jp-relatedposts\">\n<h3 class=\"jp-relatedposts-headline\"><em>Similare<\/em><\/h3>\n<\/div>\n<footer class=\"post-footer\">\n<div class=\"post-navigation clearfix\">\n<div class=\"previous-post\">\n<div class=\"featured-photo\"><img loading=\"lazy\" decoding=\"async\" width=\"1440\" height=\"963\" src=\"https:\/\/i0.wp.com\/www.curierul.ro\/wp-content\/uploads\/2026\/03\/Probots.jpeg?fit=300%2C201&amp;ssl=1\" class=\"attachment-post-thumbnail size-post-thumbnail wp-post-image\" alt><\/div>\n<p class=\"paginate-title\">\u00ab\u00ab <a href=\"https:\/\/www.curierul.ro\/brobots-echipa-de-robotica-a-colegiului-national-alexandru-lahovari-a-castigat-regionala-centru-first-tech-challenge\/\" rel=\"prev\">BroBots \u2013 echipa de robotic\u0103 a Colegiului Na\u021bional \u201cAlexandru Lahovari\u201d a c\u00e2\u0219tigat Regionala Centru \u2013 First Tech Challenge<\/a><\/p>\n<\/div>\n<div class=\"next-post\">\n<div class=\"featured-photo\"><img decoding=\"async\" width=\"1080\" height=\"1350\" src=\"https:\/\/i0.wp.com\/www.curierul.ro\/wp-content\/uploads\/2026\/03\/Valcea-Tg-Jiu.jpeg?fit=240%2C300&amp;ssl=1\" class=\"attachment-post-thumbnail size-post-thumbnail wp-post-image\" alt loading=\"lazy\"><\/div>\n<p class=\"paginate-title\"><a href=\"https:\/\/www.curierul.ro\/liga-3-seria-6in-zavoi-scm-ramnicu-valcea-csm-targu-jiu-la-ora-15\/\" rel=\"next\">LIGA 3, SERIA 6:<br \/>\u00ceN Z\u0102VOI, SCM R\u00c2MNICU V\u00c2LCEA \u2013 CSM T\u00c2RGU JIU LA ORA 15<\/a> \u00bb\u00bb<\/p>\n<\/div>\n<\/div>\n<div id=\"comments\" class=\"comments-area\">\n<div id=\"respond\" class=\"comment-respond\">\n<h3 id=\"reply-title\" class=\"comment-reply-title\">Po\u021bi comenta aici<small><a rel=\"nofollow\" id=\"cancel-comment-reply-link\" href=\"https:\/\/www.curierul.ro\/politia-circulatie-se-inchide-vineri-si-sambata\/#respond\">Anuleaz\u0103 r\u0103spunsul<\/a><\/small><\/h3>\n<\/div>\n<p class=\"akismet_comment_form_privacy_notice\">Acest site folose\u0219te Akismet pentru a reduce spamul. <a href=\"https:\/\/akismet.com\/privacy\/\" target=\"_blank\" rel=\"nofollow noopener\">Afl\u0103 cum sunt procesate datele comentariilor tale<\/a>.<\/p>\n<\/div>\n<section class=\"latest-category clearfix\">\n<h2 class=\"title\">More Stories From Headlines<\/h2>\n<div class=\"stories-container\">\n<article id=\"related-196571\" class=\"story post-196571 post type-post status-publish format-standard has-post-thumbnail hentry category-baschet category-headlines category-sport tag-baschet-2 tag-corona-brasov-2 tag-cs-valcea-1924 tag-lnmb\">\n<div class=\"photo\"><img decoding=\"async\" width=\"735\" height=\"440\" src=\"https:\/\/i0.wp.com\/www.curierul.ro\/wp-content\/uploads\/2026\/03\/VL-Corona-baschet.jpeg?fit=300%2C270&amp;ssl=1\" class=\"attachment-giornalismo-single size-giornalismo-single wp-post-image\" alt loading=\"lazy\"><\/div>\n<p class=\"headline\"><a href=\"https:\/\/www.curierul.ro\/lnbm-pentru-play-offastazi-de-la-ora-1630-cs-valcea-1924-corona-brasov\/\">LNBM. PENTRU PLAY-OFF:<br \/>AST\u0102ZI, DE LA ORA 16<sup>30<\/sup>, CS V\u00c2LCEA 1924 \u2013 CORONA BRA\u0218OV.<\/a><\/p>\n<\/article>\n<article id=\"related-196565\" class=\"story post-196565 post type-post status-publish format-standard has-post-thumbnail hentry category-actualitate category-headlines category-politica tag-apa-2 tag-apavil tag-avarii tag-canal tag-sesizari tag-valceni-2\">\n<div class=\"photo\"><img decoding=\"async\" width=\"735\" height=\"413\" src=\"https:\/\/i0.wp.com\/www.curierul.ro\/wp-content\/uploads\/2026\/03\/telefon.png?fit=300%2C155&amp;ssl=1\" class=\"attachment-giornalismo-single size-giornalismo-single wp-post-image\" alt loading=\"lazy\"><\/div>\n<p class=\"headline\"><a href=\"https:\/\/www.curierul.ro\/apavil-in-direct-cu-valcenii-pentru-sesizarile-legate-de-avarii-la-retelele-de-apa-si-canal\/\">APAVIL \u00ab\u00een direct\u00bb cu v\u00e2lcenii, pentru sesiz\u0103rile legate de avarii la re\u021belele de ap\u0103 \u0219i canal<\/a><\/p>\n<\/article>\n<article id=\"related-196568\" class=\"story post-196568 post type-post status-publish format-standard has-post-thumbnail hentry category-fotbal category-headlines category-sport tag-liga-3 tag-seria-6\">\n<div class=\"photo\"><img decoding=\"async\" width=\"735\" height=\"440\" src=\"https:\/\/i0.wp.com\/www.curierul.ro\/wp-content\/uploads\/2026\/03\/Valcea-Tg-Jiu-1-1.jpeg?fit=240%2C300&amp;ssl=1\" class=\"attachment-giornalismo-single size-giornalismo-single wp-post-image\" alt loading=\"lazy\"><\/div>\n<p class=\"headline\"><a href=\"https:\/\/www.curierul.ro\/liga-3-seria-6frustrare-in-zavoi-scm-ramnicu-valcea-csm-targu-jiu-1-11-0\/\">LIGA 3, SERIA 6:<br \/>FRUSTRARE \u00ceN Z\u0102VOI. SCM R\u00c2MNICU V\u00c2LCEA \u2013 CSM T\u00c2RGU JIU 1-1(1-0)<\/a><\/p>\n<\/article>\n<\/div>\n<\/section>\n<section class=\"author-bio clearfix\">\n<div class=\"mug-shot\"><img decoding=\"async\" alt src=\"https:\/\/secure.gravatar.com\/avatar\/99cb5dc553c194226db8ff81883aeb68584791e67c78fb655bb3c37b83324715?s=96&amp;d=mm&amp;r=g\" class=\"avatar avatar-96 photo\" height=\"96\" width=\"96\" loading=\"lazy\"><\/div>\n<div class=\"author-info\">\n<p class=\"title\">About Comunicat de pres\u0103, <\/p>\n<div class=\"author-social-area\"><a href=\"mailto:redactie@curierul.ro\"><span class=\"fal fa-envelope\"><span class=\"screen-reader-text\">Email the Author<\/span><\/span><\/a><\/div>\n<\/div>\n<\/section>\n<\/footer>\n<\/article>\n<article id=\"related-196571\" class=\"story post-196571 post type-post status-publish format-standard has-post-thumbnail hentry category-baschet category-headlines category-sport tag-baschet-2 tag-corona-brasov-2 tag-cs-valcea-1924 tag-lnmb\">\n<div class=\"photo\"><img decoding=\"async\" width=\"735\" height=\"440\" src=\"https:\/\/i0.wp.com\/www.curierul.ro\/wp-content\/uploads\/2026\/03\/VL-Corona-baschet.jpeg?fit=300%2C270&amp;ssl=1\" class=\"attachment-giornalismo-single size-giornalismo-single wp-post-image\" alt loading=\"lazy\"><\/div>\n<p class=\"headline\"><a href=\"https:\/\/www.curierul.ro\/lnbm-pentru-play-offastazi-de-la-ora-1630-cs-valcea-1924-corona-brasov\/\">LNBM. PENTRU PLAY-OFF:<br \/>AST\u0102ZI, DE LA ORA 16<sup>30<\/sup>, CS V\u00c2LCEA 1924 \u2013 CORONA BRA\u0218OV.<\/a><\/p>\n<\/article>\n<article id=\"related-196565\" class=\"story post-196565 post type-post status-publish format-standard has-post-thumbnail hentry category-actualitate category-headlines category-politica tag-apa-2 tag-apavil tag-avarii tag-canal tag-sesizari tag-valceni-2\">\n<div class=\"photo\"><img decoding=\"async\" width=\"735\" height=\"413\" src=\"https:\/\/i0.wp.com\/www.curierul.ro\/wp-content\/uploads\/2026\/03\/telefon.png?fit=300%2C155&amp;ssl=1\" class=\"attachment-giornalismo-single size-giornalismo-single wp-post-image\" alt loading=\"lazy\"><\/div>\n<p class=\"headline\"><a href=\"https:\/\/www.curierul.ro\/apavil-in-direct-cu-valcenii-pentru-sesizarile-legate-de-avarii-la-retelele-de-apa-si-canal\/\">APAVIL \u00ab\u00een direct\u00bb cu v\u00e2lcenii, pentru sesiz\u0103rile legate de avarii la re\u021belele de ap\u0103 \u0219i canal<\/a><\/p>\n<\/article>\n<article id=\"related-196568\" class=\"story post-196568 post type-post status-publish format-standard has-post-thumbnail hentry category-fotbal category-headlines category-sport tag-liga-3 tag-seria-6\">\n<div class=\"photo\"><img decoding=\"async\" width=\"735\" height=\"440\" src=\"https:\/\/i0.wp.com\/www.curierul.ro\/wp-content\/uploads\/2026\/03\/Valcea-Tg-Jiu-1-1.jpeg?fit=240%2C300&amp;ssl=1\" class=\"attachment-giornalismo-single size-giornalismo-single wp-post-image\" alt loading=\"lazy\"><\/div>\n<p class=\"headline\"><a href=\"https:\/\/www.curierul.ro\/liga-3-seria-6frustrare-in-zavoi-scm-ramnicu-valcea-csm-targu-jiu-1-11-0\/\">LIGA 3, SERIA 6:<br \/>FRUSTRARE \u00ceN Z\u0102VOI. SCM R\u00c2MNICU V\u00c2LCEA \u2013 CSM T\u00c2RGU JIU 1-1(1-0)<\/a><\/p>\n<\/article>\n<p>[analyse_source url=&#8221;https:\/\/www.curierul.ro\/politia-circulatie-se-inchide-vineri-si-sambata\/&#8221;]<\/p>\n","protected":false},"excerpt":{"rendered":"<p>[analyse_image type=&#8221;featured&#8221; src=&#8221;https:\/\/www.curierul.ro\/wp-content\/uploads\/2026\/03\/IMG-20260219-WA0017.jpghttps:\/\/i0.wp.com\/www.curierul.ro\/wp-content\/uploads\/2026\/03\/IMG-20260219-WA0017.jpg?fit=895%2C1066&amp;ssl=1&#8243;] Home Headlines Poli\u021bia Circula\u021biei se \u00eenchide vineri \u0219i s\u00e2mb\u0103t\u0103 Poli\u021bia Circula\u021biei se \u00eenchide vineri \u0219i s\u00e2mb\u0103t\u0103 Scris deComunicat de pres\u0103, 5 martie 2026 Av\u00e2nd \u00een vedere informarea transmis\u0103 de Distribu\u021bie Oltenia privind \u00eentreruperea aliment\u0103rii cu energie electric\u0103 \u00een zona R\u00e2ureni din municipiul R\u00e2mnicu V\u00e2lcea, \u00een zilele de vineri, 6 martie 2026, \u00een [&hellip;]<\/p>\n","protected":false},"author":1,"featured_media":0,"comment_status":"open","ping_status":"","sticky":false,"template":"","format":"standard","meta":{"footnotes":""},"categories":[89],"tags":[226,213],"class_list":["post-1813415","post","type-post","status-publish","format-standard","hentry","category-romania","tag-crawlmanager","tag-curierul-ro"],"_links":{"self":[{"href":"https:\/\/analyse.optim.biz\/index.php?rest_route=\/wp\/v2\/posts\/1813415","targetHints":{"allow":["GET"]}}],"collection":[{"href":"https:\/\/analyse.optim.biz\/index.php?rest_route=\/wp\/v2\/posts"}],"about":[{"href":"https:\/\/analyse.optim.biz\/index.php?rest_route=\/wp\/v2\/types\/post"}],"author":[{"embeddable":true,"href":"https:\/\/analyse.optim.biz\/index.php?rest_route=\/wp\/v2\/users\/1"}],"replies":[{"embeddable":true,"href":"https:\/\/analyse.optim.biz\/index.php?rest_route=%2Fwp%2Fv2%2Fcomments&post=1813415"}],"version-history":[{"count":0,"href":"https:\/\/analyse.optim.biz\/index.php?rest_route=\/wp\/v2\/posts\/1813415\/revisions"}],"wp:attachment":[{"href":"https:\/\/analyse.optim.biz\/index.php?rest_route=%2Fwp%2Fv2%2Fmedia&parent=1813415"}],"wp:term":[{"taxonomy":"category","embeddable":true,"href":"https:\/\/analyse.optim.biz\/index.php?rest_route=%2Fwp%2Fv2%2Fcategories&post=1813415"},{"taxonomy":"post_tag","embeddable":true,"href":"https:\/\/analyse.optim.biz\/index.php?rest_route=%2Fwp%2Fv2%2Ftags&post=1813415"}],"curies":[{"name":"wp","href":"https:\/\/api.w.org\/{rel}","templated":true}]}}