{"id":1813411,"date":"2026-03-05T07:33:31","date_gmt":"2026-03-05T04:33:31","guid":{"rendered":"https:\/\/analyse.optim.biz\/?p=1813411"},"modified":"2026-03-05T07:33:31","modified_gmt":"2026-03-05T04:33:31","slug":"erasmusvet-din-valencia-dincolo-de-orizont-doua-saptamani-care-ne-au-schimbat","status":"publish","type":"post","link":"https:\/\/analyse.optim.biz\/?p=1813411","title":{"rendered":"ErasmusVET din Valencia \u2013 dincolo de orizont. Dou\u0103 s\u0103pt\u0103m\u00e2ni care ne-au schimbat"},"content":{"rendered":"<p>[analyse_image type=&#8221;featured&#8221; src=&#8221;https:\/\/www.curierul.ro\/wp-content\/uploads\/2026\/03\/Cocos-1.jpeghttps:\/\/i0.wp.com\/www.curierul.ro\/wp-content\/uploads\/2026\/03\/Cocos-1.jpeg?fit=1200%2C900&amp;ssl=1&#8243;]<\/p>\n<article id=\"196539\" class=\"post-196539 post type-post status-publish format-standard has-post-thumbnail hentry category-eveniment-social category-invatamant category-social tag-cni-matei-basarab tag-erasmus-3 tag-erasmusvet tag-mobilitate tag-orizont\">\n<header class=\"post-header\">\n<ul class=\"breadcrumbs\">\n<li><a href=\"https:\/\/www.curierul.ro\">Home<\/a><\/li>\n<li class=\"breadcrumbs-active .category-eveniment-social\"><a href=\"https:\/\/www.curierul.ro\/index.php?cat=928\">Eveniment<\/a><\/li>\n<li class=\"breadcrumbs-active .category-eveniment-social\">ErasmusVET din Valencia \u2013 dincolo de orizont. Dou\u0103 s\u0103pt\u0103m\u00e2ni care ne-au schimbat<\/li>\n<\/ul>\n<div class=\"featured-photo\"><img loading=\"lazy\" decoding=\"async\" width=\"1600\" height=\"1200\" src=\"https:\/\/i0.wp.com\/www.curierul.ro\/wp-content\/uploads\/2026\/03\/Cocos-1.jpeg?fit=300%2C225&amp;ssl=1\" class=\"attachment-single size-single wp-post-image\" alt><\/div>\n<h1 class=\"headline\">ErasmusVET din Valencia \u2013 dincolo de orizont. Dou\u0103 s\u0103pt\u0103m\u00e2ni care ne-au schimbat<\/h1>\n<p class=\"byline\">\n\t\tScris de<a href=\"https:\/\/www.curierul.ro\/author\/curierul\/\">Curierul de Valcea<\/a>, \t\t5 martie 2026\t\t\t\t<\/p>\n<hr>\n<\/header>\n<p><strong>Mobilitate in cadrul proiectului Erasmus +4-VET, cu nr. de referinta\u00a0\u00a02025-1-RO01-KA121-VET-000319873\u00a0\u00a0din cadrul Acreditarii Erasmus- in domeniul VET-Formare profesionala, Nr:2021-1-RO01-KA120-VET-000046242 de la Colegiul National de Informatica \u201eMatei Basarab\u201d din Ramnicu Valcea<\/strong><\/p>\n<p><strong>Rela\u021bia elev-profesor, fundamentul educa\u021biei<\/strong><\/p>\n<p>Uneori, nu pleci doar \u00eentr-o alt\u0103 \u021bar\u0103. Pleci dintr-o versiune a ta \u0219i te \u00eentorci \u00een alta. <br \/>Valencia nu a fost doar un ora\u0219 pentru noi. A fost lumina cald\u0103 pe cl\u0103dirile vechi, str\u0103zile <br \/>vibrante, oamenii care ne-au z\u00e2mbit f\u0103r\u0103 grab\u0103 \u0219i orizontul care nu a vorbit despre limite, ci <br \/>despre posibilit\u0103\u021bi. <br \/>Cele dou\u0103 s\u0103pt\u0103m\u00e2ni petrecute \u00een cadrul proiectului Erasmus+ VET au fost mai mult dec\u00e2t un <br \/>stagiu de practic\u0103. Au reprezentat lec\u021biile despre educa\u021bie, despre tehnologie, despre adaptare \u0219i <br \/>despre cine putem deveni atunci c\u00e2nd ie\u0219im din zona de confort. <br \/>La Devesa School nu am descoperit doar o institu\u021bie, ci o comunitate. O \u0219coal\u0103 \u00een care <br \/>educa\u021bia nu era rigid\u0103, ci uman\u0103. Profesorii nu p\u0103strau distan\u021b\u0103, ci construiau rela\u021bii. Elevii li se <br \/>adresau pe nume, iar aceast\u0103 apropiere nu diminua respectul, ci \u00eel f\u0103cea autentic. <br \/>Pentru noi, aceasta a fost prima lec\u021bie: rela\u021bia este fundamentul educa\u021biei. <br \/>Am asistat la ore \u00een care \u00eenv\u0103\u021barea era interactiv\u0103, \u00een care tehnologia era integrat\u0103 natural, iar <br \/>copiii erau \u00eencuraja\u021bi s\u0103 participe activ. Am observat cum clasele erau \u00eemp\u0103r\u021bite \u00een grupe pentru <br \/>a facilita concentrarea \u0219i adaptarea la nivelul fiec\u0103rui elev. Dar dincolo de organizare, am \u00eenv\u0103\u021bat <br \/>ceva esen\u021bial: fiecare copil are propriul ritm, iar un profesor bun \u0219tie s\u0103 \u00eel respecte. <br \/>Am \u00een\u021beles c\u0103 educa\u021bia nu \u00eenseamn\u0103 doar a preda con\u021binuturi, ci a crea un climat \u00een care elevul <br \/>se simte \u00een siguran\u021b\u0103 s\u0103 \u00eentrebe, s\u0103 gre\u0219easc\u0103, s\u0103 \u00eencerce din nou. Am \u00eenv\u0103\u021bat c\u00e2t de important <br \/>este tonul vocii, claritatea explica\u021biilor \u0219i r\u0103bdarea repet\u0103rii. <br \/>S\u0103pt\u0103m\u00e2na Carnavalului a fost, poate, cea mai puternic\u0103 lec\u021bie pedagogic\u0103 pentru noi. <br \/>Profesorii au purtat aceea\u0219i bluz\u0103 ca elevii, cu m\u00e2ini de copii imprimate pe material, cu panglici <br \/>la g\u00e2t \u0219i insigne inspirate din operele marilor arhitec\u021bi \u0219i pictori. Unii \u0219i-au personalizat \u021binuta <br \/>cu stickere \u0219i citate. Nu mai exista o linie clar\u0103 \u00eentre \u201eadult\u201d \u0219i \u201eelev\u201d. Exista unitate. <br \/>Am \u00eenv\u0103\u021bat atunci c\u0103 autoritatea nu vine din distan\u021b\u0103, ci din autenticitate. <br \/>Am ajutat la realizarea m\u0103\u0219tilor tematice, am decupat, am explicat, am \u00eencurajat. Poate p\u0103rea <br \/>un gest simplu, dar pentru noi a fost o experien\u021b\u0103 formativ\u0103. Am \u00eenv\u0103\u021bat s\u0103 coordon\u0103m un grup, <br \/>s\u0103 oferim indica\u021bii clare, s\u0103 intervenim atunci c\u00e2nd era nevoie, dar \u0219i s\u0103 l\u0103s\u0103m spa\u021biu creativit\u0103\u021bii <br \/>copiilor. Am \u00eenv\u0103\u021bat s\u0103 gestion\u0103m emo\u021bii, s\u0103 oferim feedback pozitiv \u0219i s\u0103 men\u021binem o atmosfer\u0103 <br \/>echilibrat\u0103. <br \/>Dou\u0103 ore dedicate fotografiilor tematice au transformat \u0219coala \u00eentr-un spa\u021biu al bucuriei <br \/>colective. Am \u00een\u021beles c\u00e2t de important este ca elevii s\u0103 simt\u0103 c\u0103 \u0219coala este \u0219i un loc al amintirilor <br \/>frumoase, nu doar al evalu\u0103rilor.<\/p>\n<p><img loading=\"lazy\" decoding=\"async\" class=\"aligncenter wp-image-196544 size-full\" src=\"https:\/\/i0.wp.com\/www.curierul.ro\/wp-content\/uploads\/2026\/03\/Cocos-gradi.jpeg?fit=300%2C169&amp;ssl=1\" alt width=\"2048\" height=\"1152\"><\/p>\n<p><strong> Gr\u0103dini\u021ba\u2026.primul pas<\/strong><br \/>\u00cen gr\u0103dini\u021b\u0103, experien\u021ba a fost la fel de minunat\u0103.. Am asistat la activit\u0103\u021bi \u00een care muzica <br \/>inspira desenul, \u00een care jocul devenea metod\u0103, iar \u00eenv\u0103\u021barea se f\u0103cea prin explorare. Am \u00eenv\u0103\u021bat <br \/>c\u0103 la aceast\u0103 v\u00e2rst\u0103, educa\u021bia \u00eenseamn\u0103 r\u0103bdare infinit\u0103, observa\u021bie atent\u0103 \u0219i capacitatea de a <br \/>transforma orice activitate \u00eentr-o oportunitate de dezvoltare. <br \/>Pentru noi, aceast\u0103 experien\u021b\u0103 a \u00eensemnat mai mult dec\u00e2t o simpl\u0103 practic\u0103 pedagogic\u0103. <br \/>Astfel, Bianca Nicu\u021b, clasa a XII-a A, profil voca\u021bional, a apreciat metodele didactice <br \/>interactive \u0219i abordarea modern\u0103 a con\u021binuturilor, consider\u00e2nd c\u0103 astfel de resurse pot stimula <br \/>curiozitatea \u0219i creativitatea elevilor. Medeea Sandu, clasa a XII-a A, profil voca\u021bional, a <br \/>subliniat c\u00e2t de valoroase au fost instrumentele noi de \u00eenv\u0103\u021bare descoperite, care \u00eei vor fi utile <br \/>\u00een viitoarea practic\u0103 pedagogic\u0103. Daria T\u0103tu\u021b, clasa a XII-a A, profil voca\u021bional, a sim\u021bit c\u0103 <br \/>experien\u021ba i-a confirmat dorin\u021ba de a urma cariera didactic\u0103, dezvolt\u00e2ndu-\u0219i r\u0103bdarea \u0219i <br \/>abilit\u0103\u021bile de comunicare. Carmen L\u0103z\u0103rescu, clasa a XII-a A, profil voca\u021bional, a remarcat <br \/>echilibrul dintre metodele tradi\u021bionale \u0219i cele moderne, precum \u0219i sistemul de evaluare orientat <br \/>spre progres. Maria-Daria M\u0103rg\u0103rita, clasa a XII-a A, profil voca\u021bional, a privit aceast\u0103 <br \/>mobilitate ca pe o oportunitate de a-\u0219i valorifica \u0219i confirma abilit\u0103\u021bile deja formate, <br \/>demonstr\u00e2nd echilibru, empatie \u0219i siguran\u021b\u0103 \u00een interac\u021biunea cu elevii. Experien\u021ba i-a oferit <br \/>contextul potrivit pentru a-\u0219i pune \u00een practic\u0103 naturale\u021bea \u00een comunicare \u0219i capacitatea de <br \/>organizare, consolid\u00e2ndu-i convingerea c\u0103 domeniul educa\u021bional i se potrive\u0219te. Pentru mine, <br \/>Cristina Oana-Maria, clasa a XII- a A, profil voca\u021bional, aceast\u0103 experien\u021b\u0103 nu a fost doar o <br \/>mobilitate Erasmus. A fost un moment de revela\u021bie. Un moment \u00een care am \u00een\u021beles c\u0103 viitorul <br \/>nu este un loc \u00een care ajungi \u00eent\u00e2mpl\u0103tor, ci o direc\u021bie spre care alegi s\u0103 mergi. Valencia m-a <br \/>\u00eenv\u0103\u021bat c\u0103 orizontul nu este o linie care te opre\u0219te, ci una care te provoac\u0103. C\u0103 a r\u0103m\u00e2ne pe loc <br \/>\u00eenseamn\u0103, de fapt, a renun\u021ba la propriul poten\u021bial. \u0218i c\u0103 fiecare pas f\u0103cut cu team\u0103, dar cu <br \/>determinare, valoreaz\u0103 mai mult dec\u00e2t siguran\u021ba stagn\u0103rii. Am \u00een\u021beles c\u0103 trebuie s\u0103 am curajul <br \/>s\u0103 zbor, chiar \u0219i atunci c\u00e2nd nu \u0219tiu exact unde voi ateriza. S\u0103 am \u00eencredere \u00een mine, \u00een deciziile <br \/>mele, \u00een visurile mele. S\u0103 risc atunci c\u00e2nd simt c\u0103 pot mai mult. S\u0103 nu m\u0103 mul\u021bumesc cu pu\u021bin <br \/>doar pentru c\u0103 este confortabil. Aceast\u0103 experien\u021b\u0103 mi-a oferit certitudinea c\u0103 evolu\u021bia \u00eencepe \u00een <br \/>momentul \u00een care alegi s\u0103 nu te limitezi. C\u0103 \u00eencrederea se construie\u0219te prin ac\u021biune. C\u0103 viitorul <br \/>apar\u021bine celor care au curajul s\u0103 \u00eel caute. Nu vreau s\u0103 r\u0103m\u00e2n unde sunt. Vreau s\u0103 cresc.Vreau s\u0103 <br \/>\u00eendr\u0103znesc. Vreau s\u0103 zbor spre ceea ce pot deveni.<\/p>\n<p><img decoding=\"async\" loading=\"lazy\" class=\"aligncenter wp-image-196545 size-full\" src=\"https:\/\/i0.wp.com\/www.curierul.ro\/wp-content\/uploads\/2026\/03\/Cocos-2-e1772695408687.jpeg?fit=300%2C171&amp;ssl=1\" alt width=\"2017\" height=\"1147\"><\/p>\n<p><strong> Mate-Info? au construit, au testat, au gre\u0219it, au corectat, au \u00een\u021beles\u2026<\/strong><\/p>\n<p>Pentru cei de la profilul Matematic\u0103-Informatic\u0103, experien\u021ba a fost una practic\u0103 \u0219i <br \/>aplicat\u0103. Nu au r\u0103mas la nivel teoretic. Au construit. Au testat. Au gre\u0219it. Au corectat. Au \u00een\u021beles. <br \/>Au lucrat cu Arduino, iar ceea ce \u00een clas\u0103 era doar un concept, aici a devenit realitatea <br \/>palpabil\u0103. Au realizat un sistem de semafor func\u021bional, \u00een care ledurile nu mai reprezentau <br \/>simple componente electronice, ci un mecanism logic, coordonat de cod, timp \u0219i precizie. Au <br \/>\u00eenv\u0103\u021bat s\u0103 sincronizeze semnale, s\u0103 gestioneze \u00eent\u00e2rzieri, s\u0103 programeze secven\u021be; exact a\u0219a cum <br \/>func\u021bioneaz\u0103 ora\u0219ele pe care le traversam zilnic. <br \/>Au construit un radar cu ajutorul unui servo-motor \u0219i al unui senzor de distan\u021b\u0103, observ\u00e2nd <br \/>cum mi\u0219carea controlat\u0103 \u0219i citirea datelor pot transforma un circuit simplu \u00eentr-un sistem <br \/>inteligent de detectare. C\u00e2nd punctul de pe ecran se mi\u0219ca \u00een func\u021bie de obiectele din fa\u021ba lui, <br \/>nu era doar un exerci\u021biu tehnic, era momentul \u00een care au realizat c\u0103 putem controla \u0219i interpreta <br \/>realitatea prin tehnologie. <br \/>Au dezvoltat un sistem de securitate pentru cas\u0103, utiliz\u00e2nd senzori, leduri, ecrane LCD \u0219i <br \/>componente programabile. Am folosit poten\u021biometre pentru reglarea valorilor, au controlat <br \/>servo-uri pentru mi\u0219c\u0103ri precise, au afi\u0219at informa\u021bii pe ecrane LCD \u0219i au \u00een\u021beles cum fiecare <br \/>mic detaliu conteaz\u0103 \u00eentr-un sistem complex. <br \/>Nu era doar electronic\u0103. Era logic\u0103 aplicat\u0103. Era g\u00e2ndire algoritmic\u0103 transformat\u0103 \u00een <br \/>realitate. Era dovada c\u0103 informatica nu \u00eenseamn\u0103 doar linii de cod, ci solu\u021bii pentru lumea real\u0103. <br \/>Au \u00eenv\u0103\u021bat despre coordonare, despre r\u0103bdare, despre importan\u021ba detaliilor. Au \u00een\u021beles c\u0103 <br \/>un cablu conectat gre\u0219it poate opri \u00eentregul sistem, la fel cum o decizie gre\u0219it\u0103 poate afecta un <br \/>proiect. Au \u00eenv\u0103\u021bat s\u0103 lucreze \u00een echip\u0103, s\u0103 \u00eempart\u0103 responsabilit\u0103\u021bi \u0219i s\u0103 se sus\u021bin\u0103 reciproc. <br \/>Pentru Darius Dobre, clasa a XII-a C, profil matematic\u0103-informatic\u0103, aceast\u0103 experien\u021b\u0103 a <br \/>fost valoroas\u0103 at\u00e2t prin componenta practic\u0103, c\u00e2t \u0219i prin interac\u021biunea direct\u0103 cu profesorii <br \/>implica\u021bi \u00een activit\u0103\u021bile tehnice. A apreciat \u00een mod deosebit profesionalismul \u0219i deschiderea <br \/>domnului profesor Hassen, subliniind claritatea explica\u021biilor \u0219i modul aplicat \u00een care au fost <br \/>prezentate conceptele. Pentru el, aceast\u0103 abordare a demonstrat c\u00e2t de important este rolul <br \/>profesorului \u00een transformarea teoriei \u00een \u00een\u021belegere real\u0103 \u0219i aplicabil\u0103. Andrei Drugan, clasa a <br \/>XII-a C, profil matematic\u0103-informatic\u0103, a perceput aceast\u0103 mobilitate ca pe o experien\u021b\u0103 <br \/>definitorie, nu doar prin prisma activit\u0103\u021bilor tehnice, ci \u0219i prin prisma dezvolt\u0103rii personale. <br \/>Pentru el, cele dou\u0103 s\u0103pt\u0103m\u00e2ni au \u00eensemnat mai mult dec\u00e2t proiecte \u0219i aplica\u021bii practice \u2014 au <br \/>fost o oportunitate de a-\u0219i dep\u0103\u0219i limitele, de a lega prietenii \u0219i de a \u00een\u021belege c\u0103 fiecare provocare <br \/>este, de fapt, un pas \u00eenainte spre maturizare.<\/p>\n<p><img decoding=\"async\" loading=\"lazy\" class=\"aligncenter wp-image-196546 size-full\" src=\"https:\/\/i0.wp.com\/www.curierul.ro\/wp-content\/uploads\/2026\/03\/Cocos-3-e1772695558204.jpeg?fit=300%2C191&amp;ssl=1\" alt width=\"2004\" height=\"1273\"><\/p>\n<p><strong> Prof Gabriela Coco\u0219: \u201eExperien\u021ba ErasmusVET din Valencia, o lec\u021bie de curaj \u0219i maturizare\u201d<\/strong><\/p>\n<p>Profesorii coordonatori au fost martorii direc\u021bi ai acestei transform\u0103ri. <br \/>Doamna Gabriela Eugenia Coco\u0219, director adjunct \u0219i profesor de matematic\u0103, <br \/>coordonator al mobilit\u0103\u021bii, a surprins esen\u021ba acestei experien\u021be prin urm\u0103toarele cuvinte: <br \/>,,<strong>Experien\u021ba ErasmusVET din Valencia a fost, pentru mine, mai mult dec\u00e2t un proiect \u2013 a <\/strong><br \/><strong>fost o lec\u021bie de curaj \u0219i maturizare. Am avut bucuria s\u0103 \u00eei v\u0103d cresc\u00e2nd de la o zi la alta, <\/strong><br \/><strong>adapt\u00e2nduse \u0219i reprezent\u00e2nd \u0219coala cu seriozitate \u0219i demnitate. Dincolo de competen\u021bele <\/strong><br \/><strong>profesionale, au c\u00e2\u0219tigat independen\u021b\u0103 \u0219i \u00eencredere<\/strong>.\u201d <br \/>Doamna Mihaela Toma, cel de-al doilea coordonator al mobilit\u0103\u021bii, profesor de limba <br \/>englez\u0103, ne-a fost sprijin constant, oferindu-ne echilibru \u0219i siguran\u021b\u0103. Prin dedicare \u0219i implicare <br \/>autentic\u0103, a contribuit la crearea unui cadru \u00een care am putut evolua cu responsabilitate \u0219i <br \/>\u00eencredere. <br \/>Dincolo de practic\u0103, dincolo de s\u0103lile de clas\u0103 \u0219i de proiectele construite cu migal\u0103, a existat <br \/>o alt\u0103 form\u0103 de \u00eenv\u0103\u021bare; una care nu se pred\u0103, ci se tr\u0103ie\u0219te. <br \/><strong>La Oceanografic<\/strong>, am p\u0103\u0219it \u00eentr-un univers al lini\u0219tii albastre. Dincolo de sticla acvariilor, <br \/>lumea subacvatic\u0103 pulsa \u00eentr-un ritm propriu, calm \u0219i misterios. Delfinii ,,alunecau\u201d t\u0103cu\u021bi, <br \/>meduzele p\u0103reau fragmente de lumin\u0103, iar fiecare mi\u0219care a apei ne amintea c\u00e2t de vast\u0103 este <br \/>lumea dincolo de ceea ce vedem zilnic. Acolo am \u00eenv\u0103\u021bat despre fragilitate, echilibru \u0219i despre <br \/>responsabilitatea pe care o avem fa\u021b\u0103 de natur\u0103. <br \/><strong>\u00cen Bioparc<\/strong>, natura nu era privit\u0103 de la distan\u021b\u0103. Era aproape, vie, respir\u00e2nd. Spa\u021biile deschise, <br \/>f\u0103r\u0103 gratii vizibile, ne-au f\u0103cut s\u0103 sim\u021bim c\u0103 nu suntem doar spectatori, ci parte din acela\u0219i <br \/>ecosistem. Am \u00een\u021beles c\u0103 armonia nu vine din control, ci din respect. <br \/><strong>La Muzeul de \u0218tiin\u021be<\/strong>, curiozitatea a devenit ghid. Fiecare sal\u0103 era o invita\u021bie la explorare, <br \/>fiecare experiment\u2026o dovad\u0103 c\u0103 progresul \u00eencepe cu o \u00eentrebare. Am sim\u021bit c\u0103 \u0219tiin\u021ba nu este <br \/>rece \u0219i abstract\u0103, ci vie, dinamic\u0103, plin\u0103 de posibilit\u0103\u021bi. <br \/><strong>C\u0103l\u0103toria \u00een Alicante<\/strong> ne-a adus \u00een fa\u021ba m\u0103rii deschise, unde albastrul nu p\u0103rea s\u0103 aib\u0103 sf\u00e2r\u0219it. <br \/><strong>\u00cen Calpe<\/strong>, st\u00e2nca impun\u0103toare \u0219i lini\u0219tea \u021b\u0103rmului ne-au oferit un moment de reflec\u021bie. Acolo, <br \/>\u00eentre cer \u0219i ap\u0103, am sim\u021bit c\u00e2t de mic este omul \u00een fa\u021ba naturii \u0219i, totodat\u0103, c\u00e2t de mare poate <br \/>deveni prin visurile sale. <br \/><strong>\u00cen Pe\u0219tera Canelobre<\/strong>, timpul p\u0103rea suspendat. Stalactitele \u0219i stalagmitele, modelate de <br \/>secole, st\u0103teau ca ni\u0219te martori t\u0103cu\u021bi ai r\u0103bd\u0103rii naturii. \u00cen ad\u00e2ncul r\u0103coros al pe\u0219terii, am \u00een\u021beles <br \/>c\u0103 unele lucruri se construiesc lent, \u00een lini\u0219te, dar tocmai de aceea devin impresionante. <br \/>Astfel, aceast\u0103 dimensiune cultural\u0103 nu a fost doar o serie de vizite. A fost o \u00eent\u00e2lnire cu <br \/>diversitatea, cu istoria, cu natura \u0219i cu noi \u00een\u0219ine. A fost dovada c\u0103 educa\u021bia nu se opre\u0219te la u\u0219a <br \/>unei \u0219coli; ea continu\u0103 \u00een fiecare loc care ne deschide ochii \u0219i ne l\u0103rge\u0219te orizontul. <br \/>Iar, \u00een final, aceast\u0103 poveste nu este doar despre un ora\u0219, despre o mobilitate sau despre dou\u0103 <br \/>s\u0103pt\u0103m\u00e2ni petrecute departe de cas\u0103. Este povestea unei genera\u021bii care a ales s\u0103 cread\u0103 \u00een mai <br \/>mult. Este povestea unor elevi care au \u00een\u021beles c\u0103 \u0219coala nu \u00eenseamn\u0103 doar manuale, ci experien\u021be <br \/>care te formeaz\u0103 pentru via\u021b\u0103. <br \/><strong>R\u00e2ndurile acestea au fost a\u0219ezate cu emo\u021bie \u0219i recuno\u0219tin\u021b\u0103 de c\u0103tre Oana Maria Cristina, <\/strong><br \/><strong>elev\u0103 la profilul voca\u021bional, Educatoare-\u00cenv\u0103\u021b\u0103tori, din cadrul Colegiului Na\u021bional de <\/strong><br \/><strong>Informatic\u0103 \u201eMatei Basarab\u201d din R\u00e2mnicu V\u00e2lcea, jude\u021bul V\u00e2lcea. <\/strong><br \/><strong>Nu ca o simpl\u0103 relatare a unor activit\u0103\u021bi, ci ca m\u0103rturie a unei transform\u0103ri. <\/strong><br \/><strong>O poveste despre curaj, despre devenire \u0219i despre puterea de a privi dincolo de orizont.<\/strong><\/p>\n<div class=\"sharedaddy sd-sharing-enabled\">\n<div class=\"robots-nocontent sd-block sd-social sd-social-official sd-sharing\">\n<h3 class=\"sd-title\">Distribuie pe:<\/h3>\n<div class=\"sd-content\">\n<ul>\n<li class=\"share-facebook\">\n<li class=\"share-twitter\"><a href=\"https:\/\/twitter.com\/share\" class=\"twitter-share-button\" data-url=\"https:\/\/www.curierul.ro\/erasmusvet-din-valencia-dincolo-de-orizont-doua-saptamani-care-ne-au-schimbat\/\" data-text=\"ErasmusVET din Valencia - dincolo de orizont. Dou\u0103 s\u0103pt\u0103m\u00e2ni care ne-au schimbat\" data-via=\"curierulvl\">Tweet<\/a><\/li>\n<li class=\"share-jetpack-whatsapp\"><a rel=\"nofollow noopener noreferrer\" data-shared=\"sharing-whatsapp-196539\" class=\"share-jetpack-whatsapp sd-button\" href=\"https:\/\/www.curierul.ro\/erasmusvet-din-valencia-dincolo-de-orizont-doua-saptamani-care-ne-au-schimbat\/?share=jetpack-whatsapp\" target=\"_blank\" aria-labelledby=\"sharing-whatsapp-196539\"><span id=\"sharing-whatsapp-196539\" hidden>Partajeaz\u0103 prin WhatsApp(Se deschide \u00eentr-o fereastr\u0103 nou\u0103)<\/span><span>WhatsApp<\/span><\/a><\/li>\n<li><a href=\"https:\/\/www.curierul.ro\/erasmusvet-din-valencia-dincolo-de-orizont-doua-saptamani-care-ne-au-schimbat\/\" class=\"sharing-anchor sd-button share-more\"><span>Mai mult<\/span><\/a><\/li>\n<li class=\"share-end\"><\/ul>\n<div class=\"sharing-hidden\">\n<div class=\"inner\">\n<ul>\n<li class=\"share-email\"><a rel=\"nofollow noopener noreferrer\" data-shared=\"sharing-email-196539\" class=\"share-email sd-button\" href=\"mailto:?subject=%5BArticol%20partajat%5D%20ErasmusVET%20din%20Valencia%20-%20dincolo%20de%20orizont.%20Dou%C4%83%20s%C4%83pt%C4%83m%C3%A2ni%20care%20ne-au%20schimbat&amp;body=https%3A%2F%2Fwww.curierul.ro%2Ferasmusvet-din-valencia-dincolo-de-orizont-doua-saptamani-care-ne-au-schimbat%2F&amp;share=email\" target=\"_blank\" aria-labelledby=\"sharing-email-196539\" data-email-share-error-title=\"\u021ai-ai configurat emailul?\" data-email-share-error-text=\"Dac\u0103 ai probleme la partajarea prin email, probabil nu ai configurat emailul pentru navigator. Poate trebuie s\u0103 creezi singur un email nou.\" data-email-share-nonce=\"1013c32a15\" data-email-share-track-url=\"https:\/\/www.curierul.ro\/erasmusvet-din-valencia-dincolo-de-orizont-doua-saptamani-care-ne-au-schimbat\/?share=email\"><span id=\"sharing-email-196539\" hidden>Trimite unui prieten un email cu o leg\u0103tur\u0103(Se deschide \u00eentr-o fereastr\u0103 nou\u0103)<\/span><span>Email<\/span><\/a><\/li>\n<li class=\"share-print\"><a rel=\"nofollow noopener noreferrer\" data-shared=\"sharing-print-196539\" class=\"share-print sd-button\" href=\"https:\/\/www.curierul.ro\/erasmusvet-din-valencia-dincolo-de-orizont-doua-saptamani-care-ne-au-schimbat\/#print?share=print\" target=\"_blank\" aria-labelledby=\"sharing-print-196539\"><span id=\"sharing-print-196539\" hidden>Imprimare(Se deschide \u00eentr-o fereastr\u0103 nou\u0103)<\/span><span>Imprimare<\/span><\/a><\/li>\n<li class=\"share-end\"><\/ul>\n<\/div>\n<\/div>\n<\/div>\n<\/div>\n<\/div>\n<div id=\"jp-relatedposts\" class=\"jp-relatedposts\">\n<h3 class=\"jp-relatedposts-headline\"><em>Similare<\/em><\/h3>\n<\/div>\n<footer class=\"post-footer\">\n<p class=\"tags\"><strong>Tags: <\/strong><a href=\"https:\/\/www.curierul.ro\/tag\/cni-matei-basarab\/\" rel=\"tag\">CNI Matei Basarab<\/a>, <a href=\"https:\/\/www.curierul.ro\/tag\/erasmus-3\/\" rel=\"tag\">Erasmus+<\/a>, <a href=\"https:\/\/www.curierul.ro\/tag\/erasmusvet\/\" rel=\"tag\">ErasmusVET<\/a>, <a href=\"https:\/\/www.curierul.ro\/tag\/mobilitate\/\" rel=\"tag\">MOBILITATE<\/a>, <a href=\"https:\/\/www.curierul.ro\/tag\/orizont\/\" rel=\"tag\">orizont<\/a><\/p>\n<div class=\"post-navigation clearfix\">\n<div class=\"previous-post\">\n<div class=\"featured-photo\"><img decoding=\"async\" width=\"833\" height=\"693\" src=\"https:\/\/i0.wp.com\/www.curierul.ro\/wp-content\/uploads\/2019\/03\/APAVIL-SIGLA-2019.jpg?fit=300%2C250&amp;ssl=1\" class=\"attachment-post-thumbnail size-post-thumbnail wp-post-image\" alt loading=\"lazy\"><\/div>\n<p class=\"paginate-title\">\u00ab\u00ab <a href=\"https:\/\/www.curierul.ro\/apavil-sa-anunt-privind-scoaterea-la-concurs-a-postului-de-lacatus-mecanic-in-cadrul-sectorului-dragasani\/\" rel=\"prev\">APAVIL SA \u2013 anun\u021b privind scoaterea la concurs a postului de l\u0103c\u0103tu\u0219 mecanic \u00een cadrul Sectorului Dr\u0103g\u0103\u0219ani<\/a><\/p>\n<\/div>\n<div class=\"next-post\">\n<div class=\"featured-photo\"><img decoding=\"async\" width=\"1024\" height=\"910\" src=\"https:\/\/i0.wp.com\/www.curierul.ro\/wp-content\/uploads\/2026\/03\/kickbox-e1772696600828.png?fit=300%2C267&amp;ssl=1\" class=\"attachment-post-thumbnail size-post-thumbnail wp-post-image\" alt loading=\"lazy\"><\/div>\n<p class=\"paginate-title\"><a href=\"https:\/\/www.curierul.ro\/oltenia-fighting-show-becali-versus-stoica\/\" rel=\"next\">Oltenia Fighting Show \u2013 Becali versus Stoica<\/a> \u00bb\u00bb<\/p>\n<\/div>\n<\/div>\n<div id=\"comments\" class=\"comments-area\">\n<div id=\"respond\" class=\"comment-respond\">\n<h3 id=\"reply-title\" class=\"comment-reply-title\">Po\u021bi comenta aici<small><a rel=\"nofollow\" id=\"cancel-comment-reply-link\" href=\"https:\/\/www.curierul.ro\/erasmusvet-din-valencia-dincolo-de-orizont-doua-saptamani-care-ne-au-schimbat\/#respond\">Anuleaz\u0103 r\u0103spunsul<\/a><\/small><\/h3>\n<\/div>\n<p class=\"akismet_comment_form_privacy_notice\">Acest site folose\u0219te Akismet pentru a reduce spamul. <a href=\"https:\/\/akismet.com\/privacy\/\" target=\"_blank\" rel=\"nofollow noopener\">Afl\u0103 cum sunt procesate datele comentariilor tale<\/a>.<\/p>\n<\/div>\n<section class=\"related-stories\">\n<h2>Related Stories<\/h2>\n<div class=\"stories-container\">\n<article id=\"latest-193853\" class=\"story post-193853 post type-post status-publish format-standard has-post-thumbnail hentry category-headlines category-invatamant category-social tag-cni-matei-basarab tag-evaluare-nationala-2 tag-zece\">\n<div class=\"photo\"><img decoding=\"async\" width=\"640\" height=\"440\" src=\"https:\/\/i0.wp.com\/www.curierul.ro\/wp-content\/uploads\/2019\/06\/EVALUARE.jpg?fit=300%2C225&amp;ssl=1\" class=\"attachment-giornalismo-single size-giornalismo-single wp-post-image\" alt loading=\"lazy\"><\/div>\n<p class=\"headline\"><a href=\"https:\/\/www.curierul.ro\/evaluarea-nationala-tot-c-n-i-matei-basarab-a-luat-zecele\/\">Evaluarea Na\u021bional\u0103\u2026tot C.N.I. Matei Basarab a luat zecele<\/a><\/p>\n<\/article>\n<article id=\"latest-183701\" class=\"story post-183701 post type-post status-publish format-standard has-post-thumbnail hentry category-eveniment-social category-impact category-invatamant category-social tag-alexia-dumbravescu tag-cni-matei-basarab tag-elevi-de-10 tag-evaluare-nationala-2023 tag-rezultate\">\n<div class=\"photo\"><img decoding=\"async\" width=\"735\" height=\"440\" src=\"https:\/\/i0.wp.com\/www.curierul.ro\/wp-content\/uploads\/2023\/07\/EN-2023-CNIMB-ALEXIA-DUMBRAVESCU-1.jpg?fit=300%2C201&amp;ssl=1\" class=\"attachment-giornalismo-single size-giornalismo-single wp-post-image\" alt loading=\"lazy\"><\/div>\n<p class=\"headline\"><a href=\"https:\/\/www.curierul.ro\/alexia-dumbravescu-eleva-a-liceului-pedagogic-din-ramnicu-valcea-practica-sport-de-performanta-si-a-obtinut-media-maxima-la-examenul-de-evaluare-nationala\/\">Alexia DUMBR\u0102VESCU, elev\u0103 a Liceului Pedagogic din R\u00e2mnicu V\u00e2lcea, practic\u0103 sport de performan\u021b\u0103 \u0219i a ob\u021binut media maxim\u0103 la Examenul de Evaluare Na\u021bional\u0103<\/a><\/p>\n<\/article>\n<article id=\"latest-183678\" class=\"story post-183678 post type-post status-publish format-standard has-post-thumbnail hentry category-headlines category-impact category-invatamant category-social tag-adelina-georgiana-mazilu tag-cni-matei-basarab tag-elevi-de-10 tag-evaluare-nationala-2023 tag-rezultate\">\n<div class=\"photo\"><img decoding=\"async\" width=\"735\" height=\"440\" src=\"https:\/\/i0.wp.com\/www.curierul.ro\/wp-content\/uploads\/2023\/07\/EN-2023-CNIMB-ADELINA-MAZILU-1.jpg?fit=300%2C200&amp;ssl=1\" class=\"attachment-giornalismo-single size-giornalismo-single wp-post-image\" alt loading=\"lazy\"><\/div>\n<p class=\"headline\"><a href=\"https:\/\/www.curierul.ro\/georgiana-adelina-mazilu-eleva-cu-media-10-la-evaluarea-nationala-a-invatat-inca-din-scoala-generala-cum-se-obtin-marile-succese-in-viata-pentru-a-realiza-ceea-ce-imi-doresc-trebuie-sa-munc\/\">Georgiana Adelina MAZILU, eleva cu media 10 la Evaluarea Na\u021bional\u0103 a \u00eenv\u0103\u021bat \u00eenc\u0103 din \u0219coala general\u0103 cum se ob\u021bin marile succese \u00een via\u021b\u0103: <em>\u201ePentru a realiza ceea ce \u00eemi doresc trebuie s\u0103 muncesc \u0219i s\u0103 depun mult efort\u201d<\/em><\/a><\/p>\n<\/article>\n<\/div>\n<\/section>\n<section class=\"latest-category clearfix\">\n<h2 class=\"title\">More Stories From Eveniment<\/h2>\n<\/section>\n<section class=\"author-bio clearfix\">\n<div class=\"mug-shot\"><img decoding=\"async\" alt src=\"https:\/\/secure.gravatar.com\/avatar\/2a58d181c1d85262357d59db6fc29158130ca794fc45057783762a4c0eb9167f?s=96&amp;d=mm&amp;r=g\" class=\"avatar avatar-96 photo\" height=\"96\" width=\"96\" loading=\"lazy\"><\/div>\n<div class=\"author-info\">\n<p class=\"title\">About Curierul de Valcea, <\/p>\n<div class=\"author-social-area\"><a href=\"mailto:curierul@curierul.ro\"><span class=\"fal fa-envelope\"><span class=\"screen-reader-text\">Email the Author<\/span><\/span><\/a><\/div>\n<\/div>\n<\/section>\n<\/footer>\n<\/article>\n<article id=\"196539\" class=\"post-196539 post type-post status-publish format-standard has-post-thumbnail hentry category-eveniment-social category-invatamant category-social tag-cni-matei-basarab tag-erasmus-3 tag-erasmusvet tag-mobilitate tag-orizont\">\n<header class=\"post-header\">\n<ul class=\"breadcrumbs\">\n<li><a href=\"https:\/\/www.curierul.ro\">Home<\/a><\/li>\n<li class=\"breadcrumbs-active .category-eveniment-social\"><a href=\"https:\/\/www.curierul.ro\/index.php?cat=928\">Eveniment<\/a><\/li>\n<li class=\"breadcrumbs-active .category-eveniment-social\">ErasmusVET din Valencia \u2013 dincolo de orizont. Dou\u0103 s\u0103pt\u0103m\u00e2ni care ne-au schimbat<\/li>\n<\/ul>\n<div class=\"featured-photo\"><img loading=\"lazy\" decoding=\"async\" width=\"1600\" height=\"1200\" src=\"https:\/\/i0.wp.com\/www.curierul.ro\/wp-content\/uploads\/2026\/03\/Cocos-1.jpeg?fit=300%2C225&amp;ssl=1\" class=\"attachment-single size-single wp-post-image\" alt><\/div>\n<h1 class=\"headline\">ErasmusVET din Valencia \u2013 dincolo de orizont. Dou\u0103 s\u0103pt\u0103m\u00e2ni care ne-au schimbat<\/h1>\n<p class=\"byline\">\n\t\tScris de<a href=\"https:\/\/www.curierul.ro\/author\/curierul\/\">Curierul de Valcea<\/a>, \t\t5 martie 2026\t\t\t\t<\/p>\n<hr>\n<\/header>\n<p><strong>Mobilitate in cadrul proiectului Erasmus +4-VET, cu nr. de referinta\u00a0\u00a02025-1-RO01-KA121-VET-000319873\u00a0\u00a0din cadrul Acreditarii Erasmus- in domeniul VET-Formare profesionala, Nr:2021-1-RO01-KA120-VET-000046242 de la Colegiul National de Informatica \u201eMatei Basarab\u201d din Ramnicu Valcea<\/strong><\/p>\n<p><strong>Rela\u021bia elev-profesor, fundamentul educa\u021biei<\/strong><\/p>\n<p>Uneori, nu pleci doar \u00eentr-o alt\u0103 \u021bar\u0103. Pleci dintr-o versiune a ta \u0219i te \u00eentorci \u00een alta. <br \/>Valencia nu a fost doar un ora\u0219 pentru noi. A fost lumina cald\u0103 pe cl\u0103dirile vechi, str\u0103zile <br \/>vibrante, oamenii care ne-au z\u00e2mbit f\u0103r\u0103 grab\u0103 \u0219i orizontul care nu a vorbit despre limite, ci <br \/>despre posibilit\u0103\u021bi. <br \/>Cele dou\u0103 s\u0103pt\u0103m\u00e2ni petrecute \u00een cadrul proiectului Erasmus+ VET au fost mai mult dec\u00e2t un <br \/>stagiu de practic\u0103. Au reprezentat lec\u021biile despre educa\u021bie, despre tehnologie, despre adaptare \u0219i <br \/>despre cine putem deveni atunci c\u00e2nd ie\u0219im din zona de confort. <br \/>La Devesa School nu am descoperit doar o institu\u021bie, ci o comunitate. O \u0219coal\u0103 \u00een care <br \/>educa\u021bia nu era rigid\u0103, ci uman\u0103. Profesorii nu p\u0103strau distan\u021b\u0103, ci construiau rela\u021bii. Elevii li se <br \/>adresau pe nume, iar aceast\u0103 apropiere nu diminua respectul, ci \u00eel f\u0103cea autentic. <br \/>Pentru noi, aceasta a fost prima lec\u021bie: rela\u021bia este fundamentul educa\u021biei. <br \/>Am asistat la ore \u00een care \u00eenv\u0103\u021barea era interactiv\u0103, \u00een care tehnologia era integrat\u0103 natural, iar <br \/>copiii erau \u00eencuraja\u021bi s\u0103 participe activ. Am observat cum clasele erau \u00eemp\u0103r\u021bite \u00een grupe pentru <br \/>a facilita concentrarea \u0219i adaptarea la nivelul fiec\u0103rui elev. Dar dincolo de organizare, am \u00eenv\u0103\u021bat <br \/>ceva esen\u021bial: fiecare copil are propriul ritm, iar un profesor bun \u0219tie s\u0103 \u00eel respecte. <br \/>Am \u00een\u021beles c\u0103 educa\u021bia nu \u00eenseamn\u0103 doar a preda con\u021binuturi, ci a crea un climat \u00een care elevul <br \/>se simte \u00een siguran\u021b\u0103 s\u0103 \u00eentrebe, s\u0103 gre\u0219easc\u0103, s\u0103 \u00eencerce din nou. Am \u00eenv\u0103\u021bat c\u00e2t de important <br \/>este tonul vocii, claritatea explica\u021biilor \u0219i r\u0103bdarea repet\u0103rii. <br \/>S\u0103pt\u0103m\u00e2na Carnavalului a fost, poate, cea mai puternic\u0103 lec\u021bie pedagogic\u0103 pentru noi. <br \/>Profesorii au purtat aceea\u0219i bluz\u0103 ca elevii, cu m\u00e2ini de copii imprimate pe material, cu panglici <br \/>la g\u00e2t \u0219i insigne inspirate din operele marilor arhitec\u021bi \u0219i pictori. Unii \u0219i-au personalizat \u021binuta <br \/>cu stickere \u0219i citate. Nu mai exista o linie clar\u0103 \u00eentre \u201eadult\u201d \u0219i \u201eelev\u201d. Exista unitate. <br \/>Am \u00eenv\u0103\u021bat atunci c\u0103 autoritatea nu vine din distan\u021b\u0103, ci din autenticitate. <br \/>Am ajutat la realizarea m\u0103\u0219tilor tematice, am decupat, am explicat, am \u00eencurajat. Poate p\u0103rea <br \/>un gest simplu, dar pentru noi a fost o experien\u021b\u0103 formativ\u0103. Am \u00eenv\u0103\u021bat s\u0103 coordon\u0103m un grup, <br \/>s\u0103 oferim indica\u021bii clare, s\u0103 intervenim atunci c\u00e2nd era nevoie, dar \u0219i s\u0103 l\u0103s\u0103m spa\u021biu creativit\u0103\u021bii <br \/>copiilor. Am \u00eenv\u0103\u021bat s\u0103 gestion\u0103m emo\u021bii, s\u0103 oferim feedback pozitiv \u0219i s\u0103 men\u021binem o atmosfer\u0103 <br \/>echilibrat\u0103. <br \/>Dou\u0103 ore dedicate fotografiilor tematice au transformat \u0219coala \u00eentr-un spa\u021biu al bucuriei <br \/>colective. Am \u00een\u021beles c\u00e2t de important este ca elevii s\u0103 simt\u0103 c\u0103 \u0219coala este \u0219i un loc al amintirilor <br \/>frumoase, nu doar al evalu\u0103rilor.<\/p>\n<p><img loading=\"lazy\" decoding=\"async\" class=\"aligncenter wp-image-196544 size-full\" src=\"https:\/\/i0.wp.com\/www.curierul.ro\/wp-content\/uploads\/2026\/03\/Cocos-gradi.jpeg?fit=300%2C169&amp;ssl=1\" alt width=\"2048\" height=\"1152\"><\/p>\n<p><strong> Gr\u0103dini\u021ba\u2026.primul pas<\/strong><br \/>\u00cen gr\u0103dini\u021b\u0103, experien\u021ba a fost la fel de minunat\u0103.. Am asistat la activit\u0103\u021bi \u00een care muzica <br \/>inspira desenul, \u00een care jocul devenea metod\u0103, iar \u00eenv\u0103\u021barea se f\u0103cea prin explorare. Am \u00eenv\u0103\u021bat <br \/>c\u0103 la aceast\u0103 v\u00e2rst\u0103, educa\u021bia \u00eenseamn\u0103 r\u0103bdare infinit\u0103, observa\u021bie atent\u0103 \u0219i capacitatea de a <br \/>transforma orice activitate \u00eentr-o oportunitate de dezvoltare. <br \/>Pentru noi, aceast\u0103 experien\u021b\u0103 a \u00eensemnat mai mult dec\u00e2t o simpl\u0103 practic\u0103 pedagogic\u0103. <br \/>Astfel, Bianca Nicu\u021b, clasa a XII-a A, profil voca\u021bional, a apreciat metodele didactice <br \/>interactive \u0219i abordarea modern\u0103 a con\u021binuturilor, consider\u00e2nd c\u0103 astfel de resurse pot stimula <br \/>curiozitatea \u0219i creativitatea elevilor. Medeea Sandu, clasa a XII-a A, profil voca\u021bional, a <br \/>subliniat c\u00e2t de valoroase au fost instrumentele noi de \u00eenv\u0103\u021bare descoperite, care \u00eei vor fi utile <br \/>\u00een viitoarea practic\u0103 pedagogic\u0103. Daria T\u0103tu\u021b, clasa a XII-a A, profil voca\u021bional, a sim\u021bit c\u0103 <br \/>experien\u021ba i-a confirmat dorin\u021ba de a urma cariera didactic\u0103, dezvolt\u00e2ndu-\u0219i r\u0103bdarea \u0219i <br \/>abilit\u0103\u021bile de comunicare. Carmen L\u0103z\u0103rescu, clasa a XII-a A, profil voca\u021bional, a remarcat <br \/>echilibrul dintre metodele tradi\u021bionale \u0219i cele moderne, precum \u0219i sistemul de evaluare orientat <br \/>spre progres. Maria-Daria M\u0103rg\u0103rita, clasa a XII-a A, profil voca\u021bional, a privit aceast\u0103 <br \/>mobilitate ca pe o oportunitate de a-\u0219i valorifica \u0219i confirma abilit\u0103\u021bile deja formate, <br \/>demonstr\u00e2nd echilibru, empatie \u0219i siguran\u021b\u0103 \u00een interac\u021biunea cu elevii. Experien\u021ba i-a oferit <br \/>contextul potrivit pentru a-\u0219i pune \u00een practic\u0103 naturale\u021bea \u00een comunicare \u0219i capacitatea de <br \/>organizare, consolid\u00e2ndu-i convingerea c\u0103 domeniul educa\u021bional i se potrive\u0219te. Pentru mine, <br \/>Cristina Oana-Maria, clasa a XII- a A, profil voca\u021bional, aceast\u0103 experien\u021b\u0103 nu a fost doar o <br \/>mobilitate Erasmus. A fost un moment de revela\u021bie. Un moment \u00een care am \u00een\u021beles c\u0103 viitorul <br \/>nu este un loc \u00een care ajungi \u00eent\u00e2mpl\u0103tor, ci o direc\u021bie spre care alegi s\u0103 mergi. Valencia m-a <br \/>\u00eenv\u0103\u021bat c\u0103 orizontul nu este o linie care te opre\u0219te, ci una care te provoac\u0103. C\u0103 a r\u0103m\u00e2ne pe loc <br \/>\u00eenseamn\u0103, de fapt, a renun\u021ba la propriul poten\u021bial. \u0218i c\u0103 fiecare pas f\u0103cut cu team\u0103, dar cu <br \/>determinare, valoreaz\u0103 mai mult dec\u00e2t siguran\u021ba stagn\u0103rii. Am \u00een\u021beles c\u0103 trebuie s\u0103 am curajul <br \/>s\u0103 zbor, chiar \u0219i atunci c\u00e2nd nu \u0219tiu exact unde voi ateriza. S\u0103 am \u00eencredere \u00een mine, \u00een deciziile <br \/>mele, \u00een visurile mele. S\u0103 risc atunci c\u00e2nd simt c\u0103 pot mai mult. S\u0103 nu m\u0103 mul\u021bumesc cu pu\u021bin <br \/>doar pentru c\u0103 este confortabil. Aceast\u0103 experien\u021b\u0103 mi-a oferit certitudinea c\u0103 evolu\u021bia \u00eencepe \u00een <br \/>momentul \u00een care alegi s\u0103 nu te limitezi. C\u0103 \u00eencrederea se construie\u0219te prin ac\u021biune. C\u0103 viitorul <br \/>apar\u021bine celor care au curajul s\u0103 \u00eel caute. Nu vreau s\u0103 r\u0103m\u00e2n unde sunt. Vreau s\u0103 cresc.Vreau s\u0103 <br \/>\u00eendr\u0103znesc. Vreau s\u0103 zbor spre ceea ce pot deveni.<\/p>\n<p><img decoding=\"async\" loading=\"lazy\" class=\"aligncenter wp-image-196545 size-full\" src=\"https:\/\/i0.wp.com\/www.curierul.ro\/wp-content\/uploads\/2026\/03\/Cocos-2-e1772695408687.jpeg?fit=300%2C171&amp;ssl=1\" alt width=\"2017\" height=\"1147\"><\/p>\n<p><strong> Mate-Info? au construit, au testat, au gre\u0219it, au corectat, au \u00een\u021beles\u2026<\/strong><\/p>\n<p>Pentru cei de la profilul Matematic\u0103-Informatic\u0103, experien\u021ba a fost una practic\u0103 \u0219i <br \/>aplicat\u0103. Nu au r\u0103mas la nivel teoretic. Au construit. Au testat. Au gre\u0219it. Au corectat. Au \u00een\u021beles. <br \/>Au lucrat cu Arduino, iar ceea ce \u00een clas\u0103 era doar un concept, aici a devenit realitatea <br \/>palpabil\u0103. Au realizat un sistem de semafor func\u021bional, \u00een care ledurile nu mai reprezentau <br \/>simple componente electronice, ci un mecanism logic, coordonat de cod, timp \u0219i precizie. Au <br \/>\u00eenv\u0103\u021bat s\u0103 sincronizeze semnale, s\u0103 gestioneze \u00eent\u00e2rzieri, s\u0103 programeze secven\u021be; exact a\u0219a cum <br \/>func\u021bioneaz\u0103 ora\u0219ele pe care le traversam zilnic. <br \/>Au construit un radar cu ajutorul unui servo-motor \u0219i al unui senzor de distan\u021b\u0103, observ\u00e2nd <br \/>cum mi\u0219carea controlat\u0103 \u0219i citirea datelor pot transforma un circuit simplu \u00eentr-un sistem <br \/>inteligent de detectare. C\u00e2nd punctul de pe ecran se mi\u0219ca \u00een func\u021bie de obiectele din fa\u021ba lui, <br \/>nu era doar un exerci\u021biu tehnic, era momentul \u00een care au realizat c\u0103 putem controla \u0219i interpreta <br \/>realitatea prin tehnologie. <br \/>Au dezvoltat un sistem de securitate pentru cas\u0103, utiliz\u00e2nd senzori, leduri, ecrane LCD \u0219i <br \/>componente programabile. Am folosit poten\u021biometre pentru reglarea valorilor, au controlat <br \/>servo-uri pentru mi\u0219c\u0103ri precise, au afi\u0219at informa\u021bii pe ecrane LCD \u0219i au \u00een\u021beles cum fiecare <br \/>mic detaliu conteaz\u0103 \u00eentr-un sistem complex. <br \/>Nu era doar electronic\u0103. Era logic\u0103 aplicat\u0103. Era g\u00e2ndire algoritmic\u0103 transformat\u0103 \u00een <br \/>realitate. Era dovada c\u0103 informatica nu \u00eenseamn\u0103 doar linii de cod, ci solu\u021bii pentru lumea real\u0103. <br \/>Au \u00eenv\u0103\u021bat despre coordonare, despre r\u0103bdare, despre importan\u021ba detaliilor. Au \u00een\u021beles c\u0103 <br \/>un cablu conectat gre\u0219it poate opri \u00eentregul sistem, la fel cum o decizie gre\u0219it\u0103 poate afecta un <br \/>proiect. Au \u00eenv\u0103\u021bat s\u0103 lucreze \u00een echip\u0103, s\u0103 \u00eempart\u0103 responsabilit\u0103\u021bi \u0219i s\u0103 se sus\u021bin\u0103 reciproc. <br \/>Pentru Darius Dobre, clasa a XII-a C, profil matematic\u0103-informatic\u0103, aceast\u0103 experien\u021b\u0103 a <br \/>fost valoroas\u0103 at\u00e2t prin componenta practic\u0103, c\u00e2t \u0219i prin interac\u021biunea direct\u0103 cu profesorii <br \/>implica\u021bi \u00een activit\u0103\u021bile tehnice. A apreciat \u00een mod deosebit profesionalismul \u0219i deschiderea <br \/>domnului profesor Hassen, subliniind claritatea explica\u021biilor \u0219i modul aplicat \u00een care au fost <br \/>prezentate conceptele. Pentru el, aceast\u0103 abordare a demonstrat c\u00e2t de important este rolul <br \/>profesorului \u00een transformarea teoriei \u00een \u00een\u021belegere real\u0103 \u0219i aplicabil\u0103. Andrei Drugan, clasa a <br \/>XII-a C, profil matematic\u0103-informatic\u0103, a perceput aceast\u0103 mobilitate ca pe o experien\u021b\u0103 <br \/>definitorie, nu doar prin prisma activit\u0103\u021bilor tehnice, ci \u0219i prin prisma dezvolt\u0103rii personale. <br \/>Pentru el, cele dou\u0103 s\u0103pt\u0103m\u00e2ni au \u00eensemnat mai mult dec\u00e2t proiecte \u0219i aplica\u021bii practice \u2014 au <br \/>fost o oportunitate de a-\u0219i dep\u0103\u0219i limitele, de a lega prietenii \u0219i de a \u00een\u021belege c\u0103 fiecare provocare <br \/>este, de fapt, un pas \u00eenainte spre maturizare.<\/p>\n<p><img decoding=\"async\" loading=\"lazy\" class=\"aligncenter wp-image-196546 size-full\" src=\"https:\/\/i0.wp.com\/www.curierul.ro\/wp-content\/uploads\/2026\/03\/Cocos-3-e1772695558204.jpeg?fit=300%2C191&amp;ssl=1\" alt width=\"2004\" height=\"1273\"><\/p>\n<p><strong> Prof Gabriela Coco\u0219: \u201eExperien\u021ba ErasmusVET din Valencia, o lec\u021bie de curaj \u0219i maturizare\u201d<\/strong><\/p>\n<p>Profesorii coordonatori au fost martorii direc\u021bi ai acestei transform\u0103ri. <br \/>Doamna Gabriela Eugenia Coco\u0219, director adjunct \u0219i profesor de matematic\u0103, <br \/>coordonator al mobilit\u0103\u021bii, a surprins esen\u021ba acestei experien\u021be prin urm\u0103toarele cuvinte: <br \/>,,<strong>Experien\u021ba ErasmusVET din Valencia a fost, pentru mine, mai mult dec\u00e2t un proiect \u2013 a <\/strong><br \/><strong>fost o lec\u021bie de curaj \u0219i maturizare. Am avut bucuria s\u0103 \u00eei v\u0103d cresc\u00e2nd de la o zi la alta, <\/strong><br \/><strong>adapt\u00e2nduse \u0219i reprezent\u00e2nd \u0219coala cu seriozitate \u0219i demnitate. Dincolo de competen\u021bele <\/strong><br \/><strong>profesionale, au c\u00e2\u0219tigat independen\u021b\u0103 \u0219i \u00eencredere<\/strong>.\u201d <br \/>Doamna Mihaela Toma, cel de-al doilea coordonator al mobilit\u0103\u021bii, profesor de limba <br \/>englez\u0103, ne-a fost sprijin constant, oferindu-ne echilibru \u0219i siguran\u021b\u0103. Prin dedicare \u0219i implicare <br \/>autentic\u0103, a contribuit la crearea unui cadru \u00een care am putut evolua cu responsabilitate \u0219i <br \/>\u00eencredere. <br \/>Dincolo de practic\u0103, dincolo de s\u0103lile de clas\u0103 \u0219i de proiectele construite cu migal\u0103, a existat <br \/>o alt\u0103 form\u0103 de \u00eenv\u0103\u021bare; una care nu se pred\u0103, ci se tr\u0103ie\u0219te. <br \/><strong>La Oceanografic<\/strong>, am p\u0103\u0219it \u00eentr-un univers al lini\u0219tii albastre. Dincolo de sticla acvariilor, <br \/>lumea subacvatic\u0103 pulsa \u00eentr-un ritm propriu, calm \u0219i misterios. Delfinii ,,alunecau\u201d t\u0103cu\u021bi, <br \/>meduzele p\u0103reau fragmente de lumin\u0103, iar fiecare mi\u0219care a apei ne amintea c\u00e2t de vast\u0103 este <br \/>lumea dincolo de ceea ce vedem zilnic. Acolo am \u00eenv\u0103\u021bat despre fragilitate, echilibru \u0219i despre <br \/>responsabilitatea pe care o avem fa\u021b\u0103 de natur\u0103. <br \/><strong>\u00cen Bioparc<\/strong>, natura nu era privit\u0103 de la distan\u021b\u0103. Era aproape, vie, respir\u00e2nd. Spa\u021biile deschise, <br \/>f\u0103r\u0103 gratii vizibile, ne-au f\u0103cut s\u0103 sim\u021bim c\u0103 nu suntem doar spectatori, ci parte din acela\u0219i <br \/>ecosistem. Am \u00een\u021beles c\u0103 armonia nu vine din control, ci din respect. <br \/><strong>La Muzeul de \u0218tiin\u021be<\/strong>, curiozitatea a devenit ghid. Fiecare sal\u0103 era o invita\u021bie la explorare, <br \/>fiecare experiment\u2026o dovad\u0103 c\u0103 progresul \u00eencepe cu o \u00eentrebare. Am sim\u021bit c\u0103 \u0219tiin\u021ba nu este <br \/>rece \u0219i abstract\u0103, ci vie, dinamic\u0103, plin\u0103 de posibilit\u0103\u021bi. <br \/><strong>C\u0103l\u0103toria \u00een Alicante<\/strong> ne-a adus \u00een fa\u021ba m\u0103rii deschise, unde albastrul nu p\u0103rea s\u0103 aib\u0103 sf\u00e2r\u0219it. <br \/><strong>\u00cen Calpe<\/strong>, st\u00e2nca impun\u0103toare \u0219i lini\u0219tea \u021b\u0103rmului ne-au oferit un moment de reflec\u021bie. Acolo, <br \/>\u00eentre cer \u0219i ap\u0103, am sim\u021bit c\u00e2t de mic este omul \u00een fa\u021ba naturii \u0219i, totodat\u0103, c\u00e2t de mare poate <br \/>deveni prin visurile sale. <br \/><strong>\u00cen Pe\u0219tera Canelobre<\/strong>, timpul p\u0103rea suspendat. Stalactitele \u0219i stalagmitele, modelate de <br \/>secole, st\u0103teau ca ni\u0219te martori t\u0103cu\u021bi ai r\u0103bd\u0103rii naturii. \u00cen ad\u00e2ncul r\u0103coros al pe\u0219terii, am \u00een\u021beles <br \/>c\u0103 unele lucruri se construiesc lent, \u00een lini\u0219te, dar tocmai de aceea devin impresionante. <br \/>Astfel, aceast\u0103 dimensiune cultural\u0103 nu a fost doar o serie de vizite. A fost o \u00eent\u00e2lnire cu <br \/>diversitatea, cu istoria, cu natura \u0219i cu noi \u00een\u0219ine. A fost dovada c\u0103 educa\u021bia nu se opre\u0219te la u\u0219a <br \/>unei \u0219coli; ea continu\u0103 \u00een fiecare loc care ne deschide ochii \u0219i ne l\u0103rge\u0219te orizontul. <br \/>Iar, \u00een final, aceast\u0103 poveste nu este doar despre un ora\u0219, despre o mobilitate sau despre dou\u0103 <br \/>s\u0103pt\u0103m\u00e2ni petrecute departe de cas\u0103. Este povestea unei genera\u021bii care a ales s\u0103 cread\u0103 \u00een mai <br \/>mult. Este povestea unor elevi care au \u00een\u021beles c\u0103 \u0219coala nu \u00eenseamn\u0103 doar manuale, ci experien\u021be <br \/>care te formeaz\u0103 pentru via\u021b\u0103. <br \/><strong>R\u00e2ndurile acestea au fost a\u0219ezate cu emo\u021bie \u0219i recuno\u0219tin\u021b\u0103 de c\u0103tre Oana Maria Cristina, <\/strong><br \/><strong>elev\u0103 la profilul voca\u021bional, Educatoare-\u00cenv\u0103\u021b\u0103tori, din cadrul Colegiului Na\u021bional de <\/strong><br \/><strong>Informatic\u0103 \u201eMatei Basarab\u201d din R\u00e2mnicu V\u00e2lcea, jude\u021bul V\u00e2lcea. <\/strong><br \/><strong>Nu ca o simpl\u0103 relatare a unor activit\u0103\u021bi, ci ca m\u0103rturie a unei transform\u0103ri. <\/strong><br \/><strong>O poveste despre curaj, despre devenire \u0219i despre puterea de a privi dincolo de orizont.<\/strong><\/p>\n<div class=\"sharedaddy sd-sharing-enabled\">\n<div class=\"robots-nocontent sd-block sd-social sd-social-official sd-sharing\">\n<h3 class=\"sd-title\">Distribuie pe:<\/h3>\n<div class=\"sd-content\">\n<ul>\n<li class=\"share-facebook\">\n<li class=\"share-twitter\"><a href=\"https:\/\/twitter.com\/share\" class=\"twitter-share-button\" data-url=\"https:\/\/www.curierul.ro\/erasmusvet-din-valencia-dincolo-de-orizont-doua-saptamani-care-ne-au-schimbat\/\" data-text=\"ErasmusVET din Valencia - dincolo de orizont. Dou\u0103 s\u0103pt\u0103m\u00e2ni care ne-au schimbat\" data-via=\"curierulvl\">Tweet<\/a><\/li>\n<li class=\"share-jetpack-whatsapp\"><a rel=\"nofollow noopener noreferrer\" data-shared=\"sharing-whatsapp-196539\" class=\"share-jetpack-whatsapp sd-button\" href=\"https:\/\/www.curierul.ro\/erasmusvet-din-valencia-dincolo-de-orizont-doua-saptamani-care-ne-au-schimbat\/?share=jetpack-whatsapp\" target=\"_blank\" aria-labelledby=\"sharing-whatsapp-196539\"><span id=\"sharing-whatsapp-196539\" hidden>Partajeaz\u0103 prin WhatsApp(Se deschide \u00eentr-o fereastr\u0103 nou\u0103)<\/span><span>WhatsApp<\/span><\/a><\/li>\n<li><a href=\"https:\/\/www.curierul.ro\/erasmusvet-din-valencia-dincolo-de-orizont-doua-saptamani-care-ne-au-schimbat\/\" class=\"sharing-anchor sd-button share-more\"><span>Mai mult<\/span><\/a><\/li>\n<li class=\"share-end\"><\/ul>\n<div class=\"sharing-hidden\">\n<div class=\"inner\">\n<ul>\n<li class=\"share-email\"><a rel=\"nofollow noopener noreferrer\" data-shared=\"sharing-email-196539\" class=\"share-email sd-button\" href=\"mailto:?subject=%5BArticol%20partajat%5D%20ErasmusVET%20din%20Valencia%20-%20dincolo%20de%20orizont.%20Dou%C4%83%20s%C4%83pt%C4%83m%C3%A2ni%20care%20ne-au%20schimbat&amp;body=https%3A%2F%2Fwww.curierul.ro%2Ferasmusvet-din-valencia-dincolo-de-orizont-doua-saptamani-care-ne-au-schimbat%2F&amp;share=email\" target=\"_blank\" aria-labelledby=\"sharing-email-196539\" data-email-share-error-title=\"\u021ai-ai configurat emailul?\" data-email-share-error-text=\"Dac\u0103 ai probleme la partajarea prin email, probabil nu ai configurat emailul pentru navigator. Poate trebuie s\u0103 creezi singur un email nou.\" data-email-share-nonce=\"1013c32a15\" data-email-share-track-url=\"https:\/\/www.curierul.ro\/erasmusvet-din-valencia-dincolo-de-orizont-doua-saptamani-care-ne-au-schimbat\/?share=email\"><span id=\"sharing-email-196539\" hidden>Trimite unui prieten un email cu o leg\u0103tur\u0103(Se deschide \u00eentr-o fereastr\u0103 nou\u0103)<\/span><span>Email<\/span><\/a><\/li>\n<li class=\"share-print\"><a rel=\"nofollow noopener noreferrer\" data-shared=\"sharing-print-196539\" class=\"share-print sd-button\" href=\"https:\/\/www.curierul.ro\/erasmusvet-din-valencia-dincolo-de-orizont-doua-saptamani-care-ne-au-schimbat\/#print?share=print\" target=\"_blank\" aria-labelledby=\"sharing-print-196539\"><span id=\"sharing-print-196539\" hidden>Imprimare(Se deschide \u00eentr-o fereastr\u0103 nou\u0103)<\/span><span>Imprimare<\/span><\/a><\/li>\n<li class=\"share-end\"><\/ul>\n<\/div>\n<\/div>\n<\/div>\n<\/div>\n<\/div>\n<div id=\"jp-relatedposts\" class=\"jp-relatedposts\">\n<h3 class=\"jp-relatedposts-headline\"><em>Similare<\/em><\/h3>\n<\/div>\n<footer class=\"post-footer\">\n<p class=\"tags\"><strong>Tags: <\/strong><a href=\"https:\/\/www.curierul.ro\/tag\/cni-matei-basarab\/\" rel=\"tag\">CNI Matei Basarab<\/a>, <a href=\"https:\/\/www.curierul.ro\/tag\/erasmus-3\/\" rel=\"tag\">Erasmus+<\/a>, <a href=\"https:\/\/www.curierul.ro\/tag\/erasmusvet\/\" rel=\"tag\">ErasmusVET<\/a>, <a href=\"https:\/\/www.curierul.ro\/tag\/mobilitate\/\" rel=\"tag\">MOBILITATE<\/a>, <a href=\"https:\/\/www.curierul.ro\/tag\/orizont\/\" rel=\"tag\">orizont<\/a><\/p>\n<div class=\"post-navigation clearfix\">\n<div class=\"previous-post\">\n<div class=\"featured-photo\"><img decoding=\"async\" width=\"833\" height=\"693\" src=\"https:\/\/i0.wp.com\/www.curierul.ro\/wp-content\/uploads\/2019\/03\/APAVIL-SIGLA-2019.jpg?fit=300%2C250&amp;ssl=1\" class=\"attachment-post-thumbnail size-post-thumbnail wp-post-image\" alt loading=\"lazy\"><\/div>\n<p class=\"paginate-title\">\u00ab\u00ab <a href=\"https:\/\/www.curierul.ro\/apavil-sa-anunt-privind-scoaterea-la-concurs-a-postului-de-lacatus-mecanic-in-cadrul-sectorului-dragasani\/\" rel=\"prev\">APAVIL SA \u2013 anun\u021b privind scoaterea la concurs a postului de l\u0103c\u0103tu\u0219 mecanic \u00een cadrul Sectorului Dr\u0103g\u0103\u0219ani<\/a><\/p>\n<\/div>\n<div class=\"next-post\">\n<div class=\"featured-photo\"><img decoding=\"async\" width=\"1024\" height=\"910\" src=\"https:\/\/i0.wp.com\/www.curierul.ro\/wp-content\/uploads\/2026\/03\/kickbox-e1772696600828.png?fit=300%2C267&amp;ssl=1\" class=\"attachment-post-thumbnail size-post-thumbnail wp-post-image\" alt loading=\"lazy\"><\/div>\n<p class=\"paginate-title\"><a href=\"https:\/\/www.curierul.ro\/oltenia-fighting-show-becali-versus-stoica\/\" rel=\"next\">Oltenia Fighting Show \u2013 Becali versus Stoica<\/a> \u00bb\u00bb<\/p>\n<\/div>\n<\/div>\n<div id=\"comments\" class=\"comments-area\">\n<div id=\"respond\" class=\"comment-respond\">\n<h3 id=\"reply-title\" class=\"comment-reply-title\">Po\u021bi comenta aici<small><a rel=\"nofollow\" id=\"cancel-comment-reply-link\" href=\"https:\/\/www.curierul.ro\/erasmusvet-din-valencia-dincolo-de-orizont-doua-saptamani-care-ne-au-schimbat\/#respond\">Anuleaz\u0103 r\u0103spunsul<\/a><\/small><\/h3>\n<\/div>\n<p class=\"akismet_comment_form_privacy_notice\">Acest site folose\u0219te Akismet pentru a reduce spamul. <a href=\"https:\/\/akismet.com\/privacy\/\" target=\"_blank\" rel=\"nofollow noopener\">Afl\u0103 cum sunt procesate datele comentariilor tale<\/a>.<\/p>\n<\/div>\n<section class=\"related-stories\">\n<h2>Related Stories<\/h2>\n<div class=\"stories-container\">\n<article id=\"latest-193853\" class=\"story post-193853 post type-post status-publish format-standard has-post-thumbnail hentry category-headlines category-invatamant category-social tag-cni-matei-basarab tag-evaluare-nationala-2 tag-zece\">\n<div class=\"photo\"><img decoding=\"async\" width=\"640\" height=\"440\" src=\"https:\/\/i0.wp.com\/www.curierul.ro\/wp-content\/uploads\/2019\/06\/EVALUARE.jpg?fit=300%2C225&amp;ssl=1\" class=\"attachment-giornalismo-single size-giornalismo-single wp-post-image\" alt loading=\"lazy\"><\/div>\n<p class=\"headline\"><a href=\"https:\/\/www.curierul.ro\/evaluarea-nationala-tot-c-n-i-matei-basarab-a-luat-zecele\/\">Evaluarea Na\u021bional\u0103\u2026tot C.N.I. Matei Basarab a luat zecele<\/a><\/p>\n<\/article>\n<article id=\"latest-183701\" class=\"story post-183701 post type-post status-publish format-standard has-post-thumbnail hentry category-eveniment-social category-impact category-invatamant category-social tag-alexia-dumbravescu tag-cni-matei-basarab tag-elevi-de-10 tag-evaluare-nationala-2023 tag-rezultate\">\n<div class=\"photo\"><img decoding=\"async\" width=\"735\" height=\"440\" src=\"https:\/\/i0.wp.com\/www.curierul.ro\/wp-content\/uploads\/2023\/07\/EN-2023-CNIMB-ALEXIA-DUMBRAVESCU-1.jpg?fit=300%2C201&amp;ssl=1\" class=\"attachment-giornalismo-single size-giornalismo-single wp-post-image\" alt loading=\"lazy\"><\/div>\n<p class=\"headline\"><a href=\"https:\/\/www.curierul.ro\/alexia-dumbravescu-eleva-a-liceului-pedagogic-din-ramnicu-valcea-practica-sport-de-performanta-si-a-obtinut-media-maxima-la-examenul-de-evaluare-nationala\/\">Alexia DUMBR\u0102VESCU, elev\u0103 a Liceului Pedagogic din R\u00e2mnicu V\u00e2lcea, practic\u0103 sport de performan\u021b\u0103 \u0219i a ob\u021binut media maxim\u0103 la Examenul de Evaluare Na\u021bional\u0103<\/a><\/p>\n<\/article>\n<article id=\"latest-183678\" class=\"story post-183678 post type-post status-publish format-standard has-post-thumbnail hentry category-headlines category-impact category-invatamant category-social tag-adelina-georgiana-mazilu tag-cni-matei-basarab tag-elevi-de-10 tag-evaluare-nationala-2023 tag-rezultate\">\n<div class=\"photo\"><img decoding=\"async\" width=\"735\" height=\"440\" src=\"https:\/\/i0.wp.com\/www.curierul.ro\/wp-content\/uploads\/2023\/07\/EN-2023-CNIMB-ADELINA-MAZILU-1.jpg?fit=300%2C200&amp;ssl=1\" class=\"attachment-giornalismo-single size-giornalismo-single wp-post-image\" alt loading=\"lazy\"><\/div>\n<p class=\"headline\"><a href=\"https:\/\/www.curierul.ro\/georgiana-adelina-mazilu-eleva-cu-media-10-la-evaluarea-nationala-a-invatat-inca-din-scoala-generala-cum-se-obtin-marile-succese-in-viata-pentru-a-realiza-ceea-ce-imi-doresc-trebuie-sa-munc\/\">Georgiana Adelina MAZILU, eleva cu media 10 la Evaluarea Na\u021bional\u0103 a \u00eenv\u0103\u021bat \u00eenc\u0103 din \u0219coala general\u0103 cum se ob\u021bin marile succese \u00een via\u021b\u0103: <em>\u201ePentru a realiza ceea ce \u00eemi doresc trebuie s\u0103 muncesc \u0219i s\u0103 depun mult efort\u201d<\/em><\/a><\/p>\n<\/article>\n<\/div>\n<\/section>\n<section class=\"latest-category clearfix\">\n<h2 class=\"title\">More Stories From Eveniment<\/h2>\n<\/section>\n<section class=\"author-bio clearfix\">\n<div class=\"mug-shot\"><img decoding=\"async\" alt src=\"https:\/\/secure.gravatar.com\/avatar\/2a58d181c1d85262357d59db6fc29158130ca794fc45057783762a4c0eb9167f?s=96&amp;d=mm&amp;r=g\" class=\"avatar avatar-96 photo\" height=\"96\" width=\"96\" loading=\"lazy\"><\/div>\n<div class=\"author-info\">\n<p class=\"title\">About Curierul de Valcea, <\/p>\n<div class=\"author-social-area\"><a href=\"mailto:curierul@curierul.ro\"><span class=\"fal fa-envelope\"><span class=\"screen-reader-text\">Email the Author<\/span><\/span><\/a><\/div>\n<\/div>\n<\/section>\n<\/footer>\n<\/article>\n<article id=\"latest-193853\" class=\"story post-193853 post type-post status-publish format-standard has-post-thumbnail hentry category-headlines category-invatamant category-social tag-cni-matei-basarab tag-evaluare-nationala-2 tag-zece\">\n<div class=\"photo\"><img decoding=\"async\" width=\"640\" height=\"440\" src=\"https:\/\/i0.wp.com\/www.curierul.ro\/wp-content\/uploads\/2019\/06\/EVALUARE.jpg?fit=300%2C225&amp;ssl=1\" class=\"attachment-giornalismo-single size-giornalismo-single wp-post-image\" alt loading=\"lazy\"><\/div>\n<p class=\"headline\"><a href=\"https:\/\/www.curierul.ro\/evaluarea-nationala-tot-c-n-i-matei-basarab-a-luat-zecele\/\">Evaluarea Na\u021bional\u0103\u2026tot C.N.I. Matei Basarab a luat zecele<\/a><\/p>\n<\/article>\n<article id=\"latest-183701\" class=\"story post-183701 post type-post status-publish format-standard has-post-thumbnail hentry category-eveniment-social category-impact category-invatamant category-social tag-alexia-dumbravescu tag-cni-matei-basarab tag-elevi-de-10 tag-evaluare-nationala-2023 tag-rezultate\">\n<div class=\"photo\"><img decoding=\"async\" width=\"735\" height=\"440\" src=\"https:\/\/i0.wp.com\/www.curierul.ro\/wp-content\/uploads\/2023\/07\/EN-2023-CNIMB-ALEXIA-DUMBRAVESCU-1.jpg?fit=300%2C201&amp;ssl=1\" class=\"attachment-giornalismo-single size-giornalismo-single wp-post-image\" alt loading=\"lazy\"><\/div>\n<p class=\"headline\"><a href=\"https:\/\/www.curierul.ro\/alexia-dumbravescu-eleva-a-liceului-pedagogic-din-ramnicu-valcea-practica-sport-de-performanta-si-a-obtinut-media-maxima-la-examenul-de-evaluare-nationala\/\">Alexia DUMBR\u0102VESCU, elev\u0103 a Liceului Pedagogic din R\u00e2mnicu V\u00e2lcea, practic\u0103 sport de performan\u021b\u0103 \u0219i a ob\u021binut media maxim\u0103 la Examenul de Evaluare Na\u021bional\u0103<\/a><\/p>\n<\/article>\n<article id=\"latest-183678\" class=\"story post-183678 post type-post status-publish format-standard has-post-thumbnail hentry category-headlines category-impact category-invatamant category-social tag-adelina-georgiana-mazilu tag-cni-matei-basarab tag-elevi-de-10 tag-evaluare-nationala-2023 tag-rezultate\">\n<div class=\"photo\"><img decoding=\"async\" width=\"735\" height=\"440\" src=\"https:\/\/i0.wp.com\/www.curierul.ro\/wp-content\/uploads\/2023\/07\/EN-2023-CNIMB-ADELINA-MAZILU-1.jpg?fit=300%2C200&amp;ssl=1\" class=\"attachment-giornalismo-single size-giornalismo-single wp-post-image\" alt loading=\"lazy\"><\/div>\n<p class=\"headline\"><a href=\"https:\/\/www.curierul.ro\/georgiana-adelina-mazilu-eleva-cu-media-10-la-evaluarea-nationala-a-invatat-inca-din-scoala-generala-cum-se-obtin-marile-succese-in-viata-pentru-a-realiza-ceea-ce-imi-doresc-trebuie-sa-munc\/\">Georgiana Adelina MAZILU, eleva cu media 10 la Evaluarea Na\u021bional\u0103 a \u00eenv\u0103\u021bat \u00eenc\u0103 din \u0219coala general\u0103 cum se ob\u021bin marile succese \u00een via\u021b\u0103: <em>\u201ePentru a realiza ceea ce \u00eemi doresc trebuie s\u0103 muncesc \u0219i s\u0103 depun mult efort\u201d<\/em><\/a><\/p>\n<\/article>\n<p>[analyse_source url=&#8221;https:\/\/www.curierul.ro\/erasmusvet-din-valencia-dincolo-de-orizont-doua-saptamani-care-ne-au-schimbat\/&#8221;]<\/p>\n","protected":false},"excerpt":{"rendered":"<p>[analyse_image type=&#8221;featured&#8221; src=&#8221;https:\/\/www.curierul.ro\/wp-content\/uploads\/2026\/03\/Cocos-1.jpeghttps:\/\/i0.wp.com\/www.curierul.ro\/wp-content\/uploads\/2026\/03\/Cocos-1.jpeg?fit=1200%2C900&amp;ssl=1&#8243;] Home Eveniment ErasmusVET din Valencia \u2013 dincolo de orizont. Dou\u0103 s\u0103pt\u0103m\u00e2ni care ne-au schimbat ErasmusVET din Valencia \u2013 dincolo de orizont. Dou\u0103 s\u0103pt\u0103m\u00e2ni care ne-au schimbat Scris deCurierul de Valcea, 5 martie 2026 Mobilitate in cadrul proiectului Erasmus +4-VET, cu nr. de referinta\u00a0\u00a02025-1-RO01-KA121-VET-000319873\u00a0\u00a0din cadrul Acreditarii Erasmus- in domeniul VET-Formare profesionala, Nr:2021-1-RO01-KA120-VET-000046242 de [&hellip;]<\/p>\n","protected":false},"author":1,"featured_media":0,"comment_status":"open","ping_status":"","sticky":false,"template":"","format":"standard","meta":{"footnotes":""},"categories":[89],"tags":[226,213],"class_list":["post-1813411","post","type-post","status-publish","format-standard","hentry","category-romania","tag-crawlmanager","tag-curierul-ro"],"_links":{"self":[{"href":"https:\/\/analyse.optim.biz\/index.php?rest_route=\/wp\/v2\/posts\/1813411","targetHints":{"allow":["GET"]}}],"collection":[{"href":"https:\/\/analyse.optim.biz\/index.php?rest_route=\/wp\/v2\/posts"}],"about":[{"href":"https:\/\/analyse.optim.biz\/index.php?rest_route=\/wp\/v2\/types\/post"}],"author":[{"embeddable":true,"href":"https:\/\/analyse.optim.biz\/index.php?rest_route=\/wp\/v2\/users\/1"}],"replies":[{"embeddable":true,"href":"https:\/\/analyse.optim.biz\/index.php?rest_route=%2Fwp%2Fv2%2Fcomments&post=1813411"}],"version-history":[{"count":0,"href":"https:\/\/analyse.optim.biz\/index.php?rest_route=\/wp\/v2\/posts\/1813411\/revisions"}],"wp:attachment":[{"href":"https:\/\/analyse.optim.biz\/index.php?rest_route=%2Fwp%2Fv2%2Fmedia&parent=1813411"}],"wp:term":[{"taxonomy":"category","embeddable":true,"href":"https:\/\/analyse.optim.biz\/index.php?rest_route=%2Fwp%2Fv2%2Fcategories&post=1813411"},{"taxonomy":"post_tag","embeddable":true,"href":"https:\/\/analyse.optim.biz\/index.php?rest_route=%2Fwp%2Fv2%2Ftags&post=1813411"}],"curies":[{"name":"wp","href":"https:\/\/api.w.org\/{rel}","templated":true}]}}