{"id":181332,"date":"2015-05-20T20:22:08","date_gmt":"2015-05-20T17:22:08","guid":{"rendered":"https:\/\/analyse.optim.biz\/?p=181332"},"modified":"2015-05-20T20:22:08","modified_gmt":"2015-05-20T17:22:08","slug":"klaus-iohannis-dublarea-alocatiilor-este-un-act-binevenit","status":"publish","type":"post","link":"https:\/\/analyse.optim.biz\/?p=181332","title":{"rendered":"Klaus Iohannis: Dublarea aloca\u021biilor este un act binevenit"},"content":{"rendered":"<div class=\"entry data-app-meta data-app-meta-article\" data-embed-base-url-canonical=\"https:\/\/www.digi24.ro\/embed\/stiri\/actualitate\/politica\/klaus-iohannis-dublarea-alocatiilor-este-un-act-binevenit-393972\">\n<p data-index=\"1\"><em><strong><span>Reporter: Ve\u021bi promulga rapid legea privind dublarea aloca\u021biilor?<\/span><\/strong><\/em><\/p>\n<p data-index=\"2\"><em><strong><span>Klaus Iohannis: Asta vorbim la urm\u0103toarea conferin\u021b\u0103 de pres\u0103.<\/span><\/strong><\/em><\/p>\n<p data-index=\"3\"><em><strong><span>\u00centrebat despre fondurile necesare pentru a acoperi costurile, Klaus Iohannis a r\u0103spuns: \u201eAm vorbit despre aceast\u0103 chestiune \u0219i cu siguran\u021b\u0103 se vor g\u0103si solu\u021bii. Dup\u0103 p\u0103rerea mea, este un act normativ binevenit\u201d.<\/span><\/strong><\/em><\/p>\n<p data-index=\"4\">Ast\u0103zi, d<span>eputa\u0163ii au aprobat cu 98 voturi &#8220;pentru&#8221; \u015fi 77 &#8220;\u00eempotriv\u0103&#8221;, un amendament al PNL privind majorarea aloca\u0163iei de stat pentru copii de la 42 la 84 de lei.<\/span><\/p>\n<\/div>\n<p> Source URL: https:\/\/www.digi24.ro\/stiri\/actualitate\/politica\/klaus-iohannis-dublarea-alocatiilor-este-un-act-binevenit-393972<\/p>\n","protected":false},"excerpt":{"rendered":"<p>Reporter: Ve\u021bi promulga rapid legea privind dublarea aloca\u021biilor? Klaus Iohannis: Asta vorbim la urm\u0103toarea conferin\u021b\u0103 de pres\u0103. \u00centrebat despre fondurile necesare pentru a acoperi costurile, Klaus Iohannis a r\u0103spuns: \u201eAm vorbit despre aceast\u0103 chestiune \u0219i cu siguran\u021b\u0103 se vor g\u0103si solu\u021bii. Dup\u0103 p\u0103rerea mea, este un act normativ binevenit\u201d. Ast\u0103zi, deputa\u0163ii au aprobat cu 98 [&hellip;]<\/p>\n","protected":false},"author":1,"featured_media":181333,"comment_status":"open","ping_status":"","sticky":false,"template":"","format":"standard","meta":{"footnotes":""},"categories":[2],"tags":[11],"class_list":["post-181332","post","type-post","status-publish","format-standard","has-post-thumbnail","hentry","category-politics","tag-digi24"],"_links":{"self":[{"href":"https:\/\/analyse.optim.biz\/index.php?rest_route=\/wp\/v2\/posts\/181332","targetHints":{"allow":["GET"]}}],"collection":[{"href":"https:\/\/analyse.optim.biz\/index.php?rest_route=\/wp\/v2\/posts"}],"about":[{"href":"https:\/\/analyse.optim.biz\/index.php?rest_route=\/wp\/v2\/types\/post"}],"author":[{"embeddable":true,"href":"https:\/\/analyse.optim.biz\/index.php?rest_route=\/wp\/v2\/users\/1"}],"replies":[{"embeddable":true,"href":"https:\/\/analyse.optim.biz\/index.php?rest_route=%2Fwp%2Fv2%2Fcomments&post=181332"}],"version-history":[{"count":0,"href":"https:\/\/analyse.optim.biz\/index.php?rest_route=\/wp\/v2\/posts\/181332\/revisions"}],"wp:featuredmedia":[{"embeddable":true,"href":"https:\/\/analyse.optim.biz\/index.php?rest_route=\/wp\/v2\/media\/181333"}],"wp:attachment":[{"href":"https:\/\/analyse.optim.biz\/index.php?rest_route=%2Fwp%2Fv2%2Fmedia&parent=181332"}],"wp:term":[{"taxonomy":"category","embeddable":true,"href":"https:\/\/analyse.optim.biz\/index.php?rest_route=%2Fwp%2Fv2%2Fcategories&post=181332"},{"taxonomy":"post_tag","embeddable":true,"href":"https:\/\/analyse.optim.biz\/index.php?rest_route=%2Fwp%2Fv2%2Ftags&post=181332"}],"curies":[{"name":"wp","href":"https:\/\/api.w.org\/{rel}","templated":true}]}}