{"id":181329,"date":"2015-05-21T00:09:48","date_gmt":"2015-05-20T21:09:48","guid":{"rendered":"https:\/\/analyse.optim.biz\/?p=181329"},"modified":"2015-05-21T00:09:48","modified_gmt":"2015-05-20T21:09:48","slug":"traian-basescu-ma-astept-la-60-80-de-dosare-tiberiu-nitu-e-mai-framantat-de-casa-mihaileanu-decat-de-cum-au-murit-oamenii-la-revolutie","status":"publish","type":"post","link":"https:\/\/analyse.optim.biz\/?p=181329","title":{"rendered":"Traian B\u0103sescu: M\u0103 a\u015ftept la 60-80 de dosare. Tiberiu Ni\u0163u e mai fr\u0103m\u00e2ntat de casa Mih\u0103ileanu dec\u00e2t de cum au murit oamenii la Revolu\u0163ie"},"content":{"rendered":"<div class=\"entry data-app-meta data-app-meta-article\" data-embed-base-url-canonical=\"https:\/\/www.digi24.ro\/embed\/stiri\/actualitate\/politica\/traian-basescu-ma-astept-la-60-80-de-dosare-tiberiu-nitu-e-mai-framantat-de-casa-mihaileanu-decat-de-cum-au-murit-oamenii-la-revolutie-394064\">\n<p data-index=\"1\"><img decoding=\"async\" src=\"https:\/\/analyse.optim.biz\/wp-content\/uploads\/2024\/09\/ztyzmzyzmti1ngiwnwq0mgzmmwmxmtbky2q1nju2nte-thumb_.jpg\" data-skip-htmlfix=\"1\" title=\"ztyzmzyzmti1ngiwnwq0mgzmmwmxmtbky2q1nju2nte-thumb_\">\u00a0<\/p>\n<p data-index=\"2\">Fostul pre\u015fedinte\u00a0Traian B\u0103sescu\u00a0a spus, miercuri sear\u0103, \u00eentr-o interven\u0163ie telefonic\u0103 la postul\u00a0B1 TV, c\u0103 se a\u015fteapt\u0103 ca pe numele s\u0103u s\u0103 fie deschise 60-80 de dosare penale, sus\u0163in\u00e2nd c\u0103 atunci c\u00e2nd \u015fi-a terminat mandatul de primar \u00eempotriva sa erau depuse 700 de pl\u00e2ngeri de c\u0103tre chiria\u015fi ai unor imobile na\u0163ionalizate \u015fi de c\u0103tre \u201emici afaceri\u015fti\u201d c\u0103rora Prim\u0103ria Capitalei, pe care a condus-o \u00een perioada 2000-2004, le-a demolat chio\u015fcurile.<\/p>\n<p data-index=\"3\">\u00centrebat dac\u0103 a fost redeschis dosarul penal privind achizi\u0163ia casei din Mih\u0103ileanu, Traian B\u0103sescu a spus c\u0103 nu \u015ftie \u015fi c\u0103 afl\u0103 din pres\u0103, \u00een fiecare zi, c\u0103 a mai fost redeschis un dosar pe numele s\u0103u.<\/p>\n<p data-index=\"4\">\u201eDac\u0103 am \u00eenc\u0103lcat legea, voi r\u0103spunde, dar eu sunt convins c\u0103 am procedat corect \u015fi respect\u00e2nd legile (&#8230;) Dac\u0103 instan\u0163a va considera c\u0103 Prim\u0103ria \u015fi eu am interpretat legea gre\u015fit, m\u0103 voi supune \u015fi probabil voi reveni la starea de dinainte, nu m\u0103 voi opune\u201d, a sus\u0163inut fostul pre\u015fedinte, potrivit Mediafax.<\/p>\n<p data-index=\"5\">El a precizat c\u0103 locuin\u0163a din Mih\u0103ileanu este, de fapt, un bloc cu 12 apartamente, el cump\u0103r\u00e2nd unul dintre acestea \u00een calitate de chiria\u015f, \u00een baza Legii 10\/2001 privind regimul juridic al unor cl\u0103diri preluate \u00een mod abuziv de regimul comunist \u015fi care \u00eei acorda dreptul de a cump\u0103ra imobilul dac\u0103 acesta nu era revendicat, indiferent dac\u0103 mai avea sau nu o cas\u0103.<\/p>\n<p data-index=\"6\">Fostul \u015fef al statului a comentat ironic verific\u0103rile f\u0103cute de c\u0103tre Parchet privind locuin\u0163a din Mih\u0103ileanu, relu\u00e2nd atacurile la adresa procurorului general Tiberiu Ni\u0163u.<\/p>\n<p data-index=\"7\">\u201eSigur, e mai important\u0103 situa\u0163ia unui apartament dec\u00e2t cum au murit peste o mie de oameni la Revolu\u0163ie, \u00een Bucure\u015fti. E mult mai fr\u0103m\u00e2ntat domnul Tiberiu Ni\u0163u de cas\u0103 dec\u00e2t de cum au murit oamenii la Revolu\u0163ie. Domnul Ni\u0163u, \u00eent\u00e2mpl\u0103tor, tr\u0103gea la Revolu\u0163ie\u201d, a mai sus\u0163inut B\u0103sescu.<\/p>\n<p data-index=\"8\">El a respins \u00eens\u0103 varianta c\u0103 ar putea fi condamnat la \u00eenchisoare, precum fostul ministru\u00a0Corneliu Dobri\u021boiu, care a primit un an de \u00eenchisoare cu suspendare pentru achizi\u0163ionarea \u00een condi\u0163ii ilegale a unei locuin\u0163e de serviciu la pre\u0163 subven\u0163ionat, explic\u00e2nd c\u0103 \u00een cazul s\u0103u nu a fost vorba despre o locuin\u0163\u0103 de serviciu.<\/p>\n<\/div>\n<p> Source URL: https:\/\/www.digi24.ro\/stiri\/actualitate\/politica\/traian-basescu-ma-astept-la-60-80-de-dosare-tiberiu-nitu-e-mai-framantat-de-casa-mihaileanu-decat-de-cum-au-murit-oamenii-la-revolutie-394064<\/p>\n","protected":false},"excerpt":{"rendered":"<p>\u00a0 Fostul pre\u015fedinte\u00a0Traian B\u0103sescu\u00a0a spus, miercuri sear\u0103, \u00eentr-o interven\u0163ie telefonic\u0103 la postul\u00a0B1 TV, c\u0103 se a\u015fteapt\u0103 ca pe numele s\u0103u s\u0103 fie deschise 60-80 de dosare penale, sus\u0163in\u00e2nd c\u0103 atunci c\u00e2nd \u015fi-a terminat mandatul de primar \u00eempotriva sa erau depuse 700 de pl\u00e2ngeri de c\u0103tre chiria\u015fi ai unor imobile na\u0163ionalizate \u015fi de c\u0103tre \u201emici afaceri\u015fti\u201d [&hellip;]<\/p>\n","protected":false},"author":1,"featured_media":181330,"comment_status":"open","ping_status":"","sticky":false,"template":"","format":"standard","meta":{"footnotes":""},"categories":[2],"tags":[11],"class_list":["post-181329","post","type-post","status-publish","format-standard","has-post-thumbnail","hentry","category-politics","tag-digi24"],"_links":{"self":[{"href":"https:\/\/analyse.optim.biz\/index.php?rest_route=\/wp\/v2\/posts\/181329","targetHints":{"allow":["GET"]}}],"collection":[{"href":"https:\/\/analyse.optim.biz\/index.php?rest_route=\/wp\/v2\/posts"}],"about":[{"href":"https:\/\/analyse.optim.biz\/index.php?rest_route=\/wp\/v2\/types\/post"}],"author":[{"embeddable":true,"href":"https:\/\/analyse.optim.biz\/index.php?rest_route=\/wp\/v2\/users\/1"}],"replies":[{"embeddable":true,"href":"https:\/\/analyse.optim.biz\/index.php?rest_route=%2Fwp%2Fv2%2Fcomments&post=181329"}],"version-history":[{"count":0,"href":"https:\/\/analyse.optim.biz\/index.php?rest_route=\/wp\/v2\/posts\/181329\/revisions"}],"wp:featuredmedia":[{"embeddable":true,"href":"https:\/\/analyse.optim.biz\/index.php?rest_route=\/wp\/v2\/media\/181330"}],"wp:attachment":[{"href":"https:\/\/analyse.optim.biz\/index.php?rest_route=%2Fwp%2Fv2%2Fmedia&parent=181329"}],"wp:term":[{"taxonomy":"category","embeddable":true,"href":"https:\/\/analyse.optim.biz\/index.php?rest_route=%2Fwp%2Fv2%2Fcategories&post=181329"},{"taxonomy":"post_tag","embeddable":true,"href":"https:\/\/analyse.optim.biz\/index.php?rest_route=%2Fwp%2Fv2%2Ftags&post=181329"}],"curies":[{"name":"wp","href":"https:\/\/api.w.org\/{rel}","templated":true}]}}