{"id":181317,"date":"2015-05-21T09:14:44","date_gmt":"2015-05-21T06:14:44","guid":{"rendered":"https:\/\/analyse.optim.biz\/?p=181317"},"modified":"2015-05-21T09:14:44","modified_gmt":"2015-05-21T06:14:44","slug":"crin-antonescu-si-a-luat-adio-de-la-colegii-liberali","status":"publish","type":"post","link":"https:\/\/analyse.optim.biz\/?p=181317","title":{"rendered":"Crin Antonescu \u0219i-a luat adio de la colegii liberali"},"content":{"rendered":"<div class=\"entry data-app-meta data-app-meta-article\" data-embed-base-url-canonical=\"https:\/\/www.digi24.ro\/embed\/stiri\/actualitate\/politica\/crin-antonescu-si-a-luat-adio-de-la-colegii-liberali-394102\">\n<p data-index=\"1\">\u201e<span>Foarte probabil e ultima dat\u0103 c\u00e2nd m\u0103 adresez unei asemenea adun\u0103ri liberale \u0219i de aceea o fac cu tot sufletul, de aceea, nu am \u00een spatele acestor cuvinte nici interese, nici a\u0219tept\u0103ri. \u00cen \u021bara memoriei scurte, care e din punct de vedere public Rom\u00e2nia, PNL e sigura institu\u021bie care a construit pe durat\u0103 lung\u0103, pentru c\u0103 mereu a avut ca articula\u021bii aceste elite, c\u00e2teva principii \u0219i valori. Urarea mea la aceast\u0103 v\u00e2rst\u0103 e s\u0103 ave\u021bi \u00een continuare puterea de a crede \u00een aceste valori \u0219i de a le servi, de a avea puterea de a ap\u0103ra, prin voca\u021bia esen\u021bial\u0103 \u0219i originar\u0103 a PNL, democra\u021bie, libertatea, prosperitatea \u00een aceast\u0103 \u021bar\u0103\u201d, le-a spus Crin Antonescu liberalilor.<\/span><\/p>\n<p data-index=\"2\"><img decoding=\"async\" src=\"https:\/\/analyse.optim.biz\/wp-content\/uploads\/2024\/09\/m2q0ywmxmdrknja2mtvizgrlzgyyztfimdi3zti2-thumb_.jpg\" data-skip-htmlfix=\"1\" title=\"m2q0ywmxmdrknja2mtvizgrlzgyyztfimdi3zti2-thumb_\"><\/p>\n<p data-index=\"3\"><em><span>FOTO: Mediafax Foto<\/span><\/em><\/p>\n<p data-index=\"4\">Crin Antonescu a stat \u00een sala Operei Na\u021bionale al\u0103turi de copre\u0219edin\u021bii PNL, Alina Gorghiu \u0219i Vasile Blaga, \u0219i de pre\u0219edintele Klaus Iohannis.<\/p>\n<p data-index=\"5\">Pe scena Operei Na\u0163ionale, acolo unde <span><a href=\"https:\/\/www.digi24.ro\/Stiri\/Digi24\/Actualitate\/Stiri\/PNL+aniverseaza+140+de+ani+de+la+infiintare\" target=\"_blank\" data-skip-linkfix=\"1\" rel=\"noopener\">PNL a s\u0103rb\u0103torit 140 de ani de la \u00eenfiin\u0163are<\/a>, a venit \u0219i pre\u0219edintele Klaus Iohannis. El le-a spus fo\u0219tilor colegi liberali c\u0103 i-a fost dor de ei. Fostul lider PNL a vorbit \u015fi despre a\u015ftept\u0103rile pe care le are de la noul mare partid liberal.<\/span><\/p>\n<\/div>\n<p> Source URL: https:\/\/www.digi24.ro\/stiri\/actualitate\/politica\/crin-antonescu-si-a-luat-adio-de-la-colegii-liberali-394102<\/p>\n","protected":false},"excerpt":{"rendered":"<p>\u201eFoarte probabil e ultima dat\u0103 c\u00e2nd m\u0103 adresez unei asemenea adun\u0103ri liberale \u0219i de aceea o fac cu tot sufletul, de aceea, nu am \u00een spatele acestor cuvinte nici interese, nici a\u0219tept\u0103ri. \u00cen \u021bara memoriei scurte, care e din punct de vedere public Rom\u00e2nia, PNL e sigura institu\u021bie care a construit pe durat\u0103 lung\u0103, pentru [&hellip;]<\/p>\n","protected":false},"author":1,"featured_media":181318,"comment_status":"open","ping_status":"","sticky":false,"template":"","format":"standard","meta":{"footnotes":""},"categories":[2],"tags":[11],"class_list":["post-181317","post","type-post","status-publish","format-standard","has-post-thumbnail","hentry","category-politics","tag-digi24"],"_links":{"self":[{"href":"https:\/\/analyse.optim.biz\/index.php?rest_route=\/wp\/v2\/posts\/181317","targetHints":{"allow":["GET"]}}],"collection":[{"href":"https:\/\/analyse.optim.biz\/index.php?rest_route=\/wp\/v2\/posts"}],"about":[{"href":"https:\/\/analyse.optim.biz\/index.php?rest_route=\/wp\/v2\/types\/post"}],"author":[{"embeddable":true,"href":"https:\/\/analyse.optim.biz\/index.php?rest_route=\/wp\/v2\/users\/1"}],"replies":[{"embeddable":true,"href":"https:\/\/analyse.optim.biz\/index.php?rest_route=%2Fwp%2Fv2%2Fcomments&post=181317"}],"version-history":[{"count":0,"href":"https:\/\/analyse.optim.biz\/index.php?rest_route=\/wp\/v2\/posts\/181317\/revisions"}],"wp:featuredmedia":[{"embeddable":true,"href":"https:\/\/analyse.optim.biz\/index.php?rest_route=\/wp\/v2\/media\/181318"}],"wp:attachment":[{"href":"https:\/\/analyse.optim.biz\/index.php?rest_route=%2Fwp%2Fv2%2Fmedia&parent=181317"}],"wp:term":[{"taxonomy":"category","embeddable":true,"href":"https:\/\/analyse.optim.biz\/index.php?rest_route=%2Fwp%2Fv2%2Fcategories&post=181317"},{"taxonomy":"post_tag","embeddable":true,"href":"https:\/\/analyse.optim.biz\/index.php?rest_route=%2Fwp%2Fv2%2Ftags&post=181317"}],"curies":[{"name":"wp","href":"https:\/\/api.w.org\/{rel}","templated":true}]}}