{"id":181306,"date":"2015-05-21T15:32:56","date_gmt":"2015-05-21T12:32:56","guid":{"rendered":"https:\/\/analyse.optim.biz\/?p=181306"},"modified":"2015-05-21T15:32:56","modified_gmt":"2015-05-21T12:32:56","slug":"refuzul-guvernului-de-a-organiza-alegeri-partiale-o-incalcare-a-legii","status":"publish","type":"post","link":"https:\/\/analyse.optim.biz\/?p=181306","title":{"rendered":"Refuzul Guvernului de a organiza alegeri par\u0163iale, o \u00eenc\u0103lcare a legii"},"content":{"rendered":"<div class=\"entry data-app-meta data-app-meta-article\" data-embed-base-url-canonical=\"https:\/\/www.digi24.ro\/embed\/stiri\/actualitate\/politica\/refuzul-guvernului-de-a-organiza-alegeri-partiale-o-incalcare-a-legii-394306\">\n<p data-index=\"1\">\u00a0\u00a0<\/p>\n<p data-index=\"2\">\u015ei Curtea de Apel Cluj a dat o hot\u0103r\u00e2re similar\u0103 \u00een cazul Consiliului Jude\u0163ean care nu mai are pre\u015fedinte. Verdictul nu este nici \u00een acest caz definitiv, iar <strong>premierul a declarat c\u0103 p\u00e2n\u0103 la o decizie obligatorie nu va organiza alegeri.<\/strong><\/p>\n<p data-index=\"3\">\u00cen total sunt cinci consilii jude\u0163ene care nu mai au \u015fef, pentru c\u0103 fo\u015ftii pre\u015fedin\u0163i au probleme cu legea. \u00cen aceea\u015fi situa\u0163ie sunt \u015fi mai multe ora\u015fe \u015fi comune r\u0103mase f\u0103r\u0103 primar.<\/p>\n<p data-index=\"4\"><strong>Legea oblig\u0103 Guvernul s\u0103 organizeze alegeri par\u0163iale \u00een maximum 90 de zile de la eliberarea postului. Nu exist\u0103 sanc\u0163iuni, \u00eens\u0103, dac\u0103 Guvernul \u00eencalc\u0103 legea. \u00a0<\/strong><\/p>\n<\/div>\n<p> Source URL: https:\/\/www.digi24.ro\/stiri\/actualitate\/politica\/refuzul-guvernului-de-a-organiza-alegeri-partiale-o-incalcare-a-legii-394306<\/p>\n","protected":false},"excerpt":{"rendered":"<p>\u00a0\u00a0 \u015ei Curtea de Apel Cluj a dat o hot\u0103r\u00e2re similar\u0103 \u00een cazul Consiliului Jude\u0163ean care nu mai are pre\u015fedinte. Verdictul nu este nici \u00een acest caz definitiv, iar premierul a declarat c\u0103 p\u00e2n\u0103 la o decizie obligatorie nu va organiza alegeri. \u00cen total sunt cinci consilii jude\u0163ene care nu mai au \u015fef, pentru c\u0103 [&hellip;]<\/p>\n","protected":false},"author":1,"featured_media":181307,"comment_status":"open","ping_status":"","sticky":false,"template":"","format":"standard","meta":{"footnotes":""},"categories":[2],"tags":[11],"class_list":["post-181306","post","type-post","status-publish","format-standard","has-post-thumbnail","hentry","category-politics","tag-digi24"],"_links":{"self":[{"href":"https:\/\/analyse.optim.biz\/index.php?rest_route=\/wp\/v2\/posts\/181306","targetHints":{"allow":["GET"]}}],"collection":[{"href":"https:\/\/analyse.optim.biz\/index.php?rest_route=\/wp\/v2\/posts"}],"about":[{"href":"https:\/\/analyse.optim.biz\/index.php?rest_route=\/wp\/v2\/types\/post"}],"author":[{"embeddable":true,"href":"https:\/\/analyse.optim.biz\/index.php?rest_route=\/wp\/v2\/users\/1"}],"replies":[{"embeddable":true,"href":"https:\/\/analyse.optim.biz\/index.php?rest_route=%2Fwp%2Fv2%2Fcomments&post=181306"}],"version-history":[{"count":0,"href":"https:\/\/analyse.optim.biz\/index.php?rest_route=\/wp\/v2\/posts\/181306\/revisions"}],"wp:featuredmedia":[{"embeddable":true,"href":"https:\/\/analyse.optim.biz\/index.php?rest_route=\/wp\/v2\/media\/181307"}],"wp:attachment":[{"href":"https:\/\/analyse.optim.biz\/index.php?rest_route=%2Fwp%2Fv2%2Fmedia&parent=181306"}],"wp:term":[{"taxonomy":"category","embeddable":true,"href":"https:\/\/analyse.optim.biz\/index.php?rest_route=%2Fwp%2Fv2%2Fcategories&post=181306"},{"taxonomy":"post_tag","embeddable":true,"href":"https:\/\/analyse.optim.biz\/index.php?rest_route=%2Fwp%2Fv2%2Ftags&post=181306"}],"curies":[{"name":"wp","href":"https:\/\/api.w.org\/{rel}","templated":true}]}}