{"id":181295,"date":"2015-05-21T15:42:29","date_gmt":"2015-05-21T12:42:29","guid":{"rendered":"https:\/\/analyse.optim.biz\/?p=181295"},"modified":"2015-05-21T15:42:29","modified_gmt":"2015-05-21T12:42:29","slug":"proiect-de-lege-parlament-cu-140-de-alesi-in-minus","status":"publish","type":"post","link":"https:\/\/analyse.optim.biz\/?p=181295","title":{"rendered":"PROIECT de lege: Parlament cu 140 de ale\u015fi \u00een minus"},"content":{"rendered":"<div class=\"entry data-app-meta data-app-meta-article\" data-embed-base-url-canonical=\"https:\/\/www.digi24.ro\/embed\/stiri\/actualitate\/politica\/proiect-de-lege-parlament-cu-140-de-alesi-in-minus-394312\">\n<p data-index=\"1\"><strong>Puterea \u015fi Opozi\u0163ia au stabilit principiile pe baza c\u0103rora vor fi organizate alegerile parlamentare din 2016. Mai r\u0103m\u00e2ne de negociat cu c\u00e2t va fi t\u0103iat num\u0103rul celor 588 de parlamentari. Variante de calcul sunt destule. Aritmetica PSD vorbe\u015fte de 329 deputa\u0163i \u015fi 126 senatori.<\/strong><\/p>\n<p data-index=\"2\">\u201e<span>Comisia nu decide num\u0103rul de parlamentari, ci norma de reprezentare. Putem vorbi de o sum\u0103 \u00een jur de 300 de deputa\u0163i, aproximativ\u0103, pentru c\u0103 nu e farmacie, norma de reprezentare nu d\u0103 o cifr\u0103 care se termin\u0103 cu zero\u201d, a spus Mihai Voicu, deputat PNL \u015fi pre\u015fedintele Comisiei de Cod electoral.<\/span><\/p>\n<p data-index=\"3\">\u201e<span>Sunt mai multe posibilit\u0103\u0163i \u015fi simul\u0103ri. (&#8230;) Deci, un jude\u0163, dac\u0103 va avea 10 deputa\u0163i, va avea patru, cinci senatori\u201d, a spus Gabriel Vlase, membru al Comisiei de Cod electoral.<\/span><\/p>\n<p data-index=\"4\"><strong>\u00cen privin\u0163a votului prin coresponden\u0163\u0103, ne\u00een\u0163elegerile sunt \u015fi mai mari.<\/strong><\/p>\n<p data-index=\"5\">\u201e<span>Din nefericire, stadiul proiectului votului prin coresponden\u0163\u0103 este niciunul. A\u015ftept\u0103m o pozi\u0163ionare mai clar\u0103 a grupurilor parlamentare. E bine s\u0103 \u015ftim dac\u0103 exist\u0103 m\u0103car o majoritate\u201d, a afirmat deputatul Mihai Voicu.<\/span><\/p>\n<p data-index=\"6\">PSD are propriile preten\u0163ii.<\/p>\n<p data-index=\"7\">\u201e<span><strong>Introducem acest sistem de pre\u00eenregistrare pentru diaspora. Nu are rolul \u015fi nici nu prevede o obligativitate. Dac\u0103 nu te-ai \u00eenregistrat nu \u00eenseamn\u0103 \u015fi c\u0103 nu po\u0163i s\u0103 votezi.<\/strong> Vom \u015fti unde trebuie \u00eenfiin\u0163ate sec\u0163ii noi de vot. A\u015f vrea s\u0103 \u015ftiu \u015fi eu cum se asigur\u0103 secretul votului \u00een condi\u0163iile \u00een care \u00eentr-o cas\u0103 cu \u015fapte-opt membri se deschid \u015fapte-opt plicuri. Cine \u00eemi garanteaz\u0103 c\u0103 fiecare se va duce \u00een camera lui \u015fi va vota secret. Numai vot secret nu va fi \u0103la\u201d, mai spune deputatul PSD Gabriel Vlase.<\/span><\/p>\n<p data-index=\"8\"><strong>Proiectul alegerilor parlamentare va fi discutat \u00een comisie mar\u0163i \u015fi va fi adoptat p\u00e2n\u0103 la 14 iunie, cu dou\u0103 s\u0103pt\u0103m\u00e2ni \u00eenainte de intrarea \u00een vacan\u0163a legislativ\u0103 de var\u0103.<\/strong><\/p>\n<\/div>\n<p> Source URL: https:\/\/www.digi24.ro\/stiri\/actualitate\/politica\/proiect-de-lege-parlament-cu-140-de-alesi-in-minus-394312<\/p>\n","protected":false},"excerpt":{"rendered":"<p>Puterea \u015fi Opozi\u0163ia au stabilit principiile pe baza c\u0103rora vor fi organizate alegerile parlamentare din 2016. Mai r\u0103m\u00e2ne de negociat cu c\u00e2t va fi t\u0103iat num\u0103rul celor 588 de parlamentari. Variante de calcul sunt destule. Aritmetica PSD vorbe\u015fte de 329 deputa\u0163i \u015fi 126 senatori. \u201eComisia nu decide num\u0103rul de parlamentari, ci norma de reprezentare. Putem [&hellip;]<\/p>\n","protected":false},"author":1,"featured_media":181296,"comment_status":"open","ping_status":"","sticky":false,"template":"","format":"standard","meta":{"footnotes":""},"categories":[2],"tags":[11],"class_list":["post-181295","post","type-post","status-publish","format-standard","has-post-thumbnail","hentry","category-politics","tag-digi24"],"_links":{"self":[{"href":"https:\/\/analyse.optim.biz\/index.php?rest_route=\/wp\/v2\/posts\/181295","targetHints":{"allow":["GET"]}}],"collection":[{"href":"https:\/\/analyse.optim.biz\/index.php?rest_route=\/wp\/v2\/posts"}],"about":[{"href":"https:\/\/analyse.optim.biz\/index.php?rest_route=\/wp\/v2\/types\/post"}],"author":[{"embeddable":true,"href":"https:\/\/analyse.optim.biz\/index.php?rest_route=\/wp\/v2\/users\/1"}],"replies":[{"embeddable":true,"href":"https:\/\/analyse.optim.biz\/index.php?rest_route=%2Fwp%2Fv2%2Fcomments&post=181295"}],"version-history":[{"count":0,"href":"https:\/\/analyse.optim.biz\/index.php?rest_route=\/wp\/v2\/posts\/181295\/revisions"}],"wp:featuredmedia":[{"embeddable":true,"href":"https:\/\/analyse.optim.biz\/index.php?rest_route=\/wp\/v2\/media\/181296"}],"wp:attachment":[{"href":"https:\/\/analyse.optim.biz\/index.php?rest_route=%2Fwp%2Fv2%2Fmedia&parent=181295"}],"wp:term":[{"taxonomy":"category","embeddable":true,"href":"https:\/\/analyse.optim.biz\/index.php?rest_route=%2Fwp%2Fv2%2Fcategories&post=181295"},{"taxonomy":"post_tag","embeddable":true,"href":"https:\/\/analyse.optim.biz\/index.php?rest_route=%2Fwp%2Fv2%2Ftags&post=181295"}],"curies":[{"name":"wp","href":"https:\/\/api.w.org\/{rel}","templated":true}]}}