{"id":1812887,"date":"2026-03-02T19:08:44","date_gmt":"2026-03-02T16:08:44","guid":{"rendered":"https:\/\/analyse.optim.biz\/?p=1812887"},"modified":"2026-03-02T19:08:44","modified_gmt":"2026-03-02T16:08:44","slug":"casa-calduroasa-familie-linistita-confortul-incepe-de-la-acoperis","status":"publish","type":"post","link":"https:\/\/analyse.optim.biz\/?p=1812887","title":{"rendered":"Cas\u0103 c\u0103lduroas\u0103, familie lini\u0219tit\u0103: confortul \u00eencepe de la acoperi\u0219"},"content":{"rendered":"<p>[analyse_image type=&#8221;featured&#8221; src=&#8221;https:\/\/www.curierul.ro\/wp-content\/uploads\/2026\/03\/izolatiinaturalelandscape6_wp.pnghttps:\/\/i0.wp.com\/www.curierul.ro\/wp-content\/uploads\/2026\/03\/izolatiinaturalelandscape6_wp.png?fit=1200%2C628&amp;ssl=1&#8243;]<\/p>\n<article id=\"196485\" class=\"post-196485 post type-post status-publish format-standard has-post-thumbnail hentry category-actualitate category-anunturi category-publicitate\">\n<header class=\"post-header\">\n<ul class=\"breadcrumbs\">\n<li><a href=\"https:\/\/www.curierul.ro\">Home<\/a><\/li>\n<li class=\"breadcrumbs-active .category-actualitate\"><a href=\"https:\/\/www.curierul.ro\/index.php?cat=1615\">Actualitate<\/a><\/li>\n<li class=\"breadcrumbs-active .category-actualitate\">Cas\u0103 c\u0103lduroas\u0103, familie lini\u0219tit\u0103: confortul \u00eencepe de la acoperi\u0219<\/li>\n<\/ul>\n<div class=\"featured-photo\"><img loading=\"lazy\" decoding=\"async\" width=\"1200\" height=\"628\" src=\"https:\/\/i0.wp.com\/www.curierul.ro\/wp-content\/uploads\/2026\/03\/izolatiinaturalelandscape6_wp.png?fit=300%2C157&amp;ssl=1\" class=\"attachment-single size-single wp-post-image\" alt><\/div>\n<h1 class=\"headline\">Cas\u0103 c\u0103lduroas\u0103, familie lini\u0219tit\u0103: confortul \u00eencepe de la acoperi\u0219<\/h1>\n<p class=\"byline\">\n\t\tScris de<a href=\"https:\/\/www.curierul.ro\/author\/comunicat-de-presa\/\">Comunicat de pres\u0103<\/a>, \t\t2 martie 2026\t\t\t\t<\/p>\n<hr>\n<\/header>\n<p>\u00centr-o locuin\u021b\u0103, confortul nu \u00eencepe cu centrala termica \u0219i nici cu caloriferele. \u00cencepe cu acoperi\u0219ul. Pentru c\u0103, indiferent c\u00e2t de performant este sistemul de \u00eenc\u0103lzire, dac\u0103 podul este slab izolat, c\u0103ldur\u0103 se pierde exact acolo unde nu o vezi \u2013 deasupra tavanului.<\/p>\n<p>\u00cen multe case din V\u00e2lcea, podul este principala zona prin care se pierde energie. Iar solu\u021bia modern\u0103 \u0219i eficient\u0103 este l\u00e2na de lemn pompabil\u0103 de la IzolatiiNaturale.ro.<\/p>\n<h3>De ce conteaz\u0103 izolarea acoperi\u0219ului?<\/h3>\n<p>Aerul cald se ridic\u0103 natural. F\u0103r\u0103 un strat izolator dens \u0219i continuu, acesta trece prin plan\u0219eu \u0219i se pierde prin acoperi\u0219. Rezultatul?<\/p>\n<ul>\n<li>facturi mari la \u00eenc\u0103lzire<\/li>\n<li>camere cu temperatura instabil\u0103<\/li>\n<li>senza\u021bia de frig la nivelul tavanului<\/li>\n<li>supra\u00eenc\u0103lzire vara in mansarda<\/li>\n<\/ul>\n<p>Izolarea corecta a podului poate reduce semnificativ aceste pierderi si stabiliza climatul interior.<\/p>\n<h3>Ce este lana de lemn pompabila?<\/h3>\n<p>L\u00e2na de lemn pompabil\u0103 este un material natural ob\u021binut prin defibrarea lemnului, aplicat mecanizat prin suflare. Sistemul permite formarea unui strat compact, uniform, f\u0103r\u0103 goluri \u0219i f\u0103r\u0103 pun\u021bi termice.<\/p>\n<p>Aplicarea prin pompare are un avantaj major: materialul p\u0103trunde \u00een toate spa\u021biile greu accesibile \u0219i etan\u0219eaz\u0103 perfect suprafa\u021ba podului.<\/p>\n<p><img decoding=\"async\" src=\"https:\/\/i0.wp.com\/www.curierul.ro\/wp-content\/uploads\/2026\/03\/pozeizolatiinaturale-steico1_wp.png?ssl=1\" alt=\"POZE IZOLATII NATURALE - STEICO (1).png\"><\/p>\n<h3>Beneficii reale pentru familie<\/h3>\n<p><b>Confort termic constant<\/b><\/p>\n<p>Lana de lemn are capacitate ridicat\u0103 de stocare termica. Asta \u00eenseamn\u0103:<\/p>\n<ul>\n<li>iarna p\u0103streaz\u0103 caldura mai mult timp<\/li>\n<li>vara \u00eencetine\u0219te p\u0103trunderea c\u0103ldurii prin acoperi\u0219<\/li>\n<li>reduce fluctua\u021biile de temperatur\u0103 dintre zi si noapte<\/li>\n<\/ul>\n<p>Casa devine mai echilibrata, fara deferen\u021be mari intre camere.<\/p>\n<p><b>Microclimat s\u0103n\u0103tos<\/b><\/p>\n<p>Materialul este natural si f\u0103r\u0103 emisii de substan\u021be volatile periculoase. \u00cen plus, regleaz\u0103 umiditatea din pod, reduc\u00e2nd riscul de condens si mucegai.<\/p>\n<p>Pentru familiile cu copii sau persoane sensibile, acest aspect este esen\u021bial.<\/p>\n<p><b>Lini\u0219te si protec\u021bie fonica<\/b><\/p>\n<p>Datorit\u0103 densit\u0103\u021bii fibrelor, lana de lemn pompabila atenueaz\u0103 eficient zgomotul produs de ploaie, vant sau trafic. Acoperi\u0219ul nu mai transmite fiecare sunet in interior.<\/p>\n<p><b>Siguran\u021b\u0103 \u0219i durabilitate<\/b><\/p>\n<p>Materialul este tratat \u00eempotriva focului, mucegaiului, insectelor si roz\u0103toarelor. In plus, este certificat pentru construc\u021bii sustenabile si compatibil cu standarde moderne de eficienta energetica.<\/p>\n<p><b>Executie rapida, fara deranj<\/b><\/p>\n<p>Un alt avantaj major al sistemului de la IzolatiiNaturale.ro este aplicarea rapida. Interven\u021bia se realizeaz\u0103 \u00een cateva ore, fara mizerie si fara santier in casa. Se pompeaza materialul direct in pod, iar lucrarea este finalizat\u0103 in aceea\u0219i zi.<\/p>\n<p>O casa calduroasa \u00eenseamn\u0103 mai mult decat temperatura potrivit\u0103. \u00censeamn\u0103 stabilitate, aer curat, liniste si facturi controlate. Iar toate acestea \u00eencep de la acoperi\u0219.<\/p>\n<p><a href=\"https:\/\/izolatiinaturale.ro\">Izolatia cu lana de lemn pompabil\u0103 de la IzolatiiNaturale.ro<\/a> transforma podul intr-o bariera reala impotriva pierderilor de energie si \u00eentr-un aliat al confortului pe termen lung.<\/p>\n<p><b>Gabriel Gavril\u0103<\/b> recomand\u0103 Izolatii Naturale si spune:<i> Recomand cu \u00eencredere. Am lucrat cu echipa din Pite\u0219ti, foarte OK b\u0103ie\u021bii \u0219i foarte aten\u021bi la detalii . Deja am redus costurile pentru \u00eenc\u0103lzire la jum\u0103tate.<\/i><\/p>\n<div class=\"sharedaddy sd-sharing-enabled\">\n<div class=\"robots-nocontent sd-block sd-social sd-social-official sd-sharing\">\n<h3 class=\"sd-title\">Distribuie pe:<\/h3>\n<div class=\"sd-content\">\n<ul>\n<li class=\"share-facebook\">\n<li class=\"share-twitter\"><a href=\"https:\/\/twitter.com\/share\" class=\"twitter-share-button\" data-url=\"https:\/\/www.curierul.ro\/casa-calduroasa-familie-linistita-confortul-incepe-de-la-acoperis\/\" data-text=\"Cas\u0103 c\u0103lduroas\u0103, familie lini\u0219tit\u0103: confortul \u00eencepe de la acoperi\u0219\" data-via=\"curierulvl\">Tweet<\/a><\/li>\n<li class=\"share-jetpack-whatsapp\"><a rel=\"nofollow noopener noreferrer\" data-shared=\"sharing-whatsapp-196485\" class=\"share-jetpack-whatsapp sd-button\" href=\"https:\/\/www.curierul.ro\/casa-calduroasa-familie-linistita-confortul-incepe-de-la-acoperis\/?share=jetpack-whatsapp\" target=\"_blank\" aria-labelledby=\"sharing-whatsapp-196485\"><span id=\"sharing-whatsapp-196485\" hidden>Partajeaz\u0103 prin WhatsApp(Se deschide \u00eentr-o fereastr\u0103 nou\u0103)<\/span><span>WhatsApp<\/span><\/a><\/li>\n<li><a href=\"https:\/\/www.curierul.ro\/casa-calduroasa-familie-linistita-confortul-incepe-de-la-acoperis\/\" class=\"sharing-anchor sd-button share-more\"><span>Mai mult<\/span><\/a><\/li>\n<li class=\"share-end\"><\/ul>\n<div class=\"sharing-hidden\">\n<div class=\"inner\">\n<ul>\n<li class=\"share-email\"><a rel=\"nofollow noopener noreferrer\" data-shared=\"sharing-email-196485\" class=\"share-email sd-button\" href=\"mailto:?subject=%5BArticol%20partajat%5D%20Cas%C4%83%20c%C4%83lduroas%C4%83%2C%20familie%20lini%C8%99tit%C4%83%3A%20confortul%20%C3%AEncepe%20de%20la%20acoperi%C8%99&amp;body=https%3A%2F%2Fwww.curierul.ro%2Fcasa-calduroasa-familie-linistita-confortul-incepe-de-la-acoperis%2F&amp;share=email\" target=\"_blank\" aria-labelledby=\"sharing-email-196485\" data-email-share-error-title=\"\u021ai-ai configurat emailul?\" data-email-share-error-text=\"Dac\u0103 ai probleme la partajarea prin email, probabil nu ai configurat emailul pentru navigator. Poate trebuie s\u0103 creezi singur un email nou.\" data-email-share-nonce=\"2bdaf429eb\" data-email-share-track-url=\"https:\/\/www.curierul.ro\/casa-calduroasa-familie-linistita-confortul-incepe-de-la-acoperis\/?share=email\"><span id=\"sharing-email-196485\" hidden>Trimite unui prieten un email cu o leg\u0103tur\u0103(Se deschide \u00eentr-o fereastr\u0103 nou\u0103)<\/span><span>Email<\/span><\/a><\/li>\n<li class=\"share-print\"><a rel=\"nofollow noopener noreferrer\" data-shared=\"sharing-print-196485\" class=\"share-print sd-button\" href=\"https:\/\/www.curierul.ro\/casa-calduroasa-familie-linistita-confortul-incepe-de-la-acoperis\/#print?share=print\" target=\"_blank\" aria-labelledby=\"sharing-print-196485\"><span id=\"sharing-print-196485\" hidden>Imprimare(Se deschide \u00eentr-o fereastr\u0103 nou\u0103)<\/span><span>Imprimare<\/span><\/a><\/li>\n<li class=\"share-end\"><\/ul>\n<\/div>\n<\/div>\n<\/div>\n<\/div>\n<\/div>\n<div id=\"jp-relatedposts\" class=\"jp-relatedposts\">\n<h3 class=\"jp-relatedposts-headline\"><em>Similare<\/em><\/h3>\n<\/div>\n<footer class=\"post-footer\">\n<div class=\"post-navigation clearfix\">\n<div class=\"previous-post\">\n<div class=\"featured-photo\"><img loading=\"lazy\" decoding=\"async\" width=\"1600\" height=\"1200\" src=\"https:\/\/i0.wp.com\/www.curierul.ro\/wp-content\/uploads\/2026\/03\/incendiu-2-02.03.2026.jpeg?fit=300%2C225&amp;ssl=1\" class=\"attachment-post-thumbnail size-post-thumbnail wp-post-image\" alt><\/div>\n<p class=\"paginate-title\">\u00ab\u00ab <a href=\"https:\/\/www.curierul.ro\/196472-2\/\" rel=\"prev\">A luat foc o ser\u0103!<\/a><\/p>\n<\/div>\n<div class=\"next-post\">\n<div class=\"featured-photo\"><img decoding=\"async\" width=\"1254\" height=\"1475\" src=\"https:\/\/i0.wp.com\/www.curierul.ro\/wp-content\/uploads\/2026\/03\/berlinale4.jpeg?fit=255%2C300&amp;ssl=1\" class=\"attachment-post-thumbnail size-post-thumbnail wp-post-image\" alt loading=\"lazy\"><\/div>\n<p class=\"paginate-title\"><a href=\"https:\/\/www.curierul.ro\/de-hans-pelshenke-in-exclusivitate-pentru-curierul-de-valceaatlasul-universului-si-de-capul-nostru-premiate-la-berlin\/\" rel=\"next\">De Hans Pelshenke, \u00een exclusivitate pentru Curierul de V\u00e2lcea:<br \/><i>ATLASUL UNIVERSULUI \u0218I DE CAPUL NOSTRU, PREMIATE LA BERLIN<\/i><\/a> \u00bb\u00bb<\/p>\n<\/div>\n<\/div>\n<div id=\"comments\" class=\"comments-area\">\n<div id=\"respond\" class=\"comment-respond\">\n<h3 id=\"reply-title\" class=\"comment-reply-title\">Po\u021bi comenta aici<small><a rel=\"nofollow\" id=\"cancel-comment-reply-link\" href=\"https:\/\/www.curierul.ro\/casa-calduroasa-familie-linistita-confortul-incepe-de-la-acoperis\/#respond\">Anuleaz\u0103 r\u0103spunsul<\/a><\/small><\/h3>\n<\/div>\n<p class=\"akismet_comment_form_privacy_notice\">Acest site folose\u0219te Akismet pentru a reduce spamul. <a href=\"https:\/\/akismet.com\/privacy\/\" target=\"_blank\" rel=\"nofollow noopener\">Afl\u0103 cum sunt procesate datele comentariilor tale<\/a>.<\/p>\n<\/div>\n<section class=\"latest-category clearfix\">\n<h2 class=\"title\">More Stories From Actualitate<\/h2>\n<div class=\"stories-container\">\n<article id=\"related-196565\" class=\"story post-196565 post type-post status-publish format-standard has-post-thumbnail hentry category-actualitate category-headlines category-politica tag-apa-2 tag-apavil tag-avarii tag-canal tag-sesizari tag-valceni-2\">\n<div class=\"photo\"><img decoding=\"async\" width=\"735\" height=\"413\" src=\"https:\/\/i0.wp.com\/www.curierul.ro\/wp-content\/uploads\/2026\/03\/telefon.png?fit=300%2C155&amp;ssl=1\" class=\"attachment-giornalismo-single size-giornalismo-single wp-post-image\" alt loading=\"lazy\"><\/div>\n<p class=\"headline\"><a href=\"https:\/\/www.curierul.ro\/apavil-in-direct-cu-valcenii-pentru-sesizarile-legate-de-avarii-la-retelele-de-apa-si-canal\/\">APAVIL \u00ab\u00een direct\u00bb cu v\u00e2lcenii, pentru sesiz\u0103rile legate de avarii la re\u021belele de ap\u0103 \u0219i canal<\/a><\/p>\n<\/article>\n<article id=\"related-196531\" class=\"story post-196531 post type-post status-publish format-standard has-post-thumbnail hentry category-actualitate category-publicitate category-zidezi\">\n<div class=\"photo\"><img decoding=\"async\" width=\"735\" height=\"440\" src=\"https:\/\/i0.wp.com\/www.curierul.ro\/wp-content\/uploads\/2026\/03\/1772546827-ft2u_wp.png?fit=300%2C169&amp;ssl=1\" class=\"attachment-giornalismo-single size-giornalismo-single wp-post-image\" alt loading=\"lazy\"><\/div>\n<p class=\"headline\"><a href=\"https:\/\/www.curierul.ro\/cum-a-evoluat-aparatul-de-cafea-cu-capsule-pentru-consumatorii-moderni\/\">Cum a evoluat aparatul de cafea cu capsule pentru consumatorii moderni<\/a><\/p>\n<\/article>\n<article id=\"related-196517\" class=\"story post-196517 post type-post status-publish format-standard has-post-thumbnail hentry category-actualitate category-headlines category-politica tag-l tag-leaga tag-microbuze-electrice tag-ramnicul tag-stasiuni\">\n<div class=\"photo\"><img decoding=\"async\" width=\"735\" height=\"440\" src=\"https:\/\/i0.wp.com\/www.curierul.ro\/wp-content\/uploads\/2026\/03\/microbuze-1-e1772543394184.jpg?fit=300%2C152&amp;ssl=1\" class=\"attachment-giornalismo-single size-giornalismo-single wp-post-image\" alt loading=\"lazy\"><\/div>\n<p class=\"headline\"><a href=\"https:\/\/www.curierul.ro\/inca-15-microbuze-electrice-vor-lega-ramnicul-de-toate-statiunile-din-jur\/\">\u00cenc\u0103 15 microbuze electrice vor lega R\u00e2mnicul de toate sta\u021biunile din jur<\/a><\/p>\n<\/article>\n<\/div>\n<\/section>\n<section class=\"author-bio clearfix\">\n<div class=\"mug-shot\"><img decoding=\"async\" alt src=\"https:\/\/secure.gravatar.com\/avatar\/99cb5dc553c194226db8ff81883aeb68584791e67c78fb655bb3c37b83324715?s=96&amp;d=mm&amp;r=g\" class=\"avatar avatar-96 photo\" height=\"96\" width=\"96\" loading=\"lazy\"><\/div>\n<div class=\"author-info\">\n<p class=\"title\">About Comunicat de pres\u0103, <\/p>\n<div class=\"author-social-area\"><a href=\"mailto:redactie@curierul.ro\"><span class=\"fal fa-envelope\"><span class=\"screen-reader-text\">Email the Author<\/span><\/span><\/a><\/div>\n<\/div>\n<\/section>\n<\/footer>\n<\/article>\n<article id=\"196485\" class=\"post-196485 post type-post status-publish format-standard has-post-thumbnail hentry category-actualitate category-anunturi category-publicitate\">\n<header class=\"post-header\">\n<ul class=\"breadcrumbs\">\n<li><a href=\"https:\/\/www.curierul.ro\">Home<\/a><\/li>\n<li class=\"breadcrumbs-active .category-actualitate\"><a href=\"https:\/\/www.curierul.ro\/index.php?cat=1615\">Actualitate<\/a><\/li>\n<li class=\"breadcrumbs-active .category-actualitate\">Cas\u0103 c\u0103lduroas\u0103, familie lini\u0219tit\u0103: confortul \u00eencepe de la acoperi\u0219<\/li>\n<\/ul>\n<div class=\"featured-photo\"><img loading=\"lazy\" decoding=\"async\" width=\"1200\" height=\"628\" src=\"https:\/\/i0.wp.com\/www.curierul.ro\/wp-content\/uploads\/2026\/03\/izolatiinaturalelandscape6_wp.png?fit=300%2C157&amp;ssl=1\" class=\"attachment-single size-single wp-post-image\" alt><\/div>\n<h1 class=\"headline\">Cas\u0103 c\u0103lduroas\u0103, familie lini\u0219tit\u0103: confortul \u00eencepe de la acoperi\u0219<\/h1>\n<p class=\"byline\">\n\t\tScris de<a href=\"https:\/\/www.curierul.ro\/author\/comunicat-de-presa\/\">Comunicat de pres\u0103<\/a>, \t\t2 martie 2026\t\t\t\t<\/p>\n<hr>\n<\/header>\n<p>\u00centr-o locuin\u021b\u0103, confortul nu \u00eencepe cu centrala termica \u0219i nici cu caloriferele. \u00cencepe cu acoperi\u0219ul. Pentru c\u0103, indiferent c\u00e2t de performant este sistemul de \u00eenc\u0103lzire, dac\u0103 podul este slab izolat, c\u0103ldur\u0103 se pierde exact acolo unde nu o vezi \u2013 deasupra tavanului.<\/p>\n<p>\u00cen multe case din V\u00e2lcea, podul este principala zona prin care se pierde energie. Iar solu\u021bia modern\u0103 \u0219i eficient\u0103 este l\u00e2na de lemn pompabil\u0103 de la IzolatiiNaturale.ro.<\/p>\n<h3>De ce conteaz\u0103 izolarea acoperi\u0219ului?<\/h3>\n<p>Aerul cald se ridic\u0103 natural. F\u0103r\u0103 un strat izolator dens \u0219i continuu, acesta trece prin plan\u0219eu \u0219i se pierde prin acoperi\u0219. Rezultatul?<\/p>\n<ul>\n<li>facturi mari la \u00eenc\u0103lzire<\/li>\n<li>camere cu temperatura instabil\u0103<\/li>\n<li>senza\u021bia de frig la nivelul tavanului<\/li>\n<li>supra\u00eenc\u0103lzire vara in mansarda<\/li>\n<\/ul>\n<p>Izolarea corecta a podului poate reduce semnificativ aceste pierderi si stabiliza climatul interior.<\/p>\n<h3>Ce este lana de lemn pompabila?<\/h3>\n<p>L\u00e2na de lemn pompabil\u0103 este un material natural ob\u021binut prin defibrarea lemnului, aplicat mecanizat prin suflare. Sistemul permite formarea unui strat compact, uniform, f\u0103r\u0103 goluri \u0219i f\u0103r\u0103 pun\u021bi termice.<\/p>\n<p>Aplicarea prin pompare are un avantaj major: materialul p\u0103trunde \u00een toate spa\u021biile greu accesibile \u0219i etan\u0219eaz\u0103 perfect suprafa\u021ba podului.<\/p>\n<p><img decoding=\"async\" src=\"https:\/\/i0.wp.com\/www.curierul.ro\/wp-content\/uploads\/2026\/03\/pozeizolatiinaturale-steico1_wp.png?ssl=1\" alt=\"POZE IZOLATII NATURALE - STEICO (1).png\"><\/p>\n<h3>Beneficii reale pentru familie<\/h3>\n<p><b>Confort termic constant<\/b><\/p>\n<p>Lana de lemn are capacitate ridicat\u0103 de stocare termica. Asta \u00eenseamn\u0103:<\/p>\n<ul>\n<li>iarna p\u0103streaz\u0103 caldura mai mult timp<\/li>\n<li>vara \u00eencetine\u0219te p\u0103trunderea c\u0103ldurii prin acoperi\u0219<\/li>\n<li>reduce fluctua\u021biile de temperatur\u0103 dintre zi si noapte<\/li>\n<\/ul>\n<p>Casa devine mai echilibrata, fara deferen\u021be mari intre camere.<\/p>\n<p><b>Microclimat s\u0103n\u0103tos<\/b><\/p>\n<p>Materialul este natural si f\u0103r\u0103 emisii de substan\u021be volatile periculoase. \u00cen plus, regleaz\u0103 umiditatea din pod, reduc\u00e2nd riscul de condens si mucegai.<\/p>\n<p>Pentru familiile cu copii sau persoane sensibile, acest aspect este esen\u021bial.<\/p>\n<p><b>Lini\u0219te si protec\u021bie fonica<\/b><\/p>\n<p>Datorit\u0103 densit\u0103\u021bii fibrelor, lana de lemn pompabila atenueaz\u0103 eficient zgomotul produs de ploaie, vant sau trafic. Acoperi\u0219ul nu mai transmite fiecare sunet in interior.<\/p>\n<p><b>Siguran\u021b\u0103 \u0219i durabilitate<\/b><\/p>\n<p>Materialul este tratat \u00eempotriva focului, mucegaiului, insectelor si roz\u0103toarelor. In plus, este certificat pentru construc\u021bii sustenabile si compatibil cu standarde moderne de eficienta energetica.<\/p>\n<p><b>Executie rapida, fara deranj<\/b><\/p>\n<p>Un alt avantaj major al sistemului de la IzolatiiNaturale.ro este aplicarea rapida. Interven\u021bia se realizeaz\u0103 \u00een cateva ore, fara mizerie si fara santier in casa. Se pompeaza materialul direct in pod, iar lucrarea este finalizat\u0103 in aceea\u0219i zi.<\/p>\n<p>O casa calduroasa \u00eenseamn\u0103 mai mult decat temperatura potrivit\u0103. \u00censeamn\u0103 stabilitate, aer curat, liniste si facturi controlate. Iar toate acestea \u00eencep de la acoperi\u0219.<\/p>\n<p><a href=\"https:\/\/izolatiinaturale.ro\">Izolatia cu lana de lemn pompabil\u0103 de la IzolatiiNaturale.ro<\/a> transforma podul intr-o bariera reala impotriva pierderilor de energie si \u00eentr-un aliat al confortului pe termen lung.<\/p>\n<p><b>Gabriel Gavril\u0103<\/b> recomand\u0103 Izolatii Naturale si spune:<i> Recomand cu \u00eencredere. Am lucrat cu echipa din Pite\u0219ti, foarte OK b\u0103ie\u021bii \u0219i foarte aten\u021bi la detalii . Deja am redus costurile pentru \u00eenc\u0103lzire la jum\u0103tate.<\/i><\/p>\n<div class=\"sharedaddy sd-sharing-enabled\">\n<div class=\"robots-nocontent sd-block sd-social sd-social-official sd-sharing\">\n<h3 class=\"sd-title\">Distribuie pe:<\/h3>\n<div class=\"sd-content\">\n<ul>\n<li class=\"share-facebook\">\n<li class=\"share-twitter\"><a href=\"https:\/\/twitter.com\/share\" class=\"twitter-share-button\" data-url=\"https:\/\/www.curierul.ro\/casa-calduroasa-familie-linistita-confortul-incepe-de-la-acoperis\/\" data-text=\"Cas\u0103 c\u0103lduroas\u0103, familie lini\u0219tit\u0103: confortul \u00eencepe de la acoperi\u0219\" data-via=\"curierulvl\">Tweet<\/a><\/li>\n<li class=\"share-jetpack-whatsapp\"><a rel=\"nofollow noopener noreferrer\" data-shared=\"sharing-whatsapp-196485\" class=\"share-jetpack-whatsapp sd-button\" href=\"https:\/\/www.curierul.ro\/casa-calduroasa-familie-linistita-confortul-incepe-de-la-acoperis\/?share=jetpack-whatsapp\" target=\"_blank\" aria-labelledby=\"sharing-whatsapp-196485\"><span id=\"sharing-whatsapp-196485\" hidden>Partajeaz\u0103 prin WhatsApp(Se deschide \u00eentr-o fereastr\u0103 nou\u0103)<\/span><span>WhatsApp<\/span><\/a><\/li>\n<li><a href=\"https:\/\/www.curierul.ro\/casa-calduroasa-familie-linistita-confortul-incepe-de-la-acoperis\/\" class=\"sharing-anchor sd-button share-more\"><span>Mai mult<\/span><\/a><\/li>\n<li class=\"share-end\"><\/ul>\n<div class=\"sharing-hidden\">\n<div class=\"inner\">\n<ul>\n<li class=\"share-email\"><a rel=\"nofollow noopener noreferrer\" data-shared=\"sharing-email-196485\" class=\"share-email sd-button\" href=\"mailto:?subject=%5BArticol%20partajat%5D%20Cas%C4%83%20c%C4%83lduroas%C4%83%2C%20familie%20lini%C8%99tit%C4%83%3A%20confortul%20%C3%AEncepe%20de%20la%20acoperi%C8%99&amp;body=https%3A%2F%2Fwww.curierul.ro%2Fcasa-calduroasa-familie-linistita-confortul-incepe-de-la-acoperis%2F&amp;share=email\" target=\"_blank\" aria-labelledby=\"sharing-email-196485\" data-email-share-error-title=\"\u021ai-ai configurat emailul?\" data-email-share-error-text=\"Dac\u0103 ai probleme la partajarea prin email, probabil nu ai configurat emailul pentru navigator. Poate trebuie s\u0103 creezi singur un email nou.\" data-email-share-nonce=\"2bdaf429eb\" data-email-share-track-url=\"https:\/\/www.curierul.ro\/casa-calduroasa-familie-linistita-confortul-incepe-de-la-acoperis\/?share=email\"><span id=\"sharing-email-196485\" hidden>Trimite unui prieten un email cu o leg\u0103tur\u0103(Se deschide \u00eentr-o fereastr\u0103 nou\u0103)<\/span><span>Email<\/span><\/a><\/li>\n<li class=\"share-print\"><a rel=\"nofollow noopener noreferrer\" data-shared=\"sharing-print-196485\" class=\"share-print sd-button\" href=\"https:\/\/www.curierul.ro\/casa-calduroasa-familie-linistita-confortul-incepe-de-la-acoperis\/#print?share=print\" target=\"_blank\" aria-labelledby=\"sharing-print-196485\"><span id=\"sharing-print-196485\" hidden>Imprimare(Se deschide \u00eentr-o fereastr\u0103 nou\u0103)<\/span><span>Imprimare<\/span><\/a><\/li>\n<li class=\"share-end\"><\/ul>\n<\/div>\n<\/div>\n<\/div>\n<\/div>\n<\/div>\n<div id=\"jp-relatedposts\" class=\"jp-relatedposts\">\n<h3 class=\"jp-relatedposts-headline\"><em>Similare<\/em><\/h3>\n<\/div>\n<footer class=\"post-footer\">\n<div class=\"post-navigation clearfix\">\n<div class=\"previous-post\">\n<div class=\"featured-photo\"><img loading=\"lazy\" decoding=\"async\" width=\"1600\" height=\"1200\" src=\"https:\/\/i0.wp.com\/www.curierul.ro\/wp-content\/uploads\/2026\/03\/incendiu-2-02.03.2026.jpeg?fit=300%2C225&amp;ssl=1\" class=\"attachment-post-thumbnail size-post-thumbnail wp-post-image\" alt><\/div>\n<p class=\"paginate-title\">\u00ab\u00ab <a href=\"https:\/\/www.curierul.ro\/196472-2\/\" rel=\"prev\">A luat foc o ser\u0103!<\/a><\/p>\n<\/div>\n<div class=\"next-post\">\n<div class=\"featured-photo\"><img decoding=\"async\" width=\"1254\" height=\"1475\" src=\"https:\/\/i0.wp.com\/www.curierul.ro\/wp-content\/uploads\/2026\/03\/berlinale4.jpeg?fit=255%2C300&amp;ssl=1\" class=\"attachment-post-thumbnail size-post-thumbnail wp-post-image\" alt loading=\"lazy\"><\/div>\n<p class=\"paginate-title\"><a href=\"https:\/\/www.curierul.ro\/de-hans-pelshenke-in-exclusivitate-pentru-curierul-de-valceaatlasul-universului-si-de-capul-nostru-premiate-la-berlin\/\" rel=\"next\">De Hans Pelshenke, \u00een exclusivitate pentru Curierul de V\u00e2lcea:<br \/><i>ATLASUL UNIVERSULUI \u0218I DE CAPUL NOSTRU, PREMIATE LA BERLIN<\/i><\/a> \u00bb\u00bb<\/p>\n<\/div>\n<\/div>\n<div id=\"comments\" class=\"comments-area\">\n<div id=\"respond\" class=\"comment-respond\">\n<h3 id=\"reply-title\" class=\"comment-reply-title\">Po\u021bi comenta aici<small><a rel=\"nofollow\" id=\"cancel-comment-reply-link\" href=\"https:\/\/www.curierul.ro\/casa-calduroasa-familie-linistita-confortul-incepe-de-la-acoperis\/#respond\">Anuleaz\u0103 r\u0103spunsul<\/a><\/small><\/h3>\n<\/div>\n<p class=\"akismet_comment_form_privacy_notice\">Acest site folose\u0219te Akismet pentru a reduce spamul. <a href=\"https:\/\/akismet.com\/privacy\/\" target=\"_blank\" rel=\"nofollow noopener\">Afl\u0103 cum sunt procesate datele comentariilor tale<\/a>.<\/p>\n<\/div>\n<section class=\"latest-category clearfix\">\n<h2 class=\"title\">More Stories From Actualitate<\/h2>\n<div class=\"stories-container\">\n<article id=\"related-196565\" class=\"story post-196565 post type-post status-publish format-standard has-post-thumbnail hentry category-actualitate category-headlines category-politica tag-apa-2 tag-apavil tag-avarii tag-canal tag-sesizari tag-valceni-2\">\n<div class=\"photo\"><img decoding=\"async\" width=\"735\" height=\"413\" src=\"https:\/\/i0.wp.com\/www.curierul.ro\/wp-content\/uploads\/2026\/03\/telefon.png?fit=300%2C155&amp;ssl=1\" class=\"attachment-giornalismo-single size-giornalismo-single wp-post-image\" alt loading=\"lazy\"><\/div>\n<p class=\"headline\"><a href=\"https:\/\/www.curierul.ro\/apavil-in-direct-cu-valcenii-pentru-sesizarile-legate-de-avarii-la-retelele-de-apa-si-canal\/\">APAVIL \u00ab\u00een direct\u00bb cu v\u00e2lcenii, pentru sesiz\u0103rile legate de avarii la re\u021belele de ap\u0103 \u0219i canal<\/a><\/p>\n<\/article>\n<article id=\"related-196531\" class=\"story post-196531 post type-post status-publish format-standard has-post-thumbnail hentry category-actualitate category-publicitate category-zidezi\">\n<div class=\"photo\"><img decoding=\"async\" width=\"735\" height=\"440\" src=\"https:\/\/i0.wp.com\/www.curierul.ro\/wp-content\/uploads\/2026\/03\/1772546827-ft2u_wp.png?fit=300%2C169&amp;ssl=1\" class=\"attachment-giornalismo-single size-giornalismo-single wp-post-image\" alt loading=\"lazy\"><\/div>\n<p class=\"headline\"><a href=\"https:\/\/www.curierul.ro\/cum-a-evoluat-aparatul-de-cafea-cu-capsule-pentru-consumatorii-moderni\/\">Cum a evoluat aparatul de cafea cu capsule pentru consumatorii moderni<\/a><\/p>\n<\/article>\n<article id=\"related-196517\" class=\"story post-196517 post type-post status-publish format-standard has-post-thumbnail hentry category-actualitate category-headlines category-politica tag-l tag-leaga tag-microbuze-electrice tag-ramnicul tag-stasiuni\">\n<div class=\"photo\"><img decoding=\"async\" width=\"735\" height=\"440\" src=\"https:\/\/i0.wp.com\/www.curierul.ro\/wp-content\/uploads\/2026\/03\/microbuze-1-e1772543394184.jpg?fit=300%2C152&amp;ssl=1\" class=\"attachment-giornalismo-single size-giornalismo-single wp-post-image\" alt loading=\"lazy\"><\/div>\n<p class=\"headline\"><a href=\"https:\/\/www.curierul.ro\/inca-15-microbuze-electrice-vor-lega-ramnicul-de-toate-statiunile-din-jur\/\">\u00cenc\u0103 15 microbuze electrice vor lega R\u00e2mnicul de toate sta\u021biunile din jur<\/a><\/p>\n<\/article>\n<\/div>\n<\/section>\n<section class=\"author-bio clearfix\">\n<div class=\"mug-shot\"><img decoding=\"async\" alt src=\"https:\/\/secure.gravatar.com\/avatar\/99cb5dc553c194226db8ff81883aeb68584791e67c78fb655bb3c37b83324715?s=96&amp;d=mm&amp;r=g\" class=\"avatar avatar-96 photo\" height=\"96\" width=\"96\" loading=\"lazy\"><\/div>\n<div class=\"author-info\">\n<p class=\"title\">About Comunicat de pres\u0103, <\/p>\n<div class=\"author-social-area\"><a href=\"mailto:redactie@curierul.ro\"><span class=\"fal fa-envelope\"><span class=\"screen-reader-text\">Email the Author<\/span><\/span><\/a><\/div>\n<\/div>\n<\/section>\n<\/footer>\n<\/article>\n<article id=\"related-196565\" class=\"story post-196565 post type-post status-publish format-standard has-post-thumbnail hentry category-actualitate category-headlines category-politica tag-apa-2 tag-apavil tag-avarii tag-canal tag-sesizari tag-valceni-2\">\n<div class=\"photo\"><img decoding=\"async\" width=\"735\" height=\"413\" src=\"https:\/\/i0.wp.com\/www.curierul.ro\/wp-content\/uploads\/2026\/03\/telefon.png?fit=300%2C155&amp;ssl=1\" class=\"attachment-giornalismo-single size-giornalismo-single wp-post-image\" alt loading=\"lazy\"><\/div>\n<p class=\"headline\"><a href=\"https:\/\/www.curierul.ro\/apavil-in-direct-cu-valcenii-pentru-sesizarile-legate-de-avarii-la-retelele-de-apa-si-canal\/\">APAVIL \u00ab\u00een direct\u00bb cu v\u00e2lcenii, pentru sesiz\u0103rile legate de avarii la re\u021belele de ap\u0103 \u0219i canal<\/a><\/p>\n<\/article>\n<article id=\"related-196531\" class=\"story post-196531 post type-post status-publish format-standard has-post-thumbnail hentry category-actualitate category-publicitate category-zidezi\">\n<div class=\"photo\"><img decoding=\"async\" width=\"735\" height=\"440\" src=\"https:\/\/i0.wp.com\/www.curierul.ro\/wp-content\/uploads\/2026\/03\/1772546827-ft2u_wp.png?fit=300%2C169&amp;ssl=1\" class=\"attachment-giornalismo-single size-giornalismo-single wp-post-image\" alt loading=\"lazy\"><\/div>\n<p class=\"headline\"><a href=\"https:\/\/www.curierul.ro\/cum-a-evoluat-aparatul-de-cafea-cu-capsule-pentru-consumatorii-moderni\/\">Cum a evoluat aparatul de cafea cu capsule pentru consumatorii moderni<\/a><\/p>\n<\/article>\n<article id=\"related-196517\" class=\"story post-196517 post type-post status-publish format-standard has-post-thumbnail hentry category-actualitate category-headlines category-politica tag-l tag-leaga tag-microbuze-electrice tag-ramnicul tag-stasiuni\">\n<div class=\"photo\"><img decoding=\"async\" width=\"735\" height=\"440\" src=\"https:\/\/i0.wp.com\/www.curierul.ro\/wp-content\/uploads\/2026\/03\/microbuze-1-e1772543394184.jpg?fit=300%2C152&amp;ssl=1\" class=\"attachment-giornalismo-single size-giornalismo-single wp-post-image\" alt loading=\"lazy\"><\/div>\n<p class=\"headline\"><a href=\"https:\/\/www.curierul.ro\/inca-15-microbuze-electrice-vor-lega-ramnicul-de-toate-statiunile-din-jur\/\">\u00cenc\u0103 15 microbuze electrice vor lega R\u00e2mnicul de toate sta\u021biunile din jur<\/a><\/p>\n<\/article>\n<p>[analyse_source url=&#8221;https:\/\/www.curierul.ro\/casa-calduroasa-familie-linistita-confortul-incepe-de-la-acoperis\/&#8221;]<\/p>\n","protected":false},"excerpt":{"rendered":"<p>[analyse_image type=&#8221;featured&#8221; src=&#8221;https:\/\/www.curierul.ro\/wp-content\/uploads\/2026\/03\/izolatiinaturalelandscape6_wp.pnghttps:\/\/i0.wp.com\/www.curierul.ro\/wp-content\/uploads\/2026\/03\/izolatiinaturalelandscape6_wp.png?fit=1200%2C628&amp;ssl=1&#8243;] Home Actualitate Cas\u0103 c\u0103lduroas\u0103, familie lini\u0219tit\u0103: confortul \u00eencepe de la acoperi\u0219 Cas\u0103 c\u0103lduroas\u0103, familie lini\u0219tit\u0103: confortul \u00eencepe de la acoperi\u0219 Scris deComunicat de pres\u0103, 2 martie 2026 \u00centr-o locuin\u021b\u0103, confortul nu \u00eencepe cu centrala termica \u0219i nici cu caloriferele. \u00cencepe cu acoperi\u0219ul. Pentru c\u0103, indiferent c\u00e2t de performant este sistemul de \u00eenc\u0103lzire, [&hellip;]<\/p>\n","protected":false},"author":1,"featured_media":0,"comment_status":"open","ping_status":"","sticky":false,"template":"","format":"standard","meta":{"footnotes":""},"categories":[89],"tags":[226,213],"class_list":["post-1812887","post","type-post","status-publish","format-standard","hentry","category-romania","tag-crawlmanager","tag-curierul-ro"],"_links":{"self":[{"href":"https:\/\/analyse.optim.biz\/index.php?rest_route=\/wp\/v2\/posts\/1812887","targetHints":{"allow":["GET"]}}],"collection":[{"href":"https:\/\/analyse.optim.biz\/index.php?rest_route=\/wp\/v2\/posts"}],"about":[{"href":"https:\/\/analyse.optim.biz\/index.php?rest_route=\/wp\/v2\/types\/post"}],"author":[{"embeddable":true,"href":"https:\/\/analyse.optim.biz\/index.php?rest_route=\/wp\/v2\/users\/1"}],"replies":[{"embeddable":true,"href":"https:\/\/analyse.optim.biz\/index.php?rest_route=%2Fwp%2Fv2%2Fcomments&post=1812887"}],"version-history":[{"count":0,"href":"https:\/\/analyse.optim.biz\/index.php?rest_route=\/wp\/v2\/posts\/1812887\/revisions"}],"wp:attachment":[{"href":"https:\/\/analyse.optim.biz\/index.php?rest_route=%2Fwp%2Fv2%2Fmedia&parent=1812887"}],"wp:term":[{"taxonomy":"category","embeddable":true,"href":"https:\/\/analyse.optim.biz\/index.php?rest_route=%2Fwp%2Fv2%2Fcategories&post=1812887"},{"taxonomy":"post_tag","embeddable":true,"href":"https:\/\/analyse.optim.biz\/index.php?rest_route=%2Fwp%2Fv2%2Ftags&post=1812887"}],"curies":[{"name":"wp","href":"https:\/\/api.w.org\/{rel}","templated":true}]}}