{"id":181273,"date":"2015-05-22T11:11:48","date_gmt":"2015-05-22T08:11:48","guid":{"rendered":"https:\/\/analyse.optim.biz\/?p=181273"},"modified":"2015-05-22T11:11:48","modified_gmt":"2015-05-22T08:11:48","slug":"pnl-ii-va-sanctiona-pe-liberalii-certati-cu-legea-dar-nu-retroactiv-vasile-blaga-precizeaza-in-ce-conditii-va-demisiona","status":"publish","type":"post","link":"https:\/\/analyse.optim.biz\/?p=181273","title":{"rendered":"PNL \u00eei va sanc\u021biona pe liberalii certa\u021bi cu legea, dar nu retroactiv. Vasile Blaga precizeaz\u0103 \u00een ce condi\u021bii va demisiona"},"content":{"rendered":"<div class=\"entry data-app-meta data-app-meta-article\" data-embed-base-url-canonical=\"https:\/\/www.digi24.ro\/embed\/stiri\/actualitate\/politica\/pnl-ii-va-sanctiona-pe-liberalii-certati-cu-legea-dar-nu-retroactiv-vasile-blaga-precizeaza-in-ce-conditii-va-demisiona-394602\">\n<p data-index=\"1\"><strong>ACTUALIZARE 12:05<\/strong>\u00a0 \u201eAceast\u0103 propunere de modificare a statutului se va aplica pentru viitor, <strong>retroactiv nu se poate din punct de vedere legal<\/strong>\u201d, a anun\u021bat vineri liderul PNL, <strong>Alina Gorghiu<\/strong>, preciz\u00e2nd c\u0103 dup\u0103 consultarea mai multor speciali\u0219ti s-a ajuns la concluzia c\u0103 orice ac\u021biune \u00een contencios administrativ le-ar da c\u00e2\u0219tig de cauz\u0103 membrilor care ar contesta sanc\u021biunile.<\/p>\n<p data-index=\"2\">\u201eAceste modfic\u0103ri noi nu le facem pentru c\u0103 am avea o problem\u0103 cu cineva personal, ci dorim ca standardul impus de PNL \u00een privin\u021ba integrit\u0103\u021bii s\u0103 fie mult mai sus. Va fi, de altfel, dup\u0103 ce aceast\u0103 modificare va fi introdus\u0103 \u00een statut, partidul cu cea mai aspr\u0103 sanc\u021biune pentru cei care au probleme cu legea\u201d, a subliniat copre\u0219edintele PNL.<\/p>\n<p data-index=\"3\">\u201eAm introdus o <strong>norm\u0103 tranzitorie<\/strong>, anume ca <strong>cei care sunt \u00een acest moment condamna\u021bi \u00eentr-o instan\u021b\u0103 \u0219i se afl\u0103 \u00eentr-o func\u021bie de conducere s\u0103-\u0219i piard\u0103 acea func\u021bie de conducere<\/strong>\u201d, a mai precizat Alina Gorghiu.<\/p>\n<p data-index=\"4\">Imediat dup\u0103 ce propunerea de modificare a statutului va fi adoptat\u0103, s\u00e2mb\u0103t\u0103, la Pite\u0219ti, de Conven\u021bia Na\u021bional\u0103 a partidului, se va \u00eenainta, \u00een termen de zece zile, c\u0103tre Tribunalul Bucure\u0219ti.<\/p>\n<p data-index=\"5\"><strong>M\u0103sura tranzitorie se va aplica, \u00eens\u0103, de s\u00e2mb\u0103t\u0103<\/strong>, adic\u0103 imediat dup\u0103 adoptarea modific\u0103rii statutului de c\u0103tre Consiliul Na\u021bional al PNL, a precizat Gorghiu.<\/p>\n<p data-index=\"6\">Copre\u0219edintele PNL a mai spus c\u0103 <strong>cei care vor avea pozi\u021bii contrare la adresa partidului vor fi sanc\u021biona\u021bi.<\/strong><\/p>\n<hr>\n<p data-index=\"7\">\u201eDl. V\u00e2lcov cred c\u0103 ini\u021bial trebuie ca s\u0103-\u0219i rezolve problemele fa\u021b\u0103 de subordona\u021bi, probabil c\u0103 a f\u0103cut aceste declara\u021bii acolo, dar, repet, niciodat\u0103 nu am fost implicat \u00een atribuirea unui contract vreunei firme. Nu am intervenit \u0219i nu am fost implicat \u00een atribuirea unui contract vreunei firme, nu am fost niciodat\u0103 \u00een Olt sau la sediul partidului, ca s\u0103 \u00eei spun s\u0103 \u00eei dea vreun contract firmei Tehnologica. Probabil c\u0103 vrea s\u0103 scape, ca \u0219i al\u021bii\u201d, a comentat, vineri diminea\u021ba, <strong>Vasile Blaga.<\/strong><\/p>\n<p data-index=\"8\">\u201e<span>Dac\u0103 un singur cuv\u00e2nt de acolo se adevere\u0219te, v\u0103 da\u021bi seama c\u0103 nu mai pot s\u0103 particip la astfel de \u0219edin\u021be\u201d, a spus liderul PNL \u00eenainte de o \u0219edin\u021b\u0103 a conducerii <\/span>Partidului Na\u021bional Liberal \u00een care urmeaz\u0103 s\u0103 se discute despre sanc\u021biunile ce se vor aplica liberalilor certa\u021bi cu legea.<\/p>\n<p data-index=\"9\">Liderul liberal a refuzat s\u0103 comenteze <a href=\"https:\/\/www.digi24.ro\/Stiri\/Digi24\/Actualitate\/Politica\/Lupta+pentru+putere+in+noul+PNL+Fostii+PDL-isti+invitati+sa+plec\" target=\"_blank\" data-skip-linkfix=\"1\" rel=\"noopener\">declara\u021biile pe care le f\u0103cea, cu c\u00e2teva zile \u00een urm\u0103, Teodor Atanasiu<\/a>, care sugera c\u0103 PNL va r\u0103m\u00e2ne, treptat, f\u0103r\u0103 liderii din PDL, pentru c\u0103 ace\u0219tia vor avea probleme cu legea.<\/p>\n<p data-index=\"10\">Liberalii discut\u0103 vineri despre <strong>modific\u0103ri la statutul forma\u021biunii<\/strong> pentru a stabili sanc\u021biunile pentru cei care nu au cazierul curat. Astfel, liberalii condamna\u021bi \u00een prim\u0103 instan\u021b\u0103 vor fi suspenda\u021bi, iar cei condamna\u021bi definitiv vor fi exclu\u0219i din partid.<\/p>\n<p data-index=\"11\">Mini\u0219trii ori secretarii de stat pe numele c\u0103rora s-a \u00eenceput urm\u0103rirea penal\u0103 vor fi obliga\u021bi s\u0103 demisioneze din guvern.<\/p>\n<p data-index=\"12\">Liberalii care vor fi aresta\u021bi preventiv sau aresta\u021bi la domiciliu vor fi obliga\u021bi s\u0103 renun\u021be la func\u021biile de\u021binute \u00een partid.<\/p>\n<p data-index=\"13\">Deocamdat\u0103, \u00eenc\u0103 nu s-a luat o hot\u0103r\u00e2re \u00een leg\u0103tur\u0103 cu cei care se afl\u0103 sub control judiciar.<\/p>\n<p data-index=\"14\">Interesant este c\u0103 <strong>toate aceste m\u0103suri ar urma s\u0103 fie aplicate retroactiv<\/strong>, ceea ce va \u00eensemna c\u0103 multe filiale din \u021bar\u0103 vor r\u0103m\u00e2ne f\u0103r\u0103 \u0219ef.<\/p>\n<p data-index=\"15\">Toate aceste modific\u0103ri vor fi aprobate s\u00e2mb\u0103t\u0103, \u00een cadrul Consiliului Na\u021bional al PNL, care se va organiza la Pite\u0219ti.<\/p>\n<\/div>\n<p> Source URL: https:\/\/www.digi24.ro\/stiri\/actualitate\/politica\/pnl-ii-va-sanctiona-pe-liberalii-certati-cu-legea-dar-nu-retroactiv-vasile-blaga-precizeaza-in-ce-conditii-va-demisiona-394602<\/p>\n","protected":false},"excerpt":{"rendered":"<p>ACTUALIZARE 12:05\u00a0 \u201eAceast\u0103 propunere de modificare a statutului se va aplica pentru viitor, retroactiv nu se poate din punct de vedere legal\u201d, a anun\u021bat vineri liderul PNL, Alina Gorghiu, preciz\u00e2nd c\u0103 dup\u0103 consultarea mai multor speciali\u0219ti s-a ajuns la concluzia c\u0103 orice ac\u021biune \u00een contencios administrativ le-ar da c\u00e2\u0219tig de cauz\u0103 membrilor care ar contesta [&hellip;]<\/p>\n","protected":false},"author":1,"featured_media":181274,"comment_status":"open","ping_status":"","sticky":false,"template":"","format":"standard","meta":{"footnotes":""},"categories":[2],"tags":[11],"class_list":["post-181273","post","type-post","status-publish","format-standard","has-post-thumbnail","hentry","category-politics","tag-digi24"],"_links":{"self":[{"href":"https:\/\/analyse.optim.biz\/index.php?rest_route=\/wp\/v2\/posts\/181273","targetHints":{"allow":["GET"]}}],"collection":[{"href":"https:\/\/analyse.optim.biz\/index.php?rest_route=\/wp\/v2\/posts"}],"about":[{"href":"https:\/\/analyse.optim.biz\/index.php?rest_route=\/wp\/v2\/types\/post"}],"author":[{"embeddable":true,"href":"https:\/\/analyse.optim.biz\/index.php?rest_route=\/wp\/v2\/users\/1"}],"replies":[{"embeddable":true,"href":"https:\/\/analyse.optim.biz\/index.php?rest_route=%2Fwp%2Fv2%2Fcomments&post=181273"}],"version-history":[{"count":0,"href":"https:\/\/analyse.optim.biz\/index.php?rest_route=\/wp\/v2\/posts\/181273\/revisions"}],"wp:featuredmedia":[{"embeddable":true,"href":"https:\/\/analyse.optim.biz\/index.php?rest_route=\/wp\/v2\/media\/181274"}],"wp:attachment":[{"href":"https:\/\/analyse.optim.biz\/index.php?rest_route=%2Fwp%2Fv2%2Fmedia&parent=181273"}],"wp:term":[{"taxonomy":"category","embeddable":true,"href":"https:\/\/analyse.optim.biz\/index.php?rest_route=%2Fwp%2Fv2%2Fcategories&post=181273"},{"taxonomy":"post_tag","embeddable":true,"href":"https:\/\/analyse.optim.biz\/index.php?rest_route=%2Fwp%2Fv2%2Ftags&post=181273"}],"curies":[{"name":"wp","href":"https:\/\/api.w.org\/{rel}","templated":true}]}}