{"id":1812574,"date":"2026-03-07T00:00:00","date_gmt":"2026-03-06T21:00:00","guid":{"rendered":"https:\/\/analyse.optim.biz\/?p=1812574"},"modified":"2026-03-07T00:00:00","modified_gmt":"2026-03-06T21:00:00","slug":"du-boxster-a-la-targa-gts-le-virus-porsche-votre-porsche-votre-histoire","status":"publish","type":"post","link":"https:\/\/analyse.optim.biz\/?p=1812574","title":{"rendered":"Du Boxster \u00e0\u00a0la Targa GTS, le virus Porsche\u00a0: Votre Porsche votre histoire"},"content":{"rendered":"<div id=\"brxe-lipmib\" class=\"brxe-post-content\">\n<p><strong>De son premier Boxster \u00e0\u00a0sa 992 Targa GTS, Rachel raconte comment la passion Porsche s\u2019est immisc\u00e9e dans sa vie. Entre un r\u00eave longtemps jug\u00e9 inaccessible et des road trips m\u00e9morables, voici son histoire. <\/strong><\/p>\n<h2>La naissance de la passion Porsche<\/h2>\n<p>Comme chez beaucoup de passionn\u00e9s, lorsque le mot \u00ab\u00a0Porsche\u00a0\u00bb est \u00e0\u00a0peine prononc\u00e9, une ferveur et un engouement puissant entourent les discussions. Rachel, une passionn\u00e9e de 60 ans, n\u2019y fait pas exception en nous partageant cette \u00e9nergie si particuli\u00e8re qu\u2019ont les propri\u00e9taires de Porsche.<br \/>\nSon histoire avec la marque allemande commence lorsque son mari a\u00a0achet\u00e9 un Cayman 987\u00a0: \u00ab\u00a0<em>On a\u00a0toujours aim\u00e9 les voitures, mais la passion pour Porsche est survenue lorsqu\u2019il a\u00a0achet\u00e9 un <\/em><a href=\"https:\/\/www.flat6mag.com\/actualite\/bien-choisir-sa-porsche-cayman-987-d-occasion\/\"><em>Cayman 987<\/em><\/a><em> blanc avec l\u2019int\u00e9rieur Cocoa. \u00c7a m\u2019a compl\u00e8tement donn\u00e9 envie, il me fallait une Porsche\u00a0!<\/em>\u00a0\u00bb, affirme-t-elle enjou\u00e9e.<\/p>\n<h2>Le r\u00eave de la Porsche 911 Targa<\/h2>\n<p>Bien que la passion pour Porsche soit grandissante, poss\u00e9der un v\u00e9hicule de la marque allemande \u00e9tait avant tout un objectif presque irr\u00e9alisable pour Rachel\u00a0:\u00a0\u00ab\u00a0<em>J\u2019ai toujours trouv\u00e9 la 911 et plus particuli\u00e8rement la Targa magnifique, mais on se disait avec mon mari, que c\u2019\u00e9tait un r\u00eave inaccessible.\u00a0<\/em>\u00bb Le temps passe et la cadre commerciale d\u00e9cide finalement de franchir le pas en 2013, en achetant un mod\u00e8le qu\u2019elle avait en t\u00eate depuis un moment\u00a0: un <a href=\"https:\/\/www.flat6mag.com\/actualite\/porsche-boxster-981-gts-l-un-des-meilleurs-compromis\/\">Boxster 981<\/a> jaune avec un int\u00e9rieur Cocoa.<\/p>\n<p>Quelques ann\u00e9es plus tard, l\u2019envie de d\u00e9couvrir d\u2019autres mod\u00e8les se fait sentir au sein du couple de Ch\u00e2lonnais\u00a0qui revend successivement son Boxster et son Cayman au profit de leur nouvelle Porsche\u00a0: \u00ab\u00a0<em>On s\u2019est dit que quitte \u00e0\u00a0mettre de l\u2019argent dans une Porsche, autant aller vers notre r\u00eave qu\u2019\u00e9tait la Targa. L\u2019esth\u00e9tique \u00e0\u00a0mi-chemin entre le coup\u00e9 et le cabriolet est tout simplement magnifique\u00a0!\u00a0Mais par-dessus tout, on voulait une bo\u00eete PDK.<\/em> \u00bb Elle ajoute\u00a0:\u00a0\u00ab\u00a0<em>on est tomb\u00e9 par hasard sur la configuration d\u2019une GTS, version que nous ne cherchions pas particuli\u00e8rement, et finalement, elle cochait toutes les cases. Alors nous l\u2019avons achet\u00e9e d\u00e9but 2025<\/em>\u00a0\u00bb.<br \/>\nEmpreinte de nostalgie, Rachel ajoute \u00e9galement\u00a0:\u00a0\u00ab\u00a0<em>J\u2019ai quand m\u00eame eu du mal \u00e0\u00a0l\u00e2cher mon Boxster, et par moment lorsque je regarde les anciennes photos, je me dis que j\u2019aurais d\u00fb le garder\u2026<\/em> \u00bb<\/p>\n<p>Souvenir inoubliable dans la vie d\u2019une passionn\u00e9e, Rachel se rappelle parfaitement du jour o\u00f9 elle et son mari ont r\u00e9cup\u00e9r\u00e9 leur 992 Targa GTS\u00a0:\u00a0<em>\u00ab\u00a0Ce jour-l\u00e0, notre fils \u00e9tait venu expr\u00e8s pour d\u00e9couvrir notre nouvelle voiture. Au moment o\u00f9 le vendeur l\u2019a d\u00e9b\u00e2ch\u00e9e, c\u2019\u00e9tait incroyable, mon c\u0153ur battait, on \u00e9tait heureux\u00a0! \u00c0\u00a0ce moment-l\u00e0 on se dit qu\u2019on a\u00a0r\u00e9alis\u00e9 notre r\u00eave automobile et qu\u2019on va faire tout notre possible pour la garder et la rouler le plus longtemps possible\u00a0!<\/em>\u00a0\u00bb<\/p>\n<p>C\u2019est ensuite d\u00e8s les premiers tours de roues avec son nouveau jouet, que Rachel ressent directement les diff\u00e9rences de comportements avec son ancien Boxster\u00a0:\u00a0\u00ab\u00a0<em>Au tout d\u00e9but, j\u2019\u00e9tais anxieuse du fait de la valeur sentimentale et financi\u00e8re de la voiture.\u00a0Mais tr\u00e8s vite j\u2019ai ressenti la facilit\u00e9 avec laquelle la Targa GTS se laisse conduire. C\u2019est une voiture qui est vraiment faite pour la balade. J\u2019\u00e9tais \u00e0\u00a0plus de 200 ch avec mon Boxster et l\u00e0 on passe \u00e0\u00a0480\u00a0ch\u00a0! En revanche, elle n\u2019a pas le c\u00f4t\u00e9 joueur d\u2019un Boxster ou d\u2019un Cayman, qui d\u2019ailleurs faisait plus de bruit\u2026<\/em>\u00a0\u00bb.<\/p>\n<p><img loading=\"lazy\" decoding=\"async\" class=\"alignnone wp-image-56301\" src=\"https:\/\/www.flat6mag.com\/wp-content\/uploads\/2026\/03\/992-targa-300x225.jpeg\" alt=\"992 targa\" width=\"1135\" height=\"851\"><\/p>\n<h2>Le bilan d\u2019une passion pour Porsche<\/h2>\n<p>Apr\u00e8s avoir poss\u00e9d\u00e9 plusieurs Porsche, r\u00e9alis\u00e9 des grands road trips notamment entre le Portugal et l\u2019Espagne, et particip\u00e9 \u00e0\u00a0de nombreux \u00e9v\u00e8nements dans toute la France, Rachel remarque que ses voitures lui ont apport\u00e9e bien plus que de simples souvenirs\u00a0: \u00ab\u00a0<em>Avec nos autos, nous avons pu participer \u00e0\u00a0beaucoup de rassemblements et faire de tr\u00e8s belles rencontres. Et tr\u00e8s certainement, nous n\u2019aurions pas autant voyag\u00e9 sans nos Porsche<\/em>\u00a0\u00bb. La passionn\u00e9e ironise enfin\u00a0:\u00a0\u00ab\u00a0<em>Ces voitures sont finalement presque un pr\u00e9texte \u00e0\u00a0la sortie\u2026\u00a0<\/em>\u00bb<br \/>\nEt parmi les souvenirs l\u2019ayant particuli\u00e8rement marqu\u00e9e, il y\u00a0a ces deux p\u00e9riples en Espagne\u00a0et en Italie\u00a0:\u00a0\u00ab\u00a0<em>Il y\u00a0avait ce voyage en Espagne o\u00f9 nous avions pu notamment garer notre Targa dans des endroits incroyables notamment \u00e0\u00a0S\u00e9govie. Et puis lorsque nous avons fait notre premier grand voyage en Porsche avec le Boxster, ce sont de tr\u00e8s beaux souvenirs qui ont \u00e9t\u00e9 embellis par nos Porsche.<\/em>\u00a0\u00bb<\/p>\n<p>Dans le m\u00eame th\u00e8me, Rachel tient \u00e0\u00a0souligner un moment \u00e9mouvant de sa vie de passionn\u00e9e\u00a0:\u00a0<em>\u00ab\u00a0La premi\u00e8re fois que je suis all\u00e9e chercher mon Boxster, c\u2019\u00e9tait particulier car c\u2019\u00e9tait ma premi\u00e8re Porsche. \u00c7a m\u2019a fait quelque chose au fond de moi\u2026\u00a0C\u2019est un merveilleux souvenir.<\/em> \u00bb<\/p>\n<p><img loading=\"lazy\" decoding=\"async\" class=\"alignnone wp-image-56302\" src=\"https:\/\/www.flat6mag.com\/wp-content\/uploads\/2026\/03\/format-fb-19-300x200.png\" alt=\"Boxster 981\" width=\"1125\" height=\"750\"><\/p>\n<h2>Une passion tourn\u00e9e vers le partage<\/h2>\n<p>Aujourd\u2019hui, Rachel fait un usage ponctuel de sa 992 <a href=\"https:\/\/www.flat6mag.com\/actualite\/la-porsche-991-targa-4s-une-icone\/\">Targa<\/a> GTS. Entre balades dominicales et rassemblements communautaires, sa Porsche est consacr\u00e9e aux roulages plaisir. La passionn\u00e9e de Targa et de Boxster a\u00a0r\u00e9cemment lanc\u00e9 son groupe Facebook\u00a0: <em>Porsche 991 \/ 992 Targa francophone<\/em>\u00a0dans lequel elle organise un week-end de roulage du 8\u00a0au 10 mai prochains.<br \/>\nEt toujours dans cet esprit de d\u2019\u00e9change, Rachel prend plaisir \u00e0\u00a0partager sa passion avec son mari\u00a0:\u00a0\u00ab\u00a0<em>Ce qui nous int\u00e9resse, ce n\u2019est pas de regarder des Grands-Prix \u00e0\u00a0la t\u00e9l\u00e9 ou derri\u00e8re un \u00e9cran. Ce qu\u2019on veut, c\u2019est \u00eatre derri\u00e8re le volant\u00a0!<\/em>\u00a0\u00bb confie-t-elle avec enthousiasme.<\/p>\n<p>Lorsque l\u2019on demande enfin \u00e0\u00a0Rachel quelle sera sa prochaine Porsche, la passionn\u00e9e r\u00e9pond sans h\u00e9siter\u00a0:\u00a0\u00ab\u00a0<em>Une moderne, un 718 4.0L\u00a0! Mais pour le moment je ne compte pas vendre la Targa\u00a0!<\/em>\u00a0\u00bb<\/p>\n<p>Toujours avec une grande \u00e9nergie, Rachel conclut finalement\u00a0:\u00a0\u00ab\u00a0<em>La Targa a\u00a0toujours \u00e9t\u00e9 un r\u00eave avec mon mari, on est encore \u00e9tonn\u00e9s aujourd\u2019hui d\u2019avoir pu y\u00a0acc\u00e9der\u00a0!<\/em>\u00a0\u00bb<\/p>\n<p>Je remercie grandement Rachel pour son histoire. Rendez-vous prochainement pour un nouvel \u00e9pisode de \u201c<a href=\"https:\/\/www.flat6mag.com\/act\/do\/tag\/votre-porsche-votre-histoire\/\">Votre\u00a0<\/a><a href=\"https:\/\/www.flat6mag.com\/act\/do\/tag\/votre-porsche-votre-histoire\/\">Porsche<\/a><a href=\"https:\/\/www.flat6mag.com\/act\/do\/tag\/votre-porsche-votre-histoire\/\">,<\/a><a href=\"https:\/\/www.flat6mag.com\/act\/do\/tag\/votre-porsche-votre-histoire\/\">\u00a0votre histoire<\/a>\u201d avec un nouveau propri\u00e9taire et une nouvelle Porsche. N\u2019h\u00e9sitez pas \u00e0\u00a0nous partager votre histoire par mail via cette adresse\u00a0:\u00a0<a href=\"mailto:mteff@flat6editions.fr\">mteff@flat6editions.fr<\/a>.<\/p>\n<p><img loading=\"lazy\" decoding=\"async\" class=\"alignnone wp-image-56303\" src=\"https:\/\/www.flat6mag.com\/wp-content\/uploads\/2026\/03\/992-targa-1-300x225.jpeg\" alt=\"992 targa.\" width=\"1132\" height=\"849\"><\/p>\n<div align=\"center\"><button style=\"background-color: transparent;border: 3px solid #000;border-radius: 0.6em;color: #000;cursor: pointer;align-self: center;line-height: 1;margin: 20px;padding: 1.2em 2.8em;text-decoration: none;text-align: center;text-transform: uppercase;font-weight: bold\"><a href=\"https:\/\/www.flat6mag.com\/pages\/abonnements.html\">Soyez les premiers \u00e0 tout savoir sur la Porsche et abonnez-vous \u00e0 Flat 6 Magazine\u00a0!<\/a><\/button><\/div>\n<div align=\"center\">Cr\u00e9dit Photo\u00a0: DR<\/div>\n<\/div>\n","protected":false},"excerpt":{"rendered":"<p>De son premier Boxster \u00e0\u00a0sa 992 Targa GTS, Rachel raconte comment la passion Porsche s\u2019est immisc\u00e9e dans sa vie. Entre un r\u00eave longtemps jug\u00e9 inaccessible et des road trips m\u00e9morables, voici son histoire. La naissance de la passion Porsche Comme chez beaucoup de passionn\u00e9s, lorsque le mot \u00ab\u00a0Porsche\u00a0\u00bb est \u00e0\u00a0peine prononc\u00e9, une ferveur et un [&hellip;]<\/p>\n","protected":false},"author":1,"featured_media":0,"comment_status":"open","ping_status":"","sticky":false,"template":"","format":"standard","meta":{"footnotes":""},"categories":[1],"tags":[226,273],"class_list":["post-1812574","post","type-post","status-publish","format-standard","hentry","category-uncategorized","tag-crawlmanager","tag-flat6mag-com"],"_links":{"self":[{"href":"https:\/\/analyse.optim.biz\/index.php?rest_route=\/wp\/v2\/posts\/1812574","targetHints":{"allow":["GET"]}}],"collection":[{"href":"https:\/\/analyse.optim.biz\/index.php?rest_route=\/wp\/v2\/posts"}],"about":[{"href":"https:\/\/analyse.optim.biz\/index.php?rest_route=\/wp\/v2\/types\/post"}],"author":[{"embeddable":true,"href":"https:\/\/analyse.optim.biz\/index.php?rest_route=\/wp\/v2\/users\/1"}],"replies":[{"embeddable":true,"href":"https:\/\/analyse.optim.biz\/index.php?rest_route=%2Fwp%2Fv2%2Fcomments&post=1812574"}],"version-history":[{"count":0,"href":"https:\/\/analyse.optim.biz\/index.php?rest_route=\/wp\/v2\/posts\/1812574\/revisions"}],"wp:attachment":[{"href":"https:\/\/analyse.optim.biz\/index.php?rest_route=%2Fwp%2Fv2%2Fmedia&parent=1812574"}],"wp:term":[{"taxonomy":"category","embeddable":true,"href":"https:\/\/analyse.optim.biz\/index.php?rest_route=%2Fwp%2Fv2%2Fcategories&post=1812574"},{"taxonomy":"post_tag","embeddable":true,"href":"https:\/\/analyse.optim.biz\/index.php?rest_route=%2Fwp%2Fv2%2Ftags&post=1812574"}],"curies":[{"name":"wp","href":"https:\/\/api.w.org\/{rel}","templated":true}]}}