{"id":1812473,"date":"2026-03-07T07:25:25","date_gmt":"2026-03-07T04:25:25","guid":{"rendered":"https:\/\/analyse.optim.biz\/?p=1812473"},"modified":"2026-03-07T07:25:25","modified_gmt":"2026-03-07T04:25:25","slug":"solidaritate-pentru-viata-comunitatea-timisoreana-se-mobilizeaza-pentru-bogdan","status":"publish","type":"post","link":"https:\/\/analyse.optim.biz\/?p=1812473","title":{"rendered":"Solidaritate pentru via\u021b\u0103: comunitatea timi\u0219orean\u0103 se mobilizeaz\u0103 pentru Bogdan"},"content":{"rendered":"<p>[analyse_image type=&#8221;featured&#8221; src=&#8221;https:\/\/www.banatulazi.ro\/wp-content\/uploads\/2026\/03\/Afis-spectacol-caritabil.jpg&#8221;]<\/p>\n<div class=\"td_block_wrap tdb_single_content tdi_64 td-pb-border-top td_block_template_1 td-post-content tagdiv-type\" data-td-block-uid=\"tdi_64\">\n<div class=\"tdb-block-inner td-fix-index\">\n<p><strong>Camera de Comer\u021b, Industrie \u0219i Agricultur\u0103 Timi\u0219 sus\u021bine promovarea spectacolului caritabil \u201eSperan\u021b\u0103 pentru Bogdan\u201d \u0219i invit\u0103 comunitatea de afaceri s\u0103 se al\u0103ture acestui demers de solidaritate.<\/strong><\/p>\n<p>Spectacolul este organizat \u00een scopul str\u00e2ngerii de fonduri pentru tratamentul lui Bogdan C\u00eera, un elev de 14 ani din Timi\u0219oara diagnosticat cu o form\u0103 grav\u0103 de cancer.<br \/>\n\u00cen urma diagnosticului, Bogdan \u0219i familia sa au \u00eenceput o lupt\u0103 dificil\u0103 pentru via\u021b\u0103. O echip\u0103 de medici din Turcia i-a oferit o \u0219ans\u0103 la tratament, \u00eens\u0103 costurile sunt foarte ridicate \u2013 aproximativ 100.000 de euro doar pentru primele etape ale terapiei. De\u0219i reac\u021bioneaz\u0103 bine la tratament, Bogdan va avea nevoie \u00een continuare de sprijin pentru a-\u0219i continua recuperarea \u0219i pentru a se putea \u00eentoarce acas\u0103, la familie, prieteni \u0219i colegi.<\/p>\n<p>Evenimentul caritabil va avea loc \u00een data de 12 martie, de la ora 19.00, \u00een Sala Multifunc\u021bional\u0103 a Consiliului Jude\u021bean Timi\u0219, \u0219i va reuni arti\u0219ti \u00eendr\u0103gi\u021bi ai scenei timi\u0219orene: basul Operei Na\u021bionale Timi\u0219oara Marius Go\u0219a, solista Dorina Vasilashko, t\u00e2n\u0103ra interpret\u0103 Maya Giotea, laureat\u0103 cu Golden Buzzer la \u201eBritain\u2019s Got Talent\u201d, dansatorii Clubului Magnum, precum \u0219i un recital de harp\u0103 sus\u021binut de Iris Go\u0219a.<\/p>\n<p>Conceptul artistic al spectacolului, realizat de Diana \u0219i Raul Avram, \u00eembin\u0103 momente de teatru, muzic\u0103 \u0219i dans \u00eentr-un spectacol de tip musical.<br \/>\nEvenimentul este organizat de Asocia\u021bia Eugeniu de Savoya, cu sprijinul mai multor institu\u021bii \u0219i organiza\u021bii partenere: Consiliul Jude\u021bean Timi\u0219, Universitatea de Vest din Timi\u0219oara, Universitatea Politehnica Timi\u0219oara, Universitatea de \u0218tiin\u021bele Vie\u021bii \u201eRegele Mihai I\u201d din Timi\u0219oara, Inspectoratul Teritorial de Munc\u0103 Timi\u0219, Camera de Comer\u021b, Industrie \u0219i Agricultur\u0103 Timi\u0219, TVR Timi\u0219oara, Asocia\u021bia Teatrul de Musical Timi\u0219oara \u0219i Asocia\u021bia Club de Dans Sportiv Magnum.<\/p>\n<p>\u00cempreun\u0103 putem transforma solidaritatea \u00een speran\u021b\u0103!<\/p>\n<\/div>\n<\/div>\n<p>[analyse_source url=&#8221;https:\/\/www.banatulazi.ro\/solidaritate-pentru-viata-comunitatea-timisoreana-se-mobilizeaza-pentru-bogdan\/&#8221;]<\/p>\n","protected":false},"excerpt":{"rendered":"<p>[analyse_image type=&#8221;featured&#8221; src=&#8221;https:\/\/www.banatulazi.ro\/wp-content\/uploads\/2026\/03\/Afis-spectacol-caritabil.jpg&#8221;] Camera de Comer\u021b, Industrie \u0219i Agricultur\u0103 Timi\u0219 sus\u021bine promovarea spectacolului caritabil \u201eSperan\u021b\u0103 pentru Bogdan\u201d \u0219i invit\u0103 comunitatea de afaceri s\u0103 se al\u0103ture acestui demers de solidaritate. Spectacolul este organizat \u00een scopul str\u00e2ngerii de fonduri pentru tratamentul lui Bogdan C\u00eera, un elev de 14 ani din Timi\u0219oara diagnosticat cu o form\u0103 grav\u0103 de [&hellip;]<\/p>\n","protected":false},"author":1,"featured_media":0,"comment_status":"open","ping_status":"","sticky":false,"template":"","format":"standard","meta":{"footnotes":""},"categories":[89],"tags":[185,226],"class_list":["post-1812473","post","type-post","status-publish","format-standard","hentry","category-romania","tag-banatulazi-ro","tag-crawlmanager"],"_links":{"self":[{"href":"https:\/\/analyse.optim.biz\/index.php?rest_route=\/wp\/v2\/posts\/1812473","targetHints":{"allow":["GET"]}}],"collection":[{"href":"https:\/\/analyse.optim.biz\/index.php?rest_route=\/wp\/v2\/posts"}],"about":[{"href":"https:\/\/analyse.optim.biz\/index.php?rest_route=\/wp\/v2\/types\/post"}],"author":[{"embeddable":true,"href":"https:\/\/analyse.optim.biz\/index.php?rest_route=\/wp\/v2\/users\/1"}],"replies":[{"embeddable":true,"href":"https:\/\/analyse.optim.biz\/index.php?rest_route=%2Fwp%2Fv2%2Fcomments&post=1812473"}],"version-history":[{"count":0,"href":"https:\/\/analyse.optim.biz\/index.php?rest_route=\/wp\/v2\/posts\/1812473\/revisions"}],"wp:attachment":[{"href":"https:\/\/analyse.optim.biz\/index.php?rest_route=%2Fwp%2Fv2%2Fmedia&parent=1812473"}],"wp:term":[{"taxonomy":"category","embeddable":true,"href":"https:\/\/analyse.optim.biz\/index.php?rest_route=%2Fwp%2Fv2%2Fcategories&post=1812473"},{"taxonomy":"post_tag","embeddable":true,"href":"https:\/\/analyse.optim.biz\/index.php?rest_route=%2Fwp%2Fv2%2Ftags&post=1812473"}],"curies":[{"name":"wp","href":"https:\/\/api.w.org\/{rel}","templated":true}]}}