{"id":1812460,"date":"2026-03-06T18:38:53","date_gmt":"2026-03-06T15:38:53","guid":{"rendered":"https:\/\/analyse.optim.biz\/?p=1812460"},"modified":"2026-03-06T18:38:53","modified_gmt":"2026-03-06T15:38:53","slug":"femeile-sarbatorite-la-universitatea-politehnica-timisoara-printr-un-recital-dedicat-zilei-internationale-a-femeii","status":"publish","type":"post","link":"https:\/\/analyse.optim.biz\/?p=1812460","title":{"rendered":"Femeile, s\u0103rb\u0103torite la Universitatea Politehnica Timi\u0219oara printr-un recital dedicat Zilei Interna\u021bionale a Femeii"},"content":{"rendered":"<p>[analyse_image type=&#8221;featured&#8221; src=&#8221;https:\/\/www.opiniatimisoarei.ro\/wp-content\/uploads\/2026\/03\/1-DSC05115-728&#215;336.jpghttps:\/\/www.opiniatimisoarei.ro\/wp-content\/uploads\/2026\/03\/1-DSC05115.jpg&#8221;]<\/p>\n<div class=\"the_content\">\n<p>Sub genericul <strong>\u201eVino \u0219i las\u0103-te \u00eenc\u00e2ntat\u0103!\u201d<\/strong>, <strong>Universitatea Politehnica Timi\u0219oara<\/strong> a g\u0103zduit <strong>ast\u0103zi, 6 martie 2026<\/strong>, \u00een <strong>sala Auditorium a Centrului de Conferin\u021be UPT<\/strong>, un recital dedicat Zilei Interna\u021bionale a Femeii, oferit doamnelor \u0219i domni\u0219oarelor din comunitatea UPT.<\/p>\n<p>Programul a debutat cu un moment de excep\u021bie sus\u021binut de <strong>Corul Universit\u0103\u021bii Politehnica Timi\u0219oara<\/strong>, condus de <strong>Adriana Albu<\/strong>, cadru didactic la <strong>Facultatea de Automatic\u0103 \u0219i Calculatoare<\/strong>. Corul a interpretat <strong>\u201eSara pe deal\u201d<\/strong> (Vasile Popovici), <strong>\u201eIac-a\u0219a\u201d<\/strong> (Gavriil Musicescu) \u0219i <strong>\u201eC\u00e2ntec \u0219i joc din Maramure\u0219\u201d<\/strong> (Dan-Mihai Goia), oferind publicului un \u00eenceput cald \u0219i profund, \u00een ton cu spiritul s\u0103rb\u0103torii.<\/p>\n<p>Arti\u0219ti ai <strong>Operei Na\u021bionale Rom\u00e2ne Timi\u0219oara<\/strong> au adus pe scena UPT un program elegant \u0219i divers, \u00een care ariile celebre de oper\u0103 \u0219i momentele de musical s-au \u00eempletit \u00eentr-o celebrare a feminit\u0103\u021bii, emo\u021biei \u0219i bucuriei de a fi \u00eempreun\u0103. Recitalul a fost moderat de <strong>Cristian Rudic<\/strong>, iar acompaniamentul la pian a fost asigurat de <strong>Angela Balici<\/strong>.<\/p>\n<p>Publicul s-a bucurat de un repertoriu variat, cu momente precum <strong>\u201eIntrarea Silviei\u201d<\/strong> din <em>Silva<\/em> (E. K\u00e1lm\u00e1n), <strong>\u201eMamma, son tanto felice\u201d<\/strong> (C. A. Bixio), <strong>\u201eAvant de quitter ces lieux\u201d<\/strong> din <em>Faust<\/em> (Ch. Gounod), <strong>\u201eC\u00e2ntecul Viljei\u201d<\/strong> din <em>V\u0103duva vesel\u0103<\/em> (F. Leh\u00e1r), <strong>\u201eSome enchanted evening\u201d<\/strong> din <em>South Pacific<\/em> (R. Rodgers), <strong>\u201eHabanera\u201d<\/strong> din <em>Carmen<\/em> (G. Bizet), <strong>\u201eGlitter and Be Gay\u201d<\/strong> din <em>Candide<\/em> (L. Bernstein), <strong>\u201eAnything you can do I can do better\u201d<\/strong> din <em>Annie get your gun<\/em> (I. Berlin), precum \u0219i celebrul <strong>\u201eO sole mio\u201d<\/strong> (E. di Capua), interpretat de Tenorul <strong>Remus Al\u0103z\u0103roae<\/strong>.<\/p>\n<p>Pe scen\u0103 au evoluat soli\u0219tii <strong>Gabriella Varvari<\/strong>, <strong>Remus Al\u0103z\u0103roae<\/strong>, <strong>Crina Vezentan<\/strong>, <strong>Cristina Vlaicu<\/strong>, <strong>Darius Grui\u021b\u0103<\/strong>, <strong>Marius Go\u0219a<\/strong>, <strong>Mili\u021ba Pantin<\/strong> \u0219i <strong>Octavian Vlaicu<\/strong>, \u00eentr-un parcurs muzical care a trecut cu naturale\u021be de la operet\u0103 la oper\u0103 \u0219i musical, oferind o experien\u021b\u0103 artistic\u0103 memorabil\u0103 pentru public.<\/p>\n<p>Prin acest recital, Universitatea Politehnica Timi\u0219oara \u00ee\u0219i reconfirm\u0103 preocuparea pentru evenimente care aduc comunitatea \u00eempreun\u0103 \u0219i creeaz\u0103 contexte de apreciere, recuno\u0219tin\u021b\u0103 \u0219i conexiune, marc\u00e2nd Ziua Interna\u021bional\u0103 a Femeii prin cultur\u0103 \u0219i emo\u021bie autentic\u0103.<\/p>\n<\/div>\n<p>[analyse_source url=&#8221;https:\/\/www.opiniatimisoarei.ro\/femeile-sarbatorite-la-universitatea-politehnica-timisoara-printr-un-recital-dedicat-zilei-internationale-a-femeii\/06\/03\/2026&#8243;]<\/p>\n","protected":false},"excerpt":{"rendered":"<p>[analyse_image type=&#8221;featured&#8221; src=&#8221;https:\/\/www.opiniatimisoarei.ro\/wp-content\/uploads\/2026\/03\/1-DSC05115-728&#215;336.jpghttps:\/\/www.opiniatimisoarei.ro\/wp-content\/uploads\/2026\/03\/1-DSC05115.jpg&#8221;] Sub genericul \u201eVino \u0219i las\u0103-te \u00eenc\u00e2ntat\u0103!\u201d, Universitatea Politehnica Timi\u0219oara a g\u0103zduit ast\u0103zi, 6 martie 2026, \u00een sala Auditorium a Centrului de Conferin\u021be UPT, un recital dedicat Zilei Interna\u021bionale a Femeii, oferit doamnelor \u0219i domni\u0219oarelor din comunitatea UPT. Programul a debutat cu un moment de excep\u021bie sus\u021binut de Corul Universit\u0103\u021bii Politehnica Timi\u0219oara, condus [&hellip;]<\/p>\n","protected":false},"author":1,"featured_media":0,"comment_status":"open","ping_status":"","sticky":false,"template":"","format":"standard","meta":{"footnotes":""},"categories":[89],"tags":[226,190],"class_list":["post-1812460","post","type-post","status-publish","format-standard","hentry","category-romania","tag-crawlmanager","tag-opiniatimisoarei-ro"],"_links":{"self":[{"href":"https:\/\/analyse.optim.biz\/index.php?rest_route=\/wp\/v2\/posts\/1812460","targetHints":{"allow":["GET"]}}],"collection":[{"href":"https:\/\/analyse.optim.biz\/index.php?rest_route=\/wp\/v2\/posts"}],"about":[{"href":"https:\/\/analyse.optim.biz\/index.php?rest_route=\/wp\/v2\/types\/post"}],"author":[{"embeddable":true,"href":"https:\/\/analyse.optim.biz\/index.php?rest_route=\/wp\/v2\/users\/1"}],"replies":[{"embeddable":true,"href":"https:\/\/analyse.optim.biz\/index.php?rest_route=%2Fwp%2Fv2%2Fcomments&post=1812460"}],"version-history":[{"count":0,"href":"https:\/\/analyse.optim.biz\/index.php?rest_route=\/wp\/v2\/posts\/1812460\/revisions"}],"wp:attachment":[{"href":"https:\/\/analyse.optim.biz\/index.php?rest_route=%2Fwp%2Fv2%2Fmedia&parent=1812460"}],"wp:term":[{"taxonomy":"category","embeddable":true,"href":"https:\/\/analyse.optim.biz\/index.php?rest_route=%2Fwp%2Fv2%2Fcategories&post=1812460"},{"taxonomy":"post_tag","embeddable":true,"href":"https:\/\/analyse.optim.biz\/index.php?rest_route=%2Fwp%2Fv2%2Ftags&post=1812460"}],"curies":[{"name":"wp","href":"https:\/\/api.w.org\/{rel}","templated":true}]}}