{"id":181211,"date":"2015-05-22T23:08:56","date_gmt":"2015-05-22T20:08:56","guid":{"rendered":"https:\/\/analyse.optim.biz\/?p=181211"},"modified":"2015-05-22T23:08:56","modified_gmt":"2015-05-22T20:08:56","slug":"victor-ponta-zambind-dupa-ce-i-a-facut-prosti-pe-unii-jurnalisti-imi-cer-scuze-nu-o-sa-mai-folosesc","status":"publish","type":"post","link":"https:\/\/analyse.optim.biz\/?p=181211","title":{"rendered":"Victor Ponta, z\u00e2mbind, dup\u0103 ce i-a f\u0103cut pro\u015fti pe unii jurnali\u015fti: \u00cemi cer scuze, nu o s\u0103 mai folosesc&#8230;"},"content":{"rendered":"<div class=\"entry data-app-meta data-app-meta-article\" data-embed-base-url-canonical=\"https:\/\/www.digi24.ro\/embed\/stiri\/actualitate\/politica\/victor-ponta-zambind-dupa-ce-i-a-facut-prosti-pe-unii-jurnalisti-imi-cer-scuze-nu-o-sa-mai-folosesc-394969\">\n<p data-index=\"1\"><img decoding=\"async\" src=\"https:\/\/analyse.optim.biz\/wp-content\/uploads\/2024\/09\/cgcmdz04mdamagfzad01otq5mwjjmtjiy2vjmwu4zdiyzjcxy2rkowmwognizq-thumb_.jpg\" data-skip-htmlfix=\"1\" title=\"cgcmdz04mdamagfzad01otq5mwjjmtjiy2vjmwu4zdiyzjcxy2rkowmwognizq-thumb_\">\u00a0<\/p>\n<p data-index=\"2\">\u201e<span>\u00cemi cer scuze, o s\u0103 am grij\u0103 s\u0103 nu mai folosesc&#8230;\u201d, a r\u0103spuns Victor Ponta, z\u00e2mbind, \u00eentrebat de ce a folosit acest termen la adresa unor jurnali\u015fti.<\/span><\/p>\n<p data-index=\"3\">Potrivit Mediafax, Victor Ponta le-a spus mini\u015ftrilor, \u00een \u015fedin\u0163a de guvern de miercuri, c\u0103 nu \u015ftie dac\u0103 s\u0103 r\u00e2d\u0103 sau s\u0103 pl\u00e2ng\u0103 atunci c\u00e2nd aude \u201eat\u00e2\u0163ia pro\u015fti care public\u0103 \u015ftiri\u201d \u015fi afirm\u0103 c\u0103 noul ministru al Dezvolt\u0103rii Regionale \u015fi Administra\u0163iei Pubice (MDRAP) Sevil Shhaideh, de\u015fi este musulman\u0103, \u00eel are pe\u00a0Liviu Dragnea\u00a0ca na\u015f cre\u015ftin.<\/p>\n<p data-index=\"4\"><em><strong>\u201eCa \u015fi p\u00e2n\u0103 acum, presiunile vor fi mari. Am aflat c\u0103 doamna ministru, de\u015fi este musulman\u0103, are un na\u015f cre\u015ftin. Deci, nici nu \u015ftiu dac\u0103 s\u0103 r\u00e2d sau s\u0103 pl\u00e2ng c\u00e2nd aud at\u00e2\u0163ia pro\u015fti care public\u0103 \u015ftiri, dar m\u0103 rog, asta e\u201d<\/strong><\/em>, a spus Victor Ponta, \u00een \u015fedin\u0163a de guvern.<\/p>\n<p data-index=\"5\">Ministrul demisionar al Dezvolt\u0103rii \u015fi Administra\u0163iei, Liviu Dragnea, a afirmat anterior c\u0103 Sevil Shhaideh nu \u00eei este fin\u0103, deoarece \u00een religia musulman\u0103 nu exist\u0103 termenul de na\u015f, \u015fi c\u0103 la c\u0103s\u0103toria acesteia i-a fost martor, al\u0103turi de alte persoane. El a ad\u0103ugat c\u0103 o cunoa\u015fte pe Sevil Shhaideh de 15 ani.<\/p>\n<h5><span>Citi\u021bi \u0219i <a href=\"https:\/\/www.digi24.ro\/Stiri\/Digi24\/Actualitate\/Politica\/Cine+este+Sevil+Shhaideh+noul+ministru+al+Dezvoltarii\" data-skip-linkfix=\"1\">Cine este Sevil Shhaideh, noul ministru al Dezvolt\u0103rii<\/a><\/span><\/h5>\n<\/div>\n<p> Source URL: https:\/\/www.digi24.ro\/stiri\/actualitate\/politica\/victor-ponta-zambind-dupa-ce-i-a-facut-prosti-pe-unii-jurnalisti-imi-cer-scuze-nu-o-sa-mai-folosesc-394969<\/p>\n","protected":false},"excerpt":{"rendered":"<p>\u00a0 \u201e\u00cemi cer scuze, o s\u0103 am grij\u0103 s\u0103 nu mai folosesc&#8230;\u201d, a r\u0103spuns Victor Ponta, z\u00e2mbind, \u00eentrebat de ce a folosit acest termen la adresa unor jurnali\u015fti. Potrivit Mediafax, Victor Ponta le-a spus mini\u015ftrilor, \u00een \u015fedin\u0163a de guvern de miercuri, c\u0103 nu \u015ftie dac\u0103 s\u0103 r\u00e2d\u0103 sau s\u0103 pl\u00e2ng\u0103 atunci c\u00e2nd aude \u201eat\u00e2\u0163ia pro\u015fti [&hellip;]<\/p>\n","protected":false},"author":1,"featured_media":181212,"comment_status":"open","ping_status":"","sticky":false,"template":"","format":"standard","meta":{"footnotes":""},"categories":[2],"tags":[11],"class_list":["post-181211","post","type-post","status-publish","format-standard","has-post-thumbnail","hentry","category-politics","tag-digi24"],"_links":{"self":[{"href":"https:\/\/analyse.optim.biz\/index.php?rest_route=\/wp\/v2\/posts\/181211","targetHints":{"allow":["GET"]}}],"collection":[{"href":"https:\/\/analyse.optim.biz\/index.php?rest_route=\/wp\/v2\/posts"}],"about":[{"href":"https:\/\/analyse.optim.biz\/index.php?rest_route=\/wp\/v2\/types\/post"}],"author":[{"embeddable":true,"href":"https:\/\/analyse.optim.biz\/index.php?rest_route=\/wp\/v2\/users\/1"}],"replies":[{"embeddable":true,"href":"https:\/\/analyse.optim.biz\/index.php?rest_route=%2Fwp%2Fv2%2Fcomments&post=181211"}],"version-history":[{"count":0,"href":"https:\/\/analyse.optim.biz\/index.php?rest_route=\/wp\/v2\/posts\/181211\/revisions"}],"wp:featuredmedia":[{"embeddable":true,"href":"https:\/\/analyse.optim.biz\/index.php?rest_route=\/wp\/v2\/media\/181212"}],"wp:attachment":[{"href":"https:\/\/analyse.optim.biz\/index.php?rest_route=%2Fwp%2Fv2%2Fmedia&parent=181211"}],"wp:term":[{"taxonomy":"category","embeddable":true,"href":"https:\/\/analyse.optim.biz\/index.php?rest_route=%2Fwp%2Fv2%2Fcategories&post=181211"},{"taxonomy":"post_tag","embeddable":true,"href":"https:\/\/analyse.optim.biz\/index.php?rest_route=%2Fwp%2Fv2%2Ftags&post=181211"}],"curies":[{"name":"wp","href":"https:\/\/api.w.org\/{rel}","templated":true}]}}