{"id":1811956,"date":"2026-03-06T16:58:00","date_gmt":"2026-03-06T13:58:00","guid":{"rendered":"https:\/\/analyse.optim.biz\/?p=1811956"},"modified":"2026-03-06T16:58:00","modified_gmt":"2026-03-06T13:58:00","slug":"alfred-simonis-demonteaza-acuzatiile-lansate-de-edilul-fritz-muzeul-de-arta-beneficiaza-de-un-proiect-de-reabilitare-iar-sediile-degradate-ale-bibliotecii-judetene-sunt-ale-primariei-video","status":"publish","type":"post","link":"https:\/\/analyse.optim.biz\/?p=1811956","title":{"rendered":"Alfred Simonis demonteaz\u0103 acuza\u021biile lansate de edilul Fritz. Muzeul de Art\u0103 beneficiaz\u0103 de un proiect de reabilitare iar sediile degradate ale Bibliotecii Jude\u021bene sunt ale prim\u0103riei \/ VIDEO"},"content":{"rendered":"<p>[analyse_image type=&#8221;featured&#8221; src=&#8221;https:\/\/www.banatulazi.ro\/wp-content\/uploads\/2026\/03\/Alfred-simonic-2.jpg&#8221;]<\/p>\n<div class=\"td_block_wrap tdb_single_content tdi_64 td-pb-border-top td_block_template_1 td-post-content tagdiv-type\" data-td-block-uid=\"tdi_64\">\n<div class=\"tdb-block-inner td-fix-index\">\n<p><strong>Cu o zi \u00een urm\u0103 (joi 5 martie), pre\u0219edintele Consiliului Jude\u021bean Timi\u0219 a avut parte de un \u0219ir de repro\u0219uri \u0219i de atacuri (ce nu-\u0219i aveau locul fiind total nefondate) venite din partea primarului Dominic Fritz pe teme din cele mai diverse. Totul ar fi pornit de la oferta CJT de a se implica \u00een renovarea a patru obiective ale municipalit\u0103\u021bii ce zac \u00eentr-o stare jalnic. Este vorba despre deja \u201ecelebrele\u201d \u0219tranduri \u201eTermal\u201d \u0219i \u201eUszoda\u201d dar \u0219i gr\u0103dina de var\u0103 a s\u0103lii Capitol plus Ceasul Floral. Acestea ar fi urmat s\u0103 treac\u0103 temporar \u00een custodia jude\u021bului pentru repara\u021bii. Muncipalitatea a declinat ajutorul \u0219i a prezentat situa\u021bia Muzeului de Art\u0103 \u0219i sediile Bibliotecii Jude\u021bene Timi\u0219 ca find obiectivele despre care CJT ar trebui s\u0103 se ocupe mai cur\u00e2nd dec\u00e2t de patrimoniul ora\u0219ului.<\/strong><\/p>\n<p>De aici a pornit un \u00eentreg val de acuze \u0219i vorbe deloc potrivite \u00eentre doou\u0103 institu\u021bii ce ar trebui s\u0103 conlucreze pentru binele locuitorilor jude\u021bului \u0219i al urbei. De\u0219i nu are obiceiul s\u0103 bage \u00een seam\u0103 acuza\u021biile nefondate, Alfred Simonis a \u021binut s\u0103 clarifice aceste aspecte aflate \u00een litigiu printr-o conferin\u021b\u0103 de pres\u0103 \u00een care a ar\u0103tat situa\u021bia din punctul s\u0103u de vedere.<br \/>\nSimonis nu a \u201eapreciat\u201d deloc acuzele \u0219i a venit cu argumente care s\u0103 combat\u0103 cele afirmate.<\/p>\n<div class=\"youtube-embed\" data-video_id=\"XCvydYQGSFQ\"><iframe loading=\"lazy\" title=\"Alfred Simonis demonteaz\u0103 acuza\u021biile lansate de edilul Fritz.\" width=\"696\" height=\"392\" src=\"https:\/\/www.youtube.com\/embed\/XCvydYQGSFQ?feature=oembed&amp;enablejsapi=1\" frameborder allow=\"accelerometer; autoplay; clipboard-write; encrypted-media; gyroscope; picture-in-picture; web-share\" referrerpolicy=\"strict-origin-when-cross-origin\" allowfullscreen><\/iframe><\/div>\n<p><em>\u201eA\u0219 \u00eencepe prin a v\u0103 spune \u0219i a v\u0103 reaminti faptul c\u0103 nu eu am fost cel care a \u00eenceput s\u0103 vorbeasc\u0103 despre problemele la celelalte institu\u021bii. Cei de la Prim\u0103ria Timi\u0219oara au \u00eenceput \u00een urm\u0103 cu mai multe luni de zile, \u00een atacuri succesive, s\u0103 discute despre anumite probleme, a\u0219a-zise probleme. \u00cen timp, aminti\u021bi-v\u0103 c\u0103 au spus c\u0103 vrem s\u0103 facem un proiect faraonic la Institutul Oncologic \u0219i c\u0103 nu avem bani \u0219i c\u0103 nu exist\u0103 finan\u021bare. Aminti\u021bi-v\u0103 c\u0103 au spus c\u0103 atunci c\u00e2nd am demonstrat c\u0103 avem finan\u021bare \u0219i c\u0103 avem \u0219i proiect c\u0103 accesului de duble, aminti\u021bi-v\u0103 c\u00e2nd spuneau c\u0103 promitem parteneriate prim\u0103riilor \u0219i c\u0103 n-avem bani s\u0103 le facem. Aminti\u021bi-v\u0103 c\u00e2nd spuneau c\u0103 n-avem bani de stadion \u0219i c\u0103 \u0219i stadionul e inutil. Ce \u00eencerc eu s\u0103 v\u0103 spun este c\u0103 aceste atacuri au venit succesiv, permanent, \u00een ultimele luni de zile, dinspre reprezentan\u021bi ai Prim\u0103riei municipiul Timi\u0219oara, f\u0103r\u0103 ca noi s\u0103 reac\u021bion\u0103m. Din p\u0103cate, \u00een ultimele 10 zile, atacurile au avut un ton diferit fa\u021b\u0103 de ce a fost p\u00e2n\u0103 acum\u201d,<\/em> a ar\u0103tat Simonis.<\/p>\n<p>Pre\u0219edintele a ar\u0103tat care e situa\u021bia de fapt a ambelor obiective despre care vorbea Fritz.<\/p>\n<p>\u00cent\u00e2i, Muzeul de Art\u0103.<br \/><em>\u201eUnul este Muzeul de Art\u0103, curtea interioar\u0103 a Muzeului de Art\u0103 din Pia\u021ba Unirii din Timi\u0219oara. V\u0103 vom prezenta imagini cu parte din studiul de fezabilitate care este gata pentru amenajarea cur\u021bii interioare \u0219i a \u00eentregii cl\u0103diri a Muzeului de Art\u0103 din Timi\u0219oara. Se lucreaz\u0103 la proiect \u0219i foarte probabil \u00een aceast\u0103 prim\u0103var\u0103 va fi gata. Noi facem reabilitarea \u00eentregii cl\u0103diri a Muzeului de Art\u0103, cred c\u0103 sub jum\u0103tate din suprafa\u021ba actualului muzeu este utilizabil\u0103, restul fiind \u00eentr-o stare avansat\u0103 degradare. Cel pu\u021bin mansarda, subsol \u0219i alte spa\u021bii. Avem \u00een vedere o investi\u021bie estimat\u0103 la 9 milioane de euro, care va sc\u0103dea dup\u0103 organizare licita\u021biei. Proiectul DALI este gata. Odat\u0103 ce proiectul va fi finalizat, \u00een prim\u0103vara aceasta vom depune pentru finan\u021bare pe ADR Vest \u0219i exist\u0103 axe de finan\u021bare de p\u00e2n\u0103 la 5 milioane de euro. Din cei nou\u0103 care estim\u0103m c\u0103 vor vor fi \u0219apte \u2013 opt milioane \u00een final, restul fiind din bugetul constitu\u021bia \u00een Timi\u0219\u201d,<\/em> a explicat pre\u0219edintele CJT.<\/p>\n<p>Totodat\u0103 a continuat argumenta\u021bia d\u00e2nsului aduc\u00e2nd \u0219i un repro\u0219 prim\u0103riei.<br \/><em><br \/>\n\u201eDac\u0103 to\u021bi suntem la partea de cultur\u0103, vreau s\u0103 v\u0103 spun c\u0103 noi am reu\u0219it s\u0103 ob\u021binem avizele de la institu\u021biile de cultur\u0103, c\u0103 vorbim de Direc\u021bia de Cultur\u0103 Timi\u0219, vorbim de Ministerul Culturii\u201d,<\/em> a mai ad\u0103ugat Simonis.<\/p>\n<p>A doua situa\u021bia adus\u0103 \u00een atacul de joi de c\u0103tre Dominic Fritz este legat de Biblioteca Jude\u021bean\u0103 a jude\u021bului Timi\u0219. Simonis spune c\u0103 institu\u021bia nu are sedii din afara Timi\u0219oarei, iar cele din Timi\u0219oara sunt, trei, \u00een spa\u021bii private, iar trei \u00een cele ale prim\u0103riei, care sunt un dezastru.<\/p>\n<p><em>\u201eVreau s\u0103 v\u0103 ar\u0103t imagini despre despre cum se lucreaz\u0103 \u00een acest moment la Biblioteca Jude\u021bean\u0103. Este un proiect finan\u021bat prin PNRR, un proiect la care exist\u0103 un progres de aproximativ 35%, deci \u0219i aici lucr\u0103m, avem constructori. Iat\u0103 imagini \u00een interiorul bibliotecii, lucr\u0103rile v\u0103 spuneam c\u0103 au un progres bun, suntem \u00een termen, avem toate premisele pentru a atrage bani europeni integral \u0219i acest obiectiv, care pe care se spunea c\u0103 e \u00een paragin\u0103. Iat\u0103 c\u0103 nu e \u00een paragin\u0103. Se lucreaz\u0103 cu autoriza\u021bie de construire emis\u0103 de Prim\u0103ria Timi\u0219oara. S-a mai vorbit \u0219i de Biblioteca Jude\u021bean\u0103 \u0219i de sediile din jude\u021b \u0219i din municipiul Timi\u0219oara. P\u0103i, dou\u0103, mari, corec\u021bii. Prima, \u00een jude\u021b nu exist\u0103 niciun sediu al Bibliotecii jude\u021bene. Exist\u0103, \u00een schimb, \u0219ase \u00een municipiul Timi\u0219oara avem \u0219ase sedii ale unor biblioteci jude\u021bene \u00een municipiu Timi\u0219oara. Trei dintre ele sunt \u00eenchiriate de la priva\u021bi. Dou\u0103 de la priva\u021bi, una de la FITT, la Casa Tineretului. Cele trei, care sunt de la priva\u021bi, au un aspect cel pu\u021bin rezonabil. Avem trei sedii \u00een municipiu Timi\u0219oara \u00eentr-un stadiu avansat de degradare. \u0218ti\u021bi cine este proprietarul sediilor care erau imputate Consiliu Jude\u021bean c\u0103 nu sunt reabilitate? Deci, Prim\u0103ria Timi\u0219oara ne spunea ieri c\u0103 ar trebui s\u0103 avem grij\u0103 de sediile administrate de Biblioteca Jude\u021bean\u0103 din municipiu Timi\u0219oara. Prim\u0103ria municipiului Timi\u0219oara este!<br \/>\nE ca \u00een Ca\u021bavencii, este de cascadori r\u00e2sului. Toate trei, care sunt \u00eentr-un stadiu avansat de de gradare, cum v\u0103 spuneau, sunt \u00een ale Prim\u0103riei Timi\u0219oara, iar noi func\u021bion\u0103m acolo \u00een baza contractelor de \u00eenchiriere, unele semnate de primarul municipiului Timi\u0219oara, cel care spunea ieri c\u0103 sunt sediile \u00een paragin\u0103. E adev\u0103rat, poate se implic\u0103 s\u0103 fac\u0103 ceva la ele\u201d, <\/em>a contracarat acuza\u021biile Simonis.<\/p>\n<\/div>\n<\/div>\n<p>[analyse_source url=&#8221;https:\/\/www.banatulazi.ro\/alfred-simonis-demonteaza-acuzatiile-lansate-de-edilul-fritz-muzeul-de-arta-beneficiaza-de-un-proiect-de-reabilitare-iar-sediile-degradate-ale-bibliotecii-judetene-sunt-ale-primariei-video\/&#8221;]<\/p>\n","protected":false},"excerpt":{"rendered":"<p>[analyse_image type=&#8221;featured&#8221; src=&#8221;https:\/\/www.banatulazi.ro\/wp-content\/uploads\/2026\/03\/Alfred-simonic-2.jpg&#8221;] Cu o zi \u00een urm\u0103 (joi 5 martie), pre\u0219edintele Consiliului Jude\u021bean Timi\u0219 a avut parte de un \u0219ir de repro\u0219uri \u0219i de atacuri (ce nu-\u0219i aveau locul fiind total nefondate) venite din partea primarului Dominic Fritz pe teme din cele mai diverse. Totul ar fi pornit de la oferta CJT de a [&hellip;]<\/p>\n","protected":false},"author":1,"featured_media":0,"comment_status":"open","ping_status":"","sticky":false,"template":"","format":"standard","meta":{"footnotes":""},"categories":[89],"tags":[185,226],"class_list":["post-1811956","post","type-post","status-publish","format-standard","hentry","category-romania","tag-banatulazi-ro","tag-crawlmanager"],"_links":{"self":[{"href":"https:\/\/analyse.optim.biz\/index.php?rest_route=\/wp\/v2\/posts\/1811956","targetHints":{"allow":["GET"]}}],"collection":[{"href":"https:\/\/analyse.optim.biz\/index.php?rest_route=\/wp\/v2\/posts"}],"about":[{"href":"https:\/\/analyse.optim.biz\/index.php?rest_route=\/wp\/v2\/types\/post"}],"author":[{"embeddable":true,"href":"https:\/\/analyse.optim.biz\/index.php?rest_route=\/wp\/v2\/users\/1"}],"replies":[{"embeddable":true,"href":"https:\/\/analyse.optim.biz\/index.php?rest_route=%2Fwp%2Fv2%2Fcomments&post=1811956"}],"version-history":[{"count":0,"href":"https:\/\/analyse.optim.biz\/index.php?rest_route=\/wp\/v2\/posts\/1811956\/revisions"}],"wp:attachment":[{"href":"https:\/\/analyse.optim.biz\/index.php?rest_route=%2Fwp%2Fv2%2Fmedia&parent=1811956"}],"wp:term":[{"taxonomy":"category","embeddable":true,"href":"https:\/\/analyse.optim.biz\/index.php?rest_route=%2Fwp%2Fv2%2Fcategories&post=1811956"},{"taxonomy":"post_tag","embeddable":true,"href":"https:\/\/analyse.optim.biz\/index.php?rest_route=%2Fwp%2Fv2%2Ftags&post=1811956"}],"curies":[{"name":"wp","href":"https:\/\/api.w.org\/{rel}","templated":true}]}}