{"id":1811724,"date":"2026-03-06T09:23:19","date_gmt":"2026-03-06T06:23:19","guid":{"rendered":"https:\/\/analyse.optim.biz\/?p=1811724"},"modified":"2026-03-06T09:23:19","modified_gmt":"2026-03-06T06:23:19","slug":"elevii-si-profesorii-de-la-petru-rares-au-aterizat-in-egipt-si-se-pregatesc-de-zborul-spre-bucuresti","status":"publish","type":"post","link":"https:\/\/analyse.optim.biz\/?p=1811724","title":{"rendered":"Elevii \u0219i profesorii de la \u201ePetru Rare\u0219\u201d au aterizat \u00een Egipt \u0219i se preg\u0103tesc de zborul spre Bucure\u0219ti &#8211;"},"content":{"rendered":"<p>[analyse_image type=&#8221;featured&#8221; src=&#8221;https:\/\/suceavalive.ro\/wp-content\/uploads\/2026\/03\/avion-5.jpghttps:\/\/suceavalive.ro\/wp-content\/uploads\/2026\/03\/avion-5.jpg&#8221;]<\/p>\n<article id=\"post-288559\" class=\"clearfix post-288559 post type-post status-publish format-standard has-post-thumbnail hentry category-slide category-categoria-social\">\n<header id=\"cb-standard-featured\">\n<div id=\"cb-fis-wrap\" class=\"cb-entry-header cb-fis cb-style-standard\"><span class=\"cb-title-fi\"><\/p>\n<h1 class=\"entry-title cb-entry-title cb-single-title\">Elevii \u0219i profesorii de la \u201ePetru Rare\u0219\u201d au aterizat \u00een Egipt \u0219i se preg\u0103tesc de zborul spre Bucure\u0219ti<\/h1>\n<div class=\"cb-byline cb-font-header\">\n<div class=\"cb-date cb-byline-element\"><time datetime=\"2026-03-06\">6 martie 2026<\/time><\/div>\n<\/div>\n<p><\/span><\/div>\n<\/header>\n<section class=\"cb-entry-content entry-content clearfix\">\n<p><span>Ve\u0219ti bune de la elevii \u0219i profesorii de la Colegiul Na\u021bional \u201ePetru Rare\u0219\u201d bloca\u021bi \u00een Dubai din cauza conflictului din Orientul Mijlociu. Inspectorul general al Inspectoratului \u0218colar Jude\u021bean Suceava, prof. Ciprian Anton, a transmis c\u0103 grupul de 21 de elevi \u0219i 4 profesori sunt \u00een drum spre Bucure\u0219ti. Ace\u0219tia au aterizat deja \u00een Egipt, iar dup\u0103 o pauz\u0103 de o or\u0103 vor lua un nou zbor care \u00eei va aduce \u00een capitala \u021b\u0103rii noastre.<\/span><\/p>\n<blockquote>\n<p><span><strong><em>\u201e\u00abAm aterizat \u00een Egipt acum. Facem o pauz\u0103 de o or\u0103 \u0219i apoi mai avem aproximativ 3 ore \u0219i 15 minute p\u00e2n\u0103 la Bucure\u0219ti\u00bb,\u00a0 acesta este ultimul mesaj pe care l-am primit \u00een aceast\u0103 diminea\u021b\u0103\u201d, a spus prof. Ciprian Anton.<\/em><\/strong><\/span><\/p>\n<\/blockquote>\n<\/section>\n<footer class=\"article-footer\">\n<div class=\"cb-social-sharing cb-post-footer-block cb-beside clearfix\">\n<div class=\"cb-title-subtle\">Share On:<\/div>\n<div class=\"cb-twitter\"><a href=\"https:\/\/twitter.com\/share\" class=\"twitter-share-button\" data-dnt=\"true\" data-count=\"horizontal\">Tweet<\/a><\/div>\n<\/div>\n<div id=\"cb-previous-next-links\" class=\"cb-post-footer-block clearfix\">\n<div id=\"cb-previous-link\"><a href=\"https:\/\/suceavalive.ro\/cetatea-1932-suceava-joaca-pe-areni-cu-viitorul-onesti\/\" rel=\"prev\">Cetatea 1932 Suceava joac\u0103 pe Areni cu Viitorul One\u0219ti<\/a><\/div>\n<div id=\"cb-next-link\"><a href=\"https:\/\/suceavalive.ro\/contrabanda-ingenioasa-la-frontiera-tigari-in-valoare-de-63-000-de-euro-ascunse-in-podeaua-unui-camion-cu-furaje-de-soia-vrac\/\" rel=\"next\">Contraband\u0103 ingenioas\u0103 la frontier\u0103: \u021big\u0103ri \u00een valoare de 63.000 de euro ascunse \u00een podeaua unui camion cu furaje de soia vrac<\/a><\/div>\n<\/div>\n<div id=\"cb-author-box\" class=\"clearfix\">\n<h3 class=\"cb-block-title\">Despre autor<\/h3>\n<div class=\"cb-meta\">\n<div class=\"cb-info\">\n<div class=\"cb-author-title vcard\"><a href=\"https:\/\/suceavalive.ro\/author\/suceavalive\/\"><span class=\"fn\">SuceavaLive<\/span><\/a><\/div>\n<\/div>\n<\/div>\n<\/div>\n<div id=\"cb-related-posts\" class=\"cb-related-posts-block cb-post-end-block clearfix\">\n<h3 class=\"cb-block-title\">Postari asemanatoare<\/h3>\n<ul>\n<li class=\"cb-style-overlay cb-grid-entry cb-related-post no-1\">\n<div class=\"cb-meta cb-article-meta\">\n<h4 class=\"h3 cb-post-title\"><a href=\"https:\/\/suceavalive.ro\/gheorghe-soldan-dupa-suspendarea-lui-rimbu-vom-reanaliza-mai-multe-lucruri-unul-dintre-ele-este-licitatia-pentru-locurile-de-parcare\/\">Gheorghe \u0218oldan, dup\u0103 suspendarea lui R\u00eembu: \u201eVom reanaliza mai multe lucruri. Unul dintre ele este licita\u021bia pentru locurile de parcare\u201d<\/a><\/h4>\n<div class=\"cb-byline cb-font-header\">\n<div class=\"cb-date cb-byline-element\"><time datetime=\"2026-03-06\">6 martie 2026<\/time><\/div>\n<\/div>\n<\/div>\n<\/li>\n<li class=\"cb-style-overlay cb-grid-entry cb-related-post no-2\">\n<div class=\"cb-meta cb-article-meta\">\n<h4 class=\"h3 cb-post-title\"><a href=\"https:\/\/suceavalive.ro\/vasile-rimbu-a-fost-suspendat-din-psd-suceava\/\">Vasile R\u00eembu a fost suspendat din PSD Suceava<\/a><\/h4>\n<div class=\"cb-byline cb-font-header\">\n<div class=\"cb-date cb-byline-element\"><time datetime=\"2026-03-06\">6 martie 2026<\/time><\/div>\n<\/div>\n<\/div>\n<\/li>\n<\/ul>\n<\/div>\n<\/footer>\n<div id=\"respond\" class=\"comment-respond\">\n<h3 id=\"reply-title\" class=\"comment-reply-title\">Lasa un raspuns <small><a rel=\"nofollow\" id=\"cancel-comment-reply-link\" href=\"https:\/\/suceavalive.ro\/elevii-si-profesorii-de-la-petru-rares-au-aterizat-in-egipt-si-se-pregatesc-de-zborul-spre-bucuresti\/?fbclid=IwY2xjawQYGYhleHRuA2FlbQIxMABicmlkETB0akhVSURLcGhLS1d4cko2c3J0YwZhcHBfaWQQMjIyMDM5MTc4ODIwMDg5MgABHqFq28hqES2eU-cle3e7Z08x8VJ5GIRfpxDniLTJCYufaky23GRnB32eU2nM_aem_sdbWrf1_bzqI8VWKGrayJA#respond\">Anuleaza raspunsul<\/a><\/small><\/h3>\n<p class=\"comment-notes\">Adresa ta de email nu va fi publicat\u0103.<\/p>\n<\/div>\n<\/article>\n<section class=\"cb-entry-content entry-content clearfix\">\n<p><span>Ve\u0219ti bune de la elevii \u0219i profesorii de la Colegiul Na\u021bional \u201ePetru Rare\u0219\u201d bloca\u021bi \u00een Dubai din cauza conflictului din Orientul Mijlociu. Inspectorul general al Inspectoratului \u0218colar Jude\u021bean Suceava, prof. Ciprian Anton, a transmis c\u0103 grupul de 21 de elevi \u0219i 4 profesori sunt \u00een drum spre Bucure\u0219ti. Ace\u0219tia au aterizat deja \u00een Egipt, iar dup\u0103 o pauz\u0103 de o or\u0103 vor lua un nou zbor care \u00eei va aduce \u00een capitala \u021b\u0103rii noastre.<\/span><\/p>\n<blockquote>\n<p><span><strong><em>\u201e\u00abAm aterizat \u00een Egipt acum. Facem o pauz\u0103 de o or\u0103 \u0219i apoi mai avem aproximativ 3 ore \u0219i 15 minute p\u00e2n\u0103 la Bucure\u0219ti\u00bb,\u00a0 acesta este ultimul mesaj pe care l-am primit \u00een aceast\u0103 diminea\u021b\u0103\u201d, a spus prof. Ciprian Anton.<\/em><\/strong><\/span><\/p>\n<\/blockquote>\n<\/section>\n<section class=\"cb-entry-content entry-content clearfix\">\n<p><span>Ve\u0219ti bune de la elevii \u0219i profesorii de la Colegiul Na\u021bional \u201ePetru Rare\u0219\u201d bloca\u021bi \u00een Dubai din cauza conflictului din Orientul Mijlociu. Inspectorul general al Inspectoratului \u0218colar Jude\u021bean Suceava, prof. Ciprian Anton, a transmis c\u0103 grupul de 21 de elevi \u0219i 4 profesori sunt \u00een drum spre Bucure\u0219ti. Ace\u0219tia au aterizat deja \u00een Egipt, iar dup\u0103 o pauz\u0103 de o or\u0103 vor lua un nou zbor care \u00eei va aduce \u00een capitala \u021b\u0103rii noastre.<\/span><\/p>\n<blockquote>\n<p><span><strong><em>\u201e\u00abAm aterizat \u00een Egipt acum. Facem o pauz\u0103 de o or\u0103 \u0219i apoi mai avem aproximativ 3 ore \u0219i 15 minute p\u00e2n\u0103 la Bucure\u0219ti\u00bb,\u00a0 acesta este ultimul mesaj pe care l-am primit \u00een aceast\u0103 diminea\u021b\u0103\u201d, a spus prof. Ciprian Anton.<\/em><\/strong><\/span><\/p>\n<\/blockquote>\n<\/section>\n<p>[analyse_source url=&#8221;https:\/\/suceavalive.ro\/elevii-si-profesorii-de-la-petru-rares-au-aterizat-in-egipt-si-se-pregatesc-de-zborul-spre-bucuresti\/&#8221;]<\/p>\n","protected":false},"excerpt":{"rendered":"<p>[analyse_image type=&#8221;featured&#8221; src=&#8221;https:\/\/suceavalive.ro\/wp-content\/uploads\/2026\/03\/avion-5.jpghttps:\/\/suceavalive.ro\/wp-content\/uploads\/2026\/03\/avion-5.jpg&#8221;] Elevii \u0219i profesorii de la \u201ePetru Rare\u0219\u201d au aterizat \u00een Egipt \u0219i se preg\u0103tesc de zborul spre Bucure\u0219ti 6 martie 2026 Ve\u0219ti bune de la elevii \u0219i profesorii de la Colegiul Na\u021bional \u201ePetru Rare\u0219\u201d bloca\u021bi \u00een Dubai din cauza conflictului din Orientul Mijlociu. Inspectorul general al Inspectoratului \u0218colar Jude\u021bean Suceava, prof. Ciprian [&hellip;]<\/p>\n","protected":false},"author":1,"featured_media":0,"comment_status":"open","ping_status":"","sticky":false,"template":"","format":"standard","meta":{"footnotes":""},"categories":[89],"tags":[226,173],"class_list":["post-1811724","post","type-post","status-publish","format-standard","hentry","category-romania","tag-crawlmanager","tag-suceavalive-ro"],"_links":{"self":[{"href":"https:\/\/analyse.optim.biz\/index.php?rest_route=\/wp\/v2\/posts\/1811724","targetHints":{"allow":["GET"]}}],"collection":[{"href":"https:\/\/analyse.optim.biz\/index.php?rest_route=\/wp\/v2\/posts"}],"about":[{"href":"https:\/\/analyse.optim.biz\/index.php?rest_route=\/wp\/v2\/types\/post"}],"author":[{"embeddable":true,"href":"https:\/\/analyse.optim.biz\/index.php?rest_route=\/wp\/v2\/users\/1"}],"replies":[{"embeddable":true,"href":"https:\/\/analyse.optim.biz\/index.php?rest_route=%2Fwp%2Fv2%2Fcomments&post=1811724"}],"version-history":[{"count":0,"href":"https:\/\/analyse.optim.biz\/index.php?rest_route=\/wp\/v2\/posts\/1811724\/revisions"}],"wp:attachment":[{"href":"https:\/\/analyse.optim.biz\/index.php?rest_route=%2Fwp%2Fv2%2Fmedia&parent=1811724"}],"wp:term":[{"taxonomy":"category","embeddable":true,"href":"https:\/\/analyse.optim.biz\/index.php?rest_route=%2Fwp%2Fv2%2Fcategories&post=1811724"},{"taxonomy":"post_tag","embeddable":true,"href":"https:\/\/analyse.optim.biz\/index.php?rest_route=%2Fwp%2Fv2%2Ftags&post=1811724"}],"curies":[{"name":"wp","href":"https:\/\/api.w.org\/{rel}","templated":true}]}}