{"id":1811715,"date":"2026-03-06T06:46:13","date_gmt":"2026-03-06T03:46:13","guid":{"rendered":"https:\/\/analyse.optim.biz\/?p=1811715"},"modified":"2026-03-06T06:46:13","modified_gmt":"2026-03-06T03:46:13","slug":"prima-reactie-a-lui-cosmin-olaroiu-dupa-ce-i-a-lasat-fara-cuvinte-pe-elevii-din-suceava-blocati-la-dubai","status":"publish","type":"post","link":"https:\/\/analyse.optim.biz\/?p=1811715","title":{"rendered":"Prima reac\u021bie a lui Cosmin Ol\u0103roiu, dup\u0103 ce i-a l\u0103sat f\u0103r\u0103 cuvinte pe elevii din Suceava bloca\u021bi la Dubai &#8211;"},"content":{"rendered":"<p>[analyse_image type=&#8221;featured&#8221; src=&#8221;https:\/\/suceavalive.ro\/wp-content\/uploads\/2026\/03\/cosmin-olaroiu3.jpghttps:\/\/suceavalive.ro\/wp-content\/uploads\/2026\/03\/cosmin-olaroiu3.jpg&#8221;]<\/p>\n<article id=\"post-288542\" class=\"clearfix post-288542 post type-post status-publish format-standard has-post-thumbnail hentry category-slide category-categoria-social\">\n<header id=\"cb-standard-featured\">\n<div id=\"cb-fis-wrap\" class=\"cb-entry-header cb-fis cb-style-standard\"><span class=\"cb-title-fi\"><\/p>\n<h1 class=\"entry-title cb-entry-title cb-single-title\">Prima reac\u021bie a lui Cosmin Ol\u0103roiu, dup\u0103 ce i-a l\u0103sat f\u0103r\u0103 cuvinte pe elevii din Suceava bloca\u021bi la Dubai<\/h1>\n<div class=\"cb-byline cb-font-header\">\n<div class=\"cb-date cb-byline-element\"><time datetime=\"2026-03-06\">6 martie 2026<\/time><\/div>\n<\/div>\n<p><\/span><\/div>\n<\/header>\n<section class=\"cb-entry-content entry-content clearfix\">\n<p><span><strong>Tensiunile din Orientul Mijlociu<\/strong>\u00a0au ajuns \u0219i \u00een<strong>\u00a0Emiratele Arabe Unite<\/strong>, iar ecoul bombardamentelor iraniene, ca ripost\u0103 la\u00a0<strong>atacurile lansate de Israel \u0219i Statele Unite ale Americii<\/strong>, s-a sim\u021bit inclusiv \u00een\u00a0<strong>Dubai<\/strong>.<\/span><\/p>\n<p><span>Vineri diminea\u021b\u0103 ajunge la Bucure\u0219ti primul zbor de repatriere, organizat de autorit\u0103\u021bile rom\u00e2ne, dar finan\u021bat \u00een mare parte cu bani europeni.<\/span><\/p>\n<h2><span>Cosmin Ol\u0103roiu, despre rom\u00e2nii bloca\u021bi \u00een Dubai: \u201e<strong>B\u0103iatul meu mi-a spus. V\u0103zuse la \u0219tiri c\u0103 un grup de elevi a avut probleme<\/strong>\u201e<\/span><\/h2>\n<p><span>Cursa vine din Oman \u0219i aduce acas\u0103 copiii r\u0103ma\u0219i bloca\u021bi \u00een Dubai \u00een ultimele zile. Printre ei, \u0219i grupul de elevi \u0219i profesori ajuta\u021bi de\u00a0<strong>Cosmin Ol\u0103roiu<\/strong>, actualul selec\u021bioner al Emiratelor Arabe Unite, informeaz\u0103\u00a0<a href=\"https:\/\/tvrinfo.ro\/elevi-blocati-in-dubai-ajutati-de-cosmin-olaroiu-sunt-niste-copii-totusi-intr-o-tara-straina-ma-bucur-ca-sunt-bine\/\" target=\"_blank\" rel=\"noopener\" data-skip-linkfix=\"1\">TVR<\/a>.<\/span><\/p>\n<p><span>Antrenorul\u00a0<strong>le-a oferit cazare \u0219i mas\u0103<\/strong>\u00a0elevilor \u0219i profesorilor de la Colegiul Na\u021bional \u201ePetru Rare\u0219\u201d din Suceava, iar acum a vorbit despre aceast\u0103 situa\u021bie.<\/span><\/p>\n<p><span><strong>\u201eB\u0103iatul meu mi-a spus. V\u0103zuse la \u0219tiri c\u0103 un grup de elevi a avut probleme. Am luat leg\u0103tura cu domnul consul, \u0219tia de acel grup, \u0219i am mers \u00eempreun\u0103 cu el la ei \u0219i am rezolvat ce era de rezolvat. M\u0103 bucur c\u0103 sunt bine\u201d<\/strong>, a povestit Cosmin Ol\u0103roiu, pentru sursa citat\u0103.<\/span><\/p>\n<p><span>Elevii \u0219i profesorii lor au reu\u0219it s\u0103 plece cu autocarul spre Oman. De acolo, un avion \u00eei aduce acas\u0103.<\/span><\/p>\n<p><span><strong>\u201eSunt ni\u0219te copii, totu\u0219i, \u00eentr-o \u021bar\u0103 str\u0103in\u0103. Familiile sunt \u00een Rom\u00e2nia, urm\u0103resc la \u0219tiri, nu \u0219tiu ce se \u00eent\u00e2mpl\u0103, v\u0103 da\u021bi seama ce emo\u021bii, ce stare proast\u0103 po\u021bi s\u0103 ai. \u00cen ultimul timp situa\u021bia e OK. Este lini\u0219te \u0219i cred c\u0103 u\u0219or-u\u0219or se reia cursul normal al vie\u021bii.\u201d<\/strong>, a mai afirmat Ol\u0103roiu.<\/span><\/p>\n<p><span>\u201eOli\u201d se afl\u0103 la Dubai, ora\u0219ul care i-a devenit \u201da doua cas\u0103\u201d.<\/span><\/p>\n<p><span>De\u0219i ar fi putut reveni \u00een Rom\u00e2nia la \u00eenceputul contextului tensionat din regiune, tehnicianul a ales s\u0103 r\u0103m\u00e2n\u0103 al\u0103turi de familia sa \u0219i de echipa na\u021bional\u0103 a Emiratelor Arabe Unite.<\/span><\/p>\n<h2><span>Cosmin Ol\u0103roiu, legend\u0103 \u00een Emiratele Arabe Unite<\/span><\/h2>\n<p><span>Plecat din Rom\u00e2nia \u00een 2007, dup\u0103 desp\u0103r\u021birea de gruparea \u201dro\u0219-albastr\u0103\u201d, Cosmin Ol\u0103roiu a semnat cu Al-Hilal.<\/span><\/p>\n<p><span>\u00cen Emirate, rom\u00e2nul a scris istorie pe banca unor cluburi precum Al-Ain, Shabab, Al-Ahli \u0219i Sharjah, \u0219i a cucerit nu mai pu\u021bin de 16 trofee.<\/span><\/p>\n<p><span>Performan\u021bele ob\u021binute l-au transformat pe \u201eOli\u201d \u00een cel mai de succes antrenor din istoria fotbalului intern din Emiratele Arabe Unite.<\/span><\/p>\n<p><span>Rezultatele excelente la nivel de club i-au adus, anul trecut, \u0219i postul de selec\u021bioner al na\u021bionalei EAU, relateaz\u0103 <a href=\"https:\/\/www.digisport.ro\/special\/prima-reactie-a-lui-cosmin-olaroiu-dupa-ce-i-a-lasat-fara-cuvinte-pe-romanii-din-suceava-blocati-la-dubai-4122897?fbclid=IwY2xjawQXVjhleHRuA2FlbQIxMABicmlkETBjMnRmM0hTZkVJR1JCVWtkc3J0YwZhcHBfaWQQMjIyMDM5MTc4ODIwMDg5MgABHiXOzfDD3iL4HmfZ4uilpP6hwve5c7OTfn8qjz-KHUzbzBMHREuTcSZ92xaV_aem_1yIPYt7lFjbdJ7yEDJb5XQ\" target=\"_blank\" rel=\"noopener\">digisport.ro<\/a>.<\/span><\/p>\n<\/section>\n<footer class=\"article-footer\">\n<div class=\"cb-social-sharing cb-post-footer-block cb-beside clearfix\">\n<div class=\"cb-title-subtle\">Share On:<\/div>\n<div class=\"cb-twitter\"><a href=\"https:\/\/twitter.com\/share\" class=\"twitter-share-button\" data-dnt=\"true\" data-count=\"horizontal\">Tweet<\/a><\/div>\n<\/div>\n<div id=\"cb-previous-next-links\" class=\"cb-post-footer-block clearfix\">\n<div id=\"cb-previous-link\"><a href=\"https:\/\/suceavalive.ro\/cum-va-fi-vremea-in-perioada-9-martie-6-aprilie\/\" rel=\"prev\">Cum va fi vremea \u00een perioada 9 martie-6 aprilie<\/a><\/div>\n<div id=\"cb-next-link\"><a href=\"https:\/\/suceavalive.ro\/caramida-aparenta-alba-in-suceava-de-la-sbl-group-eleganta-si-durabilitate-pentru-fatade-moderne\/\" rel=\"next\">C\u0103r\u0103mid\u0103 aparent\u0103 alb\u0103 \u00een Suceava de la SBL Group: elegan\u021b\u0103 \u0219i durabilitate pentru fa\u021bade moderne<\/a><\/div>\n<\/div>\n<div id=\"cb-author-box\" class=\"clearfix\">\n<h3 class=\"cb-block-title\">Despre autor<\/h3>\n<div class=\"cb-meta\">\n<div class=\"cb-info\">\n<div class=\"cb-author-title vcard\"><a href=\"https:\/\/suceavalive.ro\/author\/suceavalive\/\"><span class=\"fn\">SuceavaLive<\/span><\/a><\/div>\n<\/div>\n<\/div>\n<\/div>\n<div id=\"cb-related-posts\" class=\"cb-related-posts-block cb-post-end-block clearfix\">\n<h3 class=\"cb-block-title\">Postari asemanatoare<\/h3>\n<ul>\n<li class=\"cb-style-overlay cb-grid-entry cb-related-post no-1\">\n<div class=\"cb-meta cb-article-meta\">\n<h4 class=\"h3 cb-post-title\"><a href=\"https:\/\/suceavalive.ro\/gheorghe-soldan-dupa-suspendarea-lui-rimbu-vom-reanaliza-mai-multe-lucruri-unul-dintre-ele-este-licitatia-pentru-locurile-de-parcare\/\">Gheorghe \u0218oldan, dup\u0103 suspendarea lui R\u00eembu: \u201eVom reanaliza mai multe lucruri. Unul dintre ele este licita\u021bia pentru locurile de parcare\u201d<\/a><\/h4>\n<div class=\"cb-byline cb-font-header\">\n<div class=\"cb-date cb-byline-element\"><time datetime=\"2026-03-06\">6 martie 2026<\/time><\/div>\n<\/div>\n<\/div>\n<\/li>\n<li class=\"cb-style-overlay cb-grid-entry cb-related-post no-2\">\n<div class=\"cb-meta cb-article-meta\">\n<h4 class=\"h3 cb-post-title\"><a href=\"https:\/\/suceavalive.ro\/vasile-rimbu-a-fost-suspendat-din-psd-suceava\/\">Vasile R\u00eembu a fost suspendat din PSD Suceava<\/a><\/h4>\n<div class=\"cb-byline cb-font-header\">\n<div class=\"cb-date cb-byline-element\"><time datetime=\"2026-03-06\">6 martie 2026<\/time><\/div>\n<\/div>\n<\/div>\n<\/li>\n<\/ul>\n<\/div>\n<\/footer>\n<div id=\"respond\" class=\"comment-respond\">\n<h3 id=\"reply-title\" class=\"comment-reply-title\">Lasa un raspuns <small><a rel=\"nofollow\" id=\"cancel-comment-reply-link\" href=\"https:\/\/suceavalive.ro\/prima-reactie-a-lui-cosmin-olaroiu-dupa-ce-i-a-lasat-fara-cuvinte-pe-elevii-din-suceava-blocati-la-dubai\/#respond\">Anuleaza raspunsul<\/a><\/small><\/h3>\n<p class=\"comment-notes\">Adresa ta de email nu va fi publicat\u0103.<\/p>\n<\/div>\n<\/article>\n<section class=\"cb-entry-content entry-content clearfix\">\n<p><span><strong>Tensiunile din Orientul Mijlociu<\/strong>\u00a0au ajuns \u0219i \u00een<strong>\u00a0Emiratele Arabe Unite<\/strong>, iar ecoul bombardamentelor iraniene, ca ripost\u0103 la\u00a0<strong>atacurile lansate de Israel \u0219i Statele Unite ale Americii<\/strong>, s-a sim\u021bit inclusiv \u00een\u00a0<strong>Dubai<\/strong>.<\/span><\/p>\n<p><span>Vineri diminea\u021b\u0103 ajunge la Bucure\u0219ti primul zbor de repatriere, organizat de autorit\u0103\u021bile rom\u00e2ne, dar finan\u021bat \u00een mare parte cu bani europeni.<\/span><\/p>\n<h2><span>Cosmin Ol\u0103roiu, despre rom\u00e2nii bloca\u021bi \u00een Dubai: \u201e<strong>B\u0103iatul meu mi-a spus. V\u0103zuse la \u0219tiri c\u0103 un grup de elevi a avut probleme<\/strong>\u201e<\/span><\/h2>\n<p><span>Cursa vine din Oman \u0219i aduce acas\u0103 copiii r\u0103ma\u0219i bloca\u021bi \u00een Dubai \u00een ultimele zile. Printre ei, \u0219i grupul de elevi \u0219i profesori ajuta\u021bi de\u00a0<strong>Cosmin Ol\u0103roiu<\/strong>, actualul selec\u021bioner al Emiratelor Arabe Unite, informeaz\u0103\u00a0<a href=\"https:\/\/tvrinfo.ro\/elevi-blocati-in-dubai-ajutati-de-cosmin-olaroiu-sunt-niste-copii-totusi-intr-o-tara-straina-ma-bucur-ca-sunt-bine\/\" target=\"_blank\" rel=\"noopener\" data-skip-linkfix=\"1\">TVR<\/a>.<\/span><\/p>\n<p><span>Antrenorul\u00a0<strong>le-a oferit cazare \u0219i mas\u0103<\/strong>\u00a0elevilor \u0219i profesorilor de la Colegiul Na\u021bional \u201ePetru Rare\u0219\u201d din Suceava, iar acum a vorbit despre aceast\u0103 situa\u021bie.<\/span><\/p>\n<p><span><strong>\u201eB\u0103iatul meu mi-a spus. V\u0103zuse la \u0219tiri c\u0103 un grup de elevi a avut probleme. Am luat leg\u0103tura cu domnul consul, \u0219tia de acel grup, \u0219i am mers \u00eempreun\u0103 cu el la ei \u0219i am rezolvat ce era de rezolvat. M\u0103 bucur c\u0103 sunt bine\u201d<\/strong>, a povestit Cosmin Ol\u0103roiu, pentru sursa citat\u0103.<\/span><\/p>\n<p><span>Elevii \u0219i profesorii lor au reu\u0219it s\u0103 plece cu autocarul spre Oman. De acolo, un avion \u00eei aduce acas\u0103.<\/span><\/p>\n<p><span><strong>\u201eSunt ni\u0219te copii, totu\u0219i, \u00eentr-o \u021bar\u0103 str\u0103in\u0103. Familiile sunt \u00een Rom\u00e2nia, urm\u0103resc la \u0219tiri, nu \u0219tiu ce se \u00eent\u00e2mpl\u0103, v\u0103 da\u021bi seama ce emo\u021bii, ce stare proast\u0103 po\u021bi s\u0103 ai. \u00cen ultimul timp situa\u021bia e OK. Este lini\u0219te \u0219i cred c\u0103 u\u0219or-u\u0219or se reia cursul normal al vie\u021bii.\u201d<\/strong>, a mai afirmat Ol\u0103roiu.<\/span><\/p>\n<p><span>\u201eOli\u201d se afl\u0103 la Dubai, ora\u0219ul care i-a devenit \u201da doua cas\u0103\u201d.<\/span><\/p>\n<p><span>De\u0219i ar fi putut reveni \u00een Rom\u00e2nia la \u00eenceputul contextului tensionat din regiune, tehnicianul a ales s\u0103 r\u0103m\u00e2n\u0103 al\u0103turi de familia sa \u0219i de echipa na\u021bional\u0103 a Emiratelor Arabe Unite.<\/span><\/p>\n<h2><span>Cosmin Ol\u0103roiu, legend\u0103 \u00een Emiratele Arabe Unite<\/span><\/h2>\n<p><span>Plecat din Rom\u00e2nia \u00een 2007, dup\u0103 desp\u0103r\u021birea de gruparea \u201dro\u0219-albastr\u0103\u201d, Cosmin Ol\u0103roiu a semnat cu Al-Hilal.<\/span><\/p>\n<p><span>\u00cen Emirate, rom\u00e2nul a scris istorie pe banca unor cluburi precum Al-Ain, Shabab, Al-Ahli \u0219i Sharjah, \u0219i a cucerit nu mai pu\u021bin de 16 trofee.<\/span><\/p>\n<p><span>Performan\u021bele ob\u021binute l-au transformat pe \u201eOli\u201d \u00een cel mai de succes antrenor din istoria fotbalului intern din Emiratele Arabe Unite.<\/span><\/p>\n<p><span>Rezultatele excelente la nivel de club i-au adus, anul trecut, \u0219i postul de selec\u021bioner al na\u021bionalei EAU, relateaz\u0103 <a href=\"https:\/\/www.digisport.ro\/special\/prima-reactie-a-lui-cosmin-olaroiu-dupa-ce-i-a-lasat-fara-cuvinte-pe-romanii-din-suceava-blocati-la-dubai-4122897?fbclid=IwY2xjawQXVjhleHRuA2FlbQIxMABicmlkETBjMnRmM0hTZkVJR1JCVWtkc3J0YwZhcHBfaWQQMjIyMDM5MTc4ODIwMDg5MgABHiXOzfDD3iL4HmfZ4uilpP6hwve5c7OTfn8qjz-KHUzbzBMHREuTcSZ92xaV_aem_1yIPYt7lFjbdJ7yEDJb5XQ\" target=\"_blank\" rel=\"noopener\">digisport.ro<\/a>.<\/span><\/p>\n<\/section>\n<section class=\"cb-entry-content entry-content clearfix\">\n<p><span><strong>Tensiunile din Orientul Mijlociu<\/strong>\u00a0au ajuns \u0219i \u00een<strong>\u00a0Emiratele Arabe Unite<\/strong>, iar ecoul bombardamentelor iraniene, ca ripost\u0103 la\u00a0<strong>atacurile lansate de Israel \u0219i Statele Unite ale Americii<\/strong>, s-a sim\u021bit inclusiv \u00een\u00a0<strong>Dubai<\/strong>.<\/span><\/p>\n<p><span>Vineri diminea\u021b\u0103 ajunge la Bucure\u0219ti primul zbor de repatriere, organizat de autorit\u0103\u021bile rom\u00e2ne, dar finan\u021bat \u00een mare parte cu bani europeni.<\/span><\/p>\n<h2><span>Cosmin Ol\u0103roiu, despre rom\u00e2nii bloca\u021bi \u00een Dubai: \u201e<strong>B\u0103iatul meu mi-a spus. V\u0103zuse la \u0219tiri c\u0103 un grup de elevi a avut probleme<\/strong>\u201e<\/span><\/h2>\n<p><span>Cursa vine din Oman \u0219i aduce acas\u0103 copiii r\u0103ma\u0219i bloca\u021bi \u00een Dubai \u00een ultimele zile. Printre ei, \u0219i grupul de elevi \u0219i profesori ajuta\u021bi de\u00a0<strong>Cosmin Ol\u0103roiu<\/strong>, actualul selec\u021bioner al Emiratelor Arabe Unite, informeaz\u0103\u00a0<a href=\"https:\/\/tvrinfo.ro\/elevi-blocati-in-dubai-ajutati-de-cosmin-olaroiu-sunt-niste-copii-totusi-intr-o-tara-straina-ma-bucur-ca-sunt-bine\/\" target=\"_blank\" rel=\"noopener\" data-skip-linkfix=\"1\">TVR<\/a>.<\/span><\/p>\n<p><span>Antrenorul\u00a0<strong>le-a oferit cazare \u0219i mas\u0103<\/strong>\u00a0elevilor \u0219i profesorilor de la Colegiul Na\u021bional \u201ePetru Rare\u0219\u201d din Suceava, iar acum a vorbit despre aceast\u0103 situa\u021bie.<\/span><\/p>\n<p><span><strong>\u201eB\u0103iatul meu mi-a spus. V\u0103zuse la \u0219tiri c\u0103 un grup de elevi a avut probleme. Am luat leg\u0103tura cu domnul consul, \u0219tia de acel grup, \u0219i am mers \u00eempreun\u0103 cu el la ei \u0219i am rezolvat ce era de rezolvat. M\u0103 bucur c\u0103 sunt bine\u201d<\/strong>, a povestit Cosmin Ol\u0103roiu, pentru sursa citat\u0103.<\/span><\/p>\n<p><span>Elevii \u0219i profesorii lor au reu\u0219it s\u0103 plece cu autocarul spre Oman. De acolo, un avion \u00eei aduce acas\u0103.<\/span><\/p>\n<p><span><strong>\u201eSunt ni\u0219te copii, totu\u0219i, \u00eentr-o \u021bar\u0103 str\u0103in\u0103. Familiile sunt \u00een Rom\u00e2nia, urm\u0103resc la \u0219tiri, nu \u0219tiu ce se \u00eent\u00e2mpl\u0103, v\u0103 da\u021bi seama ce emo\u021bii, ce stare proast\u0103 po\u021bi s\u0103 ai. \u00cen ultimul timp situa\u021bia e OK. Este lini\u0219te \u0219i cred c\u0103 u\u0219or-u\u0219or se reia cursul normal al vie\u021bii.\u201d<\/strong>, a mai afirmat Ol\u0103roiu.<\/span><\/p>\n<p><span>\u201eOli\u201d se afl\u0103 la Dubai, ora\u0219ul care i-a devenit \u201da doua cas\u0103\u201d.<\/span><\/p>\n<p><span>De\u0219i ar fi putut reveni \u00een Rom\u00e2nia la \u00eenceputul contextului tensionat din regiune, tehnicianul a ales s\u0103 r\u0103m\u00e2n\u0103 al\u0103turi de familia sa \u0219i de echipa na\u021bional\u0103 a Emiratelor Arabe Unite.<\/span><\/p>\n<h2><span>Cosmin Ol\u0103roiu, legend\u0103 \u00een Emiratele Arabe Unite<\/span><\/h2>\n<p><span>Plecat din Rom\u00e2nia \u00een 2007, dup\u0103 desp\u0103r\u021birea de gruparea \u201dro\u0219-albastr\u0103\u201d, Cosmin Ol\u0103roiu a semnat cu Al-Hilal.<\/span><\/p>\n<p><span>\u00cen Emirate, rom\u00e2nul a scris istorie pe banca unor cluburi precum Al-Ain, Shabab, Al-Ahli \u0219i Sharjah, \u0219i a cucerit nu mai pu\u021bin de 16 trofee.<\/span><\/p>\n<p><span>Performan\u021bele ob\u021binute l-au transformat pe \u201eOli\u201d \u00een cel mai de succes antrenor din istoria fotbalului intern din Emiratele Arabe Unite.<\/span><\/p>\n<p><span>Rezultatele excelente la nivel de club i-au adus, anul trecut, \u0219i postul de selec\u021bioner al na\u021bionalei EAU, relateaz\u0103 <a href=\"https:\/\/www.digisport.ro\/special\/prima-reactie-a-lui-cosmin-olaroiu-dupa-ce-i-a-lasat-fara-cuvinte-pe-romanii-din-suceava-blocati-la-dubai-4122897?fbclid=IwY2xjawQXVjhleHRuA2FlbQIxMABicmlkETBjMnRmM0hTZkVJR1JCVWtkc3J0YwZhcHBfaWQQMjIyMDM5MTc4ODIwMDg5MgABHiXOzfDD3iL4HmfZ4uilpP6hwve5c7OTfn8qjz-KHUzbzBMHREuTcSZ92xaV_aem_1yIPYt7lFjbdJ7yEDJb5XQ\" target=\"_blank\" rel=\"noopener\">digisport.ro<\/a>.<\/span><\/p>\n<\/section>\n<p>[analyse_source url=&#8221;https:\/\/suceavalive.ro\/prima-reactie-a-lui-cosmin-olaroiu-dupa-ce-i-a-lasat-fara-cuvinte-pe-elevii-din-suceava-blocati-la-dubai\/&#8221;]<\/p>\n","protected":false},"excerpt":{"rendered":"<p>[analyse_image type=&#8221;featured&#8221; src=&#8221;https:\/\/suceavalive.ro\/wp-content\/uploads\/2026\/03\/cosmin-olaroiu3.jpghttps:\/\/suceavalive.ro\/wp-content\/uploads\/2026\/03\/cosmin-olaroiu3.jpg&#8221;] Prima reac\u021bie a lui Cosmin Ol\u0103roiu, dup\u0103 ce i-a l\u0103sat f\u0103r\u0103 cuvinte pe elevii din Suceava bloca\u021bi la Dubai 6 martie 2026 Tensiunile din Orientul Mijlociu\u00a0au ajuns \u0219i \u00een\u00a0Emiratele Arabe Unite, iar ecoul bombardamentelor iraniene, ca ripost\u0103 la\u00a0atacurile lansate de Israel \u0219i Statele Unite ale Americii, s-a sim\u021bit inclusiv \u00een\u00a0Dubai. Vineri diminea\u021b\u0103 [&hellip;]<\/p>\n","protected":false},"author":1,"featured_media":0,"comment_status":"open","ping_status":"","sticky":false,"template":"","format":"standard","meta":{"footnotes":""},"categories":[89],"tags":[226,173],"class_list":["post-1811715","post","type-post","status-publish","format-standard","hentry","category-romania","tag-crawlmanager","tag-suceavalive-ro"],"_links":{"self":[{"href":"https:\/\/analyse.optim.biz\/index.php?rest_route=\/wp\/v2\/posts\/1811715","targetHints":{"allow":["GET"]}}],"collection":[{"href":"https:\/\/analyse.optim.biz\/index.php?rest_route=\/wp\/v2\/posts"}],"about":[{"href":"https:\/\/analyse.optim.biz\/index.php?rest_route=\/wp\/v2\/types\/post"}],"author":[{"embeddable":true,"href":"https:\/\/analyse.optim.biz\/index.php?rest_route=\/wp\/v2\/users\/1"}],"replies":[{"embeddable":true,"href":"https:\/\/analyse.optim.biz\/index.php?rest_route=%2Fwp%2Fv2%2Fcomments&post=1811715"}],"version-history":[{"count":0,"href":"https:\/\/analyse.optim.biz\/index.php?rest_route=\/wp\/v2\/posts\/1811715\/revisions"}],"wp:attachment":[{"href":"https:\/\/analyse.optim.biz\/index.php?rest_route=%2Fwp%2Fv2%2Fmedia&parent=1811715"}],"wp:term":[{"taxonomy":"category","embeddable":true,"href":"https:\/\/analyse.optim.biz\/index.php?rest_route=%2Fwp%2Fv2%2Fcategories&post=1811715"},{"taxonomy":"post_tag","embeddable":true,"href":"https:\/\/analyse.optim.biz\/index.php?rest_route=%2Fwp%2Fv2%2Ftags&post=1811715"}],"curies":[{"name":"wp","href":"https:\/\/api.w.org\/{rel}","templated":true}]}}