{"id":1811459,"date":"2026-03-06T14:13:10","date_gmt":"2026-03-06T11:13:10","guid":{"rendered":"https:\/\/analyse.optim.biz\/?p=1811459"},"modified":"2026-03-06T14:13:10","modified_gmt":"2026-03-06T11:13:10","slug":"targ-apicol-international-de-primavara-langa-timisoara","status":"publish","type":"post","link":"https:\/\/analyse.optim.biz\/?p=1811459","title":{"rendered":"T\u00e2rg Apicol Interna\u021bional de Prim\u0103var\u0103 l\u00e2ng\u0103 Timi\u0219oara"},"content":{"rendered":"<p>[analyse_image type=&#8221;featured&#8221; src=&#8221;https:\/\/www.opiniatimisoarei.ro\/wp-content\/uploads\/2026\/03\/grafica-Targul-Apicol-International-Ghiroda-728&#215;336.jpghttps:\/\/www.opiniatimisoarei.ro\/wp-content\/uploads\/2026\/03\/grafica-Targul-Apicol-International-Ghiroda.jpg&#8221;]<\/p>\n<div class=\"the_content\">\n<p>Peste 100 de expozan\u021bi din patru \u021b\u0103ri \u0219i mii de vizitatori sunt a\u0219tepta\u021bi la T\u00e2rgul Apicol Interna\u021bional de Prim\u0103var\u0103 de la Ghiroda, un eveniment care transform\u0103, pentru dou\u0103 zile, comuna timi\u0219ean\u0103 \u00een capitala mierii \u0219i a iubitorilor de albine.<\/p>\n<p>Asocia\u021bia Visit Timi\u0219 va fi prezent\u0103 cu un stand infoturistic, unde vizitatorii vor putea afla informa\u021bii despre atrac\u021biile \u0219i itinerariile turistice din jude\u021bul Timi\u0219, precum \u0219i despre proiectele de promovare a regiunii ca destina\u021bie gastronomic\u0103 european\u0103.<\/p>\n<p>\u00cen perioada 7\u20138 martie 2026, comuna Ghiroda, jude\u021bul Timi\u0219, g\u0103zduie\u0219te edi\u021bia a XV-a a T\u00e2rgului Apicol Interna\u021bional de Prim\u0103var\u0103, un eveniment de referin\u021b\u0103 pentru apicultori, produc\u0103tori \u0219i iubitori ai produselor apicole. Manifestarea va avea loc \u00een zona C\u0103minului Cultural Ghiroda \u0219i va reuni peste 100 de expozan\u021bi din Rom\u00e2nia, Serbia, Croa\u021bia \u0219i Ungaria.<\/p>\n<p>Evenimentul face parte din seria de ac\u021biuni care promoveaz\u0103 candidatura Banatului la titlul de Regiune Gastronomic\u0103 European\u0103 2028, un proiect ini\u021biat de Consiliul Jude\u021bean Timi\u0219 \u0219i implementat de Visit Timi\u0219, al\u0103turi de partenerii din consor\u021biu: IGCAT, HORETIM, Universitatea de \u0218tiin\u021bele Vie\u021bii \u201eRegele Mihai I\u201d din Timi\u0219oara, Produs \u00een Banat, GAL Colinele Reca\u0219, Asocia\u021bia My Banat, Degustaria, CRIES \u2013 Centrul de Resurse pentru Ini\u021biative Etice &amp; Solidare, The Village \u0219i Asocia\u021bia GIDE.<\/p>\n<p>T\u00e2rgul este organizat de Prim\u0103ria Comunei Ghiroda \u0219i Asocia\u021bia Cresc\u0103torilor de Albine din Rom\u00e2nia, \u00een colaborare cu Asocia\u021bia Cresc\u0103torilor de Albine din Timi\u0219oara.<\/p>\n<p><span><strong>Programul evenimentului<\/strong><\/span><\/p>\n<p>S\u00e2mb\u0103t\u0103, 7 martie 2026<\/p>\n<ul>\n<li>10:00 \u2013 Deschiderea oficial\u0103 \u00een curtea Casei de Cultur\u0103 Ghiroda, urmat\u0103 de un moment artistic sus\u021binut de ansamblurile folclorice \u201eCununa Timi\u0219ului\u201d \u0219i \u201eDatina\u201d<\/li>\n<li>11:00 \u2013 Conferin\u021b\u0103 sus\u021binut\u0103 de Ioan Fetea, pre\u0219edintele Asocia\u021biei Cresc\u0103torilor de Albine din Rom\u00e2nia \u2013 \u201eApicultura \u00een Rom\u00e2nia \u2013 prezent \u0219i viitor\u201d<\/li>\n<li>12:00 \u2013 Conferin\u021b\u0103 sus\u021binut\u0103 de Goran Stanojevic \u2013 \u201eRecoltarea \u0219i utilizarea veninului de albine\u201d<\/li>\n<\/ul>\n<p>Duminic\u0103, 8 martie 2026<\/p>\n<ul>\n<li>10:00 \u2013 Conferin\u021b\u0103 sus\u021binut\u0103 de Savo Tadic \u2013 \u201eSelec\u021bia \u0219i cre\u0219terea m\u0103tcilor\u201d<\/li>\n<li>12:00 \u2013 Conferin\u021b\u0103 sus\u021binut\u0103 de Levente Weis \u2013 \u201eMetode moderne de combatere a varozei la albine\u201d<\/li>\n<\/ul>\n<p>Produse apicole \u0219i demonstra\u021bii pentru speciali\u0219ti \u0219i publicul larg<\/p>\n<p>Evenimentul este deschis produc\u0103torilor, comercian\u021bilor de produse apicole, cercet\u0103torilor, produc\u0103torilor de utilaje \u0219i accesorii pentru apicultur\u0103, dar \u0219i publicului larg interesat de produsele naturale ale stupului.<\/p>\n<p>Vizitatorii vor putea descoperi \u0219i achizi\u021biona o gam\u0103 variat\u0103 de produse \u0219i echipamente:<\/p>\n<ul>\n<li>miere \u0219i produse apicole (propolis, polen, l\u0103pti\u0219or de matc\u0103, cear\u0103)<\/li>\n<li>faguri artificiali, stupi, unelte \u0219i echipamente apicole<\/li>\n<li>hran\u0103, medicamente \u0219i biostimulatori pentru albine<\/li>\n<li>ambalaje \u0219i produse cosmetice pe baz\u0103 de miere<\/li>\n<li>dulciuri \u0219i produse tradi\u021bionale, de la acadele \u00een form\u0103 de faguri, la turt\u0103 dulce cu miere sau faguri naturali.<\/li>\n<\/ul>\n<p>Produsele apicole sunt apreciate \u00eenc\u0103 din cele mai vechi timpuri pentru gustul lor deosebit \u0219i propriet\u0103\u021bile terapeutice. Pe l\u00e2ng\u0103 miere, polenul, propolisul, l\u0103pti\u0219orul de matc\u0103 \u0219i chiar veninul de albine sunt recunoscute pentru beneficiile lor asupra s\u0103n\u0103t\u0103\u021bii.<\/p>\n<p>Organizatorii estimeaz\u0103 c\u0103 num\u0103rul vizitatorilor va dep\u0103\u0219i 5.000 de persoane pe durata celor dou\u0103 zile de eveniment.<\/p>\n<p>Profit\u0103 de un weekend minunat de prim\u0103var\u0103 \u0219i vino la Ghiroda s\u0103 descoperi universul mierii \u0219i al apicultorilor. Intrarea este liber\u0103<\/p>\n<p>Pentru a r\u0103m\u00e2ne la curent cu ultimele nout\u0103\u021bi din domeniul turistic \u0219i cultural din jude\u021bul Timi\u0219, ne pute\u021bi urm\u0103ri pe paginile noastre de social media:<\/p>\n<p>Facebook: @Visit Timi\u0219<\/p>\n<p>Facebook: @Banat \u2013 Regiune Gastronomic\u0103 European\u0103<\/p>\n<p>Instagram: @visit.timis<\/p>\n<\/div>\n<p>[analyse_source url=&#8221;https:\/\/www.opiniatimisoarei.ro\/targ-apicol-international-de-primavara-langa-timisoara\/06\/03\/2026&#8243;]<\/p>\n","protected":false},"excerpt":{"rendered":"<p>[analyse_image type=&#8221;featured&#8221; src=&#8221;https:\/\/www.opiniatimisoarei.ro\/wp-content\/uploads\/2026\/03\/grafica-Targul-Apicol-International-Ghiroda-728&#215;336.jpghttps:\/\/www.opiniatimisoarei.ro\/wp-content\/uploads\/2026\/03\/grafica-Targul-Apicol-International-Ghiroda.jpg&#8221;] Peste 100 de expozan\u021bi din patru \u021b\u0103ri \u0219i mii de vizitatori sunt a\u0219tepta\u021bi la T\u00e2rgul Apicol Interna\u021bional de Prim\u0103var\u0103 de la Ghiroda, un eveniment care transform\u0103, pentru dou\u0103 zile, comuna timi\u0219ean\u0103 \u00een capitala mierii \u0219i a iubitorilor de albine. Asocia\u021bia Visit Timi\u0219 va fi prezent\u0103 cu un stand infoturistic, unde vizitatorii vor [&hellip;]<\/p>\n","protected":false},"author":1,"featured_media":0,"comment_status":"open","ping_status":"","sticky":false,"template":"","format":"standard","meta":{"footnotes":""},"categories":[89],"tags":[226,190],"class_list":["post-1811459","post","type-post","status-publish","format-standard","hentry","category-romania","tag-crawlmanager","tag-opiniatimisoarei-ro"],"_links":{"self":[{"href":"https:\/\/analyse.optim.biz\/index.php?rest_route=\/wp\/v2\/posts\/1811459","targetHints":{"allow":["GET"]}}],"collection":[{"href":"https:\/\/analyse.optim.biz\/index.php?rest_route=\/wp\/v2\/posts"}],"about":[{"href":"https:\/\/analyse.optim.biz\/index.php?rest_route=\/wp\/v2\/types\/post"}],"author":[{"embeddable":true,"href":"https:\/\/analyse.optim.biz\/index.php?rest_route=\/wp\/v2\/users\/1"}],"replies":[{"embeddable":true,"href":"https:\/\/analyse.optim.biz\/index.php?rest_route=%2Fwp%2Fv2%2Fcomments&post=1811459"}],"version-history":[{"count":0,"href":"https:\/\/analyse.optim.biz\/index.php?rest_route=\/wp\/v2\/posts\/1811459\/revisions"}],"wp:attachment":[{"href":"https:\/\/analyse.optim.biz\/index.php?rest_route=%2Fwp%2Fv2%2Fmedia&parent=1811459"}],"wp:term":[{"taxonomy":"category","embeddable":true,"href":"https:\/\/analyse.optim.biz\/index.php?rest_route=%2Fwp%2Fv2%2Fcategories&post=1811459"},{"taxonomy":"post_tag","embeddable":true,"href":"https:\/\/analyse.optim.biz\/index.php?rest_route=%2Fwp%2Fv2%2Ftags&post=1811459"}],"curies":[{"name":"wp","href":"https:\/\/api.w.org\/{rel}","templated":true}]}}