{"id":1811213,"date":"2026-03-06T00:00:00","date_gmt":"2026-03-05T21:00:00","guid":{"rendered":"https:\/\/analyse.optim.biz\/?p=1811213"},"modified":"2026-03-06T00:00:00","modified_gmt":"2026-03-05T21:00:00","slug":"porsche-911-dakar-la-prochaine-generation-bientot-hybride","status":"publish","type":"post","link":"https:\/\/analyse.optim.biz\/?p=1811213","title":{"rendered":"Porsche 911 Dakar\u00a0: la prochaine g\u00e9n\u00e9ration bient\u00f4t hybride\u00a0?"},"content":{"rendered":"<div id=\"brxe-lipmib\" class=\"brxe-post-content\">\n<p><strong>Rep\u00e9r\u00e9e lors d\u2019essais hivernaux, la future Porsche 911 Dakar d\u00e9barque avec plusieurs nouveaut\u00e9s esth\u00e9tiques\u2026 et peut-\u00eatre m\u00eame une motorisation hybride.<\/strong><\/p>\n<h2>Une Porsche 992 Dakar phase 2\u00a0surprise<\/h2>\n<p>Lorsque nous recevons les clich\u00e9s de nos photographes espions, nous sommes habitu\u00e9s \u00e0\u00a0voir les nouvelles g\u00e9n\u00e9rations de 911, de Cayenne ou encore des futurs mod\u00e8les \u00e9lectriques de Porsche. Mais voir ce qui s\u2019apparente \u00e0\u00a0la phase 2\u00a0de la 911 Dakar nous a\u00a0agr\u00e9ablement surpris\u00a0!<br \/>\nComme les derni\u00e8res photos des futurs mod\u00e8les de la gamme Porsche que nous vous avons partag\u00e9es en exclusivit\u00e9, cette 992.2 Dakar a\u00a0\u00e9t\u00e9 immortalis\u00e9e dans la neige. Conditions id\u00e9ales pour le d\u00e9veloppement d\u2019une Dakar, le blanc de la neige contraste avec le noir de la carrosserie et permet ainsi de nous laisser voir plusieurs modifications par rapport \u00e0\u00a0la phase 1.<\/p>\n<p><img loading=\"lazy\" decoding=\"async\" class=\"alignnone wp-image-56281\" src=\"https:\/\/www.flat6mag.com\/wp-content\/uploads\/2026\/03\/25-300x200.png\" alt=\"992.2 Dakar\" width=\"1053\" height=\"702\"><\/p>\n<h2>Les \u00e9volutions discr\u00e8tes de la Dakar<\/h2>\n<p>Parmi les premiers \u00e9l\u00e9ments qui nous sautent aux yeux, Porsche a\u00a0greff\u00e9 deux feux teint\u00e9s sur le capot. Mais ne vous attendez pas \u00e0\u00a0les revoir sur la version de production, car ces phares servent uniquement aux tests en conditions extr\u00eames\u2026 En revanche, pour accentuer la polyvalence de la future version de cette Dakar, la garde au sol de la voiture a\u00a0\u00e9t\u00e9 augment\u00e9e.<br \/>\n\u00c0\u00a0l\u2019avant, aucun grand changement n\u2019est pour l\u2019heure visible. Notez toutefois la pr\u00e9sence des clignotants directement int\u00e9gr\u00e9s dans les optiques avant \u00e0\u00a0l\u2019image des 992 phase 2. En supposant que cette Dakar soit bas\u00e9e sur l\u2019actuelle 992 Carrera 4\u00a0GTS, nous devrions normalement voir \u00e0\u00a0l\u2019avant, les fameux volets actifs d\u00e9j\u00e0 aper\u00e7us sur la version camoufl\u00e9e du prochain <a href=\"https:\/\/www.flat6mag.com\/actualite\/porsche-992-2-gt3-rs-cayman-et-boxster-quelles-motorisations-a-venir\/\">Cayman<\/a>, et sur le <a href=\"https:\/\/www.flat6mag.com\/actualite\/porsche-presente-le-nouveau-cayenne-electric-et-turbo-electric\/\">Cayenne Electric<\/a>, dernier n\u00e9 de la gamme. Or, ce n\u2019est pas le cas et cette absence d\u2019\u00e9l\u00e9ments a\u00e9rodynamiques laisse \u00e0\u00a0penser que Porsche se donne le temps d\u2019apporter les modifications n\u00e9cessaires pour mettre \u00e0\u00a0jour et distinguer la future phase 2\u00a0de la Dakar.<\/p>\n<p>Pour ce qui est de l\u2019arri\u00e8re, cette Porsche 911 Dakar laisse entrevoir quelques nouveaut\u00e9s int\u00e9ressantes. Exit l\u2019aileron fixe, la marque allemande fait le choix d\u2019int\u00e9grer \u00e0\u00a0la place, sa d\u00e9clinaison amovible que l\u2019on retrouve sur la 992.2 Carrera 2. Et dans le m\u00eame esprit, la double sortie d\u2019\u00e9chappement lat\u00e9rale laisse maintenant place \u00e0\u00a0un double \u00e9chappement central et un diffuseur retravaill\u00e9.<\/p>\n<p><img loading=\"lazy\" decoding=\"async\" class=\"alignnone wp-image-56282\" src=\"https:\/\/www.flat6mag.com\/wp-content\/uploads\/2026\/03\/992.2-dakar-300x200.png\" alt=\"992.2 dakar\" width=\"1106\" height=\"737\"><\/p>\n<h2>Vers une motorisation hybride de la Dakar\u00a0?<\/h2>\n<p>C\u00f4t\u00e9 motorisation, et si vous avez bien suivi, il est possible que cette <a href=\"https:\/\/www.flat6mag.com\/actualite\/porsche-arrete-la-production-de-la-911-992-dakar\/\">Dakar<\/a> soit \u00eatre bas\u00e9e sur l\u2019actuelle Porsche 992 Carrera 4\u00a0GTS \u00e9quip\u00e9e de la motorisation T-Hybrid.<br \/>\nAlors allons-nous assister \u00e0\u00a0la naissance de la nouvelle g\u00e9n\u00e9ration de la plus baroudeuse des 911 en version hybride\u00a0? Rien n\u2019est impossible\u2026 Mais un d\u00e9tail reste \u00e0\u00a0souligner\u00a0! \u00a0Sur les photos dont nous disposons, aucun autocollant jaune (normalement pr\u00e9sent sur les v\u00e9hicules hybrides de chez Porsche) n\u2019est visible. Alors 100% thermique ou hybride\u00a0? Nous vous tiendrons inform\u00e9s d\u00e8s que nous aurons plus d\u2019informations. Restez connect\u00e9s\u00a0!<\/p>\n<p><img loading=\"lazy\" decoding=\"async\" class=\"alignnone wp-image-56283\" src=\"https:\/\/www.flat6mag.com\/wp-content\/uploads\/2026\/03\/992.2-dakar--300x200.png\" alt=\"992.2 dakar \" width=\"1104\" height=\"736\"><\/p>\n<div align=\"center\"><button style=\"background-color: transparent;border: 3px solid #000;border-radius: 0.6em;color: #000;cursor: pointer;align-self: center;line-height: 1;margin: 20px;padding: 1.2em 2.8em;text-decoration: none;text-align: center;text-transform: uppercase;font-weight: bold\"><a href=\"https:\/\/www.flat6mag.com\/pages\/abonnements.html\">Soyez les premiers \u00e0 tout savoir sur la Porsche et abonnez-vous \u00e0 Flat 6 Magazine\u00a0!<\/a><\/button><\/div>\n<div align=\"center\">Cr\u00e9dit Photo\u00a0: DR<\/div>\n<\/div>\n","protected":false},"excerpt":{"rendered":"<p>Rep\u00e9r\u00e9e lors d\u2019essais hivernaux, la future Porsche 911 Dakar d\u00e9barque avec plusieurs nouveaut\u00e9s esth\u00e9tiques\u2026 et peut-\u00eatre m\u00eame une motorisation hybride. Une Porsche 992 Dakar phase 2\u00a0surprise Lorsque nous recevons les clich\u00e9s de nos photographes espions, nous sommes habitu\u00e9s \u00e0\u00a0voir les nouvelles g\u00e9n\u00e9rations de 911, de Cayenne ou encore des futurs mod\u00e8les \u00e9lectriques de Porsche. Mais [&hellip;]<\/p>\n","protected":false},"author":1,"featured_media":0,"comment_status":"open","ping_status":"","sticky":false,"template":"","format":"standard","meta":{"footnotes":""},"categories":[1],"tags":[226,273],"class_list":["post-1811213","post","type-post","status-publish","format-standard","hentry","category-uncategorized","tag-crawlmanager","tag-flat6mag-com"],"_links":{"self":[{"href":"https:\/\/analyse.optim.biz\/index.php?rest_route=\/wp\/v2\/posts\/1811213","targetHints":{"allow":["GET"]}}],"collection":[{"href":"https:\/\/analyse.optim.biz\/index.php?rest_route=\/wp\/v2\/posts"}],"about":[{"href":"https:\/\/analyse.optim.biz\/index.php?rest_route=\/wp\/v2\/types\/post"}],"author":[{"embeddable":true,"href":"https:\/\/analyse.optim.biz\/index.php?rest_route=\/wp\/v2\/users\/1"}],"replies":[{"embeddable":true,"href":"https:\/\/analyse.optim.biz\/index.php?rest_route=%2Fwp%2Fv2%2Fcomments&post=1811213"}],"version-history":[{"count":0,"href":"https:\/\/analyse.optim.biz\/index.php?rest_route=\/wp\/v2\/posts\/1811213\/revisions"}],"wp:attachment":[{"href":"https:\/\/analyse.optim.biz\/index.php?rest_route=%2Fwp%2Fv2%2Fmedia&parent=1811213"}],"wp:term":[{"taxonomy":"category","embeddable":true,"href":"https:\/\/analyse.optim.biz\/index.php?rest_route=%2Fwp%2Fv2%2Fcategories&post=1811213"},{"taxonomy":"post_tag","embeddable":true,"href":"https:\/\/analyse.optim.biz\/index.php?rest_route=%2Fwp%2Fv2%2Ftags&post=1811213"}],"curies":[{"name":"wp","href":"https:\/\/api.w.org\/{rel}","templated":true}]}}