{"id":1811168,"date":"2026-03-06T11:31:27","date_gmt":"2026-03-06T08:31:27","guid":{"rendered":"https:\/\/analyse.optim.biz\/?p=1811168"},"modified":"2026-03-06T11:31:27","modified_gmt":"2026-03-06T08:31:27","slug":"ce-cred-timisorenii-despre-starea-lor-de-sanatate","status":"publish","type":"post","link":"https:\/\/analyse.optim.biz\/?p=1811168","title":{"rendered":"Ce cred timi\u0219orenii despre starea lor de s\u0103n\u0103tate?"},"content":{"rendered":"<p>[analyse_image type=&#8221;featured&#8221; src=&#8221;https:\/\/www.banatulazi.ro\/wp-content\/uploads\/2026\/03\/Captura-de-ecran_6-3-2026_13297_.jpeg&#8221;]<\/p>\n<div class=\"td_block_wrap tdb_single_content tdi_64 td-pb-border-top td_block_template_1 td-post-content tagdiv-type\" data-td-block-uid=\"tdi_64\">\n<div class=\"tdb-block-inner td-fix-index\">\n<p>Joi a fost lansat \u00een cadrul Universit\u0103\u021bii de vest barometrul \u201eStarea s\u0103n\u0103t\u0103\u021bii \u00een Timi\u0219oara\u201d, realizat \u00een parteneriat cu Prim\u0103ria Municipiului Timi\u0219oara. Lucrarea sociologic\u0103 face o sec\u021bione prin percep\u021bia locuitorilor asupra propriei st\u0103ri de s\u0103n\u0103tate \u0219i modul \u00een care ace\u0219tia utilizeaz\u0103 serviciile medicale din ora\u0219. <\/p>\n<p>Un procent de 82,8% dintre timi\u0219oreni se declar\u0103 mul\u021bumi\u021bi de starea lor de s\u0103n\u0103tate. Dar tot aceste cifre atent interpretate arat\u0103 diferen\u021be \u00een func\u021bie de v\u00e2rst\u0103, nivel de educa\u021bie \u0219i posibilit\u0103\u021bile materiale. <\/p>\n<p>Astfel tineretul \u0219i persoanele cu studii superioare cred adeseori c\u0103 nu au probleme de s\u0103n\u0103tate, \u00een timp ce persoanele cu v\u00e2rsta peste 54 de ani \u0219i cele cu venituri mai mici spun mai des c\u0103 urmeaz\u0103 tratamente sau c\u0103 se confrunt\u0103 cu probleme de s\u0103n\u0103tate. <\/p>\n<p>Raportul arat\u0103 c\u0103 primul pas pe care \u00eel fac timi\u0219orenii atunci c\u00e2nd au nevoie de servicii medicale este contactarea medicului de familie, op\u021biune indicat\u0103 de 54,3% dintre responden\u021bi, \u00een timp ce 20,5% se adreseaz\u0103 direct unei clinici private. <\/p>\n<p>Persoanele cu v\u00e2rste \u00eentre 25 \u0219i 54 de ani, cu studii superioare \u0219i venituri mai ridicate, merg cel mai des la medic pentru controale de rutin\u0103, \u00een timp ce v\u00e2rstnicii merg mai ales pentru prelungirea unui tratament, iar tinerii ajung la medic, de regul\u0103, doar atunci c\u00e2nd se simt r\u0103u.<\/p>\n<p> \u00cen alegerea unui serviciu medical, timi\u0219orenii indic\u0103 drept criterii principale profesionalismul personalului medical \u0219i dot\u0103rile sau condi\u021biile de tratament. \u00cen cazul unei probleme medicale, majoritatea responden\u021bilor spun c\u0103 prima op\u021biune este sistemul public de s\u0103n\u0103tate din Timi\u0219oara, urmat de serviciile private. <\/p>\n<p> Barometrul a fost realizat \u00een perioada iunie \u2013 noiembrie 2025, pe un e\u0219antion de 2.511 persoane cu v\u00e2rsta de peste 18 ani din Timi\u0219oara, din 36 de cartiere ale ora\u0219ului, prin interviuri fa\u021b\u0103 \u00een fa\u021b\u0103 \u0219i chestionare online, marja de eroare fiind de aproximativ 2%.<\/p>\n<\/div>\n<\/div>\n<p>[analyse_source url=&#8221;https:\/\/www.banatulazi.ro\/ce-cred-timisorenii-despre-starea-lor-de-sanatate\/&#8221;]<\/p>\n","protected":false},"excerpt":{"rendered":"<p>[analyse_image type=&#8221;featured&#8221; src=&#8221;https:\/\/www.banatulazi.ro\/wp-content\/uploads\/2026\/03\/Captura-de-ecran_6-3-2026_13297_.jpeg&#8221;] Joi a fost lansat \u00een cadrul Universit\u0103\u021bii de vest barometrul \u201eStarea s\u0103n\u0103t\u0103\u021bii \u00een Timi\u0219oara\u201d, realizat \u00een parteneriat cu Prim\u0103ria Municipiului Timi\u0219oara. Lucrarea sociologic\u0103 face o sec\u021bione prin percep\u021bia locuitorilor asupra propriei st\u0103ri de s\u0103n\u0103tate \u0219i modul \u00een care ace\u0219tia utilizeaz\u0103 serviciile medicale din ora\u0219. Un procent de 82,8% dintre timi\u0219oreni se declar\u0103 [&hellip;]<\/p>\n","protected":false},"author":1,"featured_media":0,"comment_status":"open","ping_status":"","sticky":false,"template":"","format":"standard","meta":{"footnotes":""},"categories":[89],"tags":[185,226],"class_list":["post-1811168","post","type-post","status-publish","format-standard","hentry","category-romania","tag-banatulazi-ro","tag-crawlmanager"],"_links":{"self":[{"href":"https:\/\/analyse.optim.biz\/index.php?rest_route=\/wp\/v2\/posts\/1811168","targetHints":{"allow":["GET"]}}],"collection":[{"href":"https:\/\/analyse.optim.biz\/index.php?rest_route=\/wp\/v2\/posts"}],"about":[{"href":"https:\/\/analyse.optim.biz\/index.php?rest_route=\/wp\/v2\/types\/post"}],"author":[{"embeddable":true,"href":"https:\/\/analyse.optim.biz\/index.php?rest_route=\/wp\/v2\/users\/1"}],"replies":[{"embeddable":true,"href":"https:\/\/analyse.optim.biz\/index.php?rest_route=%2Fwp%2Fv2%2Fcomments&post=1811168"}],"version-history":[{"count":0,"href":"https:\/\/analyse.optim.biz\/index.php?rest_route=\/wp\/v2\/posts\/1811168\/revisions"}],"wp:attachment":[{"href":"https:\/\/analyse.optim.biz\/index.php?rest_route=%2Fwp%2Fv2%2Fmedia&parent=1811168"}],"wp:term":[{"taxonomy":"category","embeddable":true,"href":"https:\/\/analyse.optim.biz\/index.php?rest_route=%2Fwp%2Fv2%2Fcategories&post=1811168"},{"taxonomy":"post_tag","embeddable":true,"href":"https:\/\/analyse.optim.biz\/index.php?rest_route=%2Fwp%2Fv2%2Ftags&post=1811168"}],"curies":[{"name":"wp","href":"https:\/\/api.w.org\/{rel}","templated":true}]}}