{"id":1810911,"date":"2026-03-06T12:32:05","date_gmt":"2026-03-06T09:32:05","guid":{"rendered":"https:\/\/analyse.optim.biz\/?p=1810911"},"modified":"2026-03-06T12:32:05","modified_gmt":"2026-03-06T09:32:05","slug":"e-de-cascadorii-rasului-alfred-simonis-sediile-bibliotecii-judetene-in-paragina-pe-care-dominic-fritz-ne-trimite-sa-le-reparam-sunt-proprietatea-primariei-timisoara","status":"publish","type":"post","link":"https:\/\/analyse.optim.biz\/?p=1810911","title":{"rendered":"E de Cascadorii R\u00e2sului! Alfred Simonis: Sediile Bibliotecii Jude\u021bene \u00een paragin\u0103, pe care Dominic Fritz ne trimite s\u0103 le repar\u0103m, sunt proprietatea Prim\u0103riei Timi\u0219oara"},"content":{"rendered":"<p>[analyse_image type=&#8221;featured&#8221; src=&#8221;https:\/\/www.opiniatimisoarei.ro\/wp-content\/uploads\/2026\/03\/sediu-biblioteca-paragina-2-728&#215;336.jpghttps:\/\/www.opiniatimisoarei.ro\/wp-content\/uploads\/2026\/03\/sediu-biblioteca-paragina-2.jpg&#8221;]<\/p>\n<div class=\"the_content\">\n<p><strong>TIMI\u0218OARA<\/strong>. Pre\u0219edintele Consiliului Jude\u021bean Timi\u0219, Alfred Simonis, a reac\u021bionat la repro\u0219urile f\u0103cute de primarul Timi\u0219oarei Dominic Fritz care, joi i-a transmis public c\u0103 nu-i \u00eencredin\u021beaz\u0103 cele 4 obiective din ora\u0219 pe care ar fi vrut s\u0103 le reabiliteze, Ceasul Floral, \u0218trandul Termal, Baza Uszoda \u0219i Gr\u0103dina de Var\u0103.<\/p>\n<p>Dominic Fritz \u00eei spunea ironic c\u0103 CJT ar trebui mai \u00eent\u00e2i s\u0103 se uite \u00een propria ograd\u0103 \u0219i s\u0103-\u0219i renoveze sediile Bibliotecii Jude\u021bene ori curtea interioar\u0103 a Muzeului de Art\u0103 (Palatul Baroc), \u00eenainte s\u0103 se preocupe de construc\u021bii l\u0103sate de izbeli\u0219te de municipalitate.<\/p>\n<p><strong><span>CITE\u0218TE \u0218I:<\/span><a href=\"https:\/\/www.opiniatimisoarei.ro\/dominic-fritz-il-face-batman-administrativ-pe-alfred-simonis-anunta-ca-nu-i-da-sa-repare-ceasul-floral-strandul-termal-baza-uszoda-si-gradina-de-vara-chiar-daca-primaria-timisoara-nu-le-reabil\/05\/03\/2026\">Dominic Fritz \u00eel face \u2018Batman administrativ\u2019 pe Alfred Simonis. Anun\u021b\u0103 c\u0103 nu-i d\u0103 s\u0103 repare Ceasul Floral, \u0218trandul Termal, Baza Uszoda \u0219i Gr\u0103dina de Var\u0103, chiar dac\u0103 Prim\u0103ria Timi\u0219oara nu le reabiliteaz\u0103 prea cur\u00e2nd<\/a><\/strong><\/p>\n<p>Vineri Alfred Simonis a dezv\u0103luit c\u0103 sediile bibliotecii despre care vorbea Dominic Fritz sunt proprietatea Prim\u0103riei Timi\u0219oara, care sunt \u00eenchiriate de Consiliul Jude\u021bean.<\/p>\n<p>C\u00e2t prive\u0219te reabilitarea Muzeului de Art\u0103, adic\u0103 Palatul Baroc din Pia\u021ba Unirii, la care iar\u0103\u0219i f\u0103cea referire primarul, primele documenta\u021bii sunt gata, proiectul de renovare e mult mai amplu \u0219i se preg\u0103te\u0219te ob\u021binerea finan\u021b\u0103rii din fonduri europene.<\/p>\n<p><a href=\"https:\/\/www.opiniatimisoarei.ro\/wp-content\/uploads\/2026\/03\/palatul-baroc-randari.jpg\"><img loading=\"lazy\" decoding=\"async\" class=\"aligncenter size-full wp-image-872908\" src=\"https:\/\/www.opiniatimisoarei.ro\/wp-content\/uploads\/2026\/03\/palatul-baroc-randari.jpg\" alt=\"\" width=\"1104\" height=\"562\"><\/a><\/p>\n<p>\u201c<strong>V\u0103 da\u021bi seama, dup\u0103 ce am cerut cele patru obiective de la Prim\u0103ria Timi\u0219oara, au stat colegii de la prim\u0103rie \u0219i s-au tot g\u00e2ndit ce s\u0103 impute, ce obiective s\u0103 g\u0103seasc\u0103, care \u021bin de Consiliul Judetean Timi\u0219 \u0219i care sunt \u00een degradare, precum USODA, Termal, Ceasul Floral sau Cinematograful de Var\u0103.<\/strong><\/p>\n<p><strong>Astfel \u00eenc\u00e2t s\u0103 ne repro\u0219eze \u0219i ei. \u0218i au g\u0103sit dou\u0103. Unul dintre ele\u2026 Citez \u201cobiective de care Consiliul Judetean nu se ocup\u0103. Consiliul s\u0103-\u0219i fac\u0103 mai \u00eent\u00e2i ordine \u00een ograda proprie, dup\u0103 care s\u0103 vorbeasc\u0103 de probleme prim\u0103riei\u201d.<\/strong><\/p>\n<p><strong>P\u0103i, unul este Muzeul de Art\u0103. Curtea interioar\u0103 a Muzeului de Art\u0103 din Pia\u021ba Unirii din Timi\u0219oara. V\u0103 vom prezenta imagini cu parte din studiul care este gata, pentru amenajarea cur\u021bii interioare \u0219i a \u00eentregii cl\u0103diri a Muzerului de Art\u0103 din Timi\u0219oara. Se lucreaz\u0103 la proiect\u2026 Noi facem reabilitarea \u00eentregii cl\u0103diri a Muzeului de Art\u0103. Cred c\u0103 sub jum\u0103tate din suprafa\u021ba actualului muzeu este utilizabil\u0103, restul fiind \u00eentr-o stare avansat\u0103 de degradare, cel pu\u021bin mansarda, subsolul \u0219i alte spa\u021bii. Avem o investi\u021bie estimat\u0103 la 9 milioane de euro, care va sc\u0103dea dup\u0103 organizarea licita\u021biei, cu siguran\u021b\u0103. \u00cen prim\u0103vara aceasta, vom depune pentru finan\u021bare pe ADR Vest \u0219i exist\u0103 axele de finan\u021bare de p\u00e2n\u0103 la 5 milioane de euro din cele 9 milioane, care estim\u0103m c\u0103 vor fi 7,5-8, \u00een final, restul fiind din bugetul judetului.<\/strong><\/p>\n<p><strong>Deci, obiectivul pe care prim\u0103ria l-a g\u0103sit \u00een paragin\u0103, \u00een administrarea CJT, este un obiectiv la care avem DALI, la care lucr\u0103m la proiect, la care \u00een dou\u0103 luni ob\u021binem finan\u021barea \u0219i anul acesta vom scoate la licita\u021bie reabilitarea, \u0219i a cur\u021bii interioare \u0219i a tuturor spa\u021biilor care nu sunt utilizate \u00een acest moment, spa\u021bii expozi\u021bionale \u0219i alte spa\u021bii din Muzeul de Art\u0103<\/strong>\u201c, a spus Alfred Simonis, pre\u0219edintele Consiliului Jude\u021bean Timi\u0219.<\/p>\n<h2><span><strong>Simonis: E de Cascadorii R\u00e2sului! Sediile \u00een paragin\u0103 \u00een care stau c\u0103r\u021bile Bibliotecii Jude\u021bene Timi\u0219 sunt \u00eenchiriate de la Prim\u0103ria Timi\u0219oara<\/strong><\/span><\/h2>\n<p>Liderul CJT crede c\u0103 primarul Dominic Fritz fie nu e informat corect, fie sabotat de subalterni, dup\u0103 ce joi edilul i-a transmis lui Alfred Simonis s\u0103 se preocupe de sediile Bibliotecii Jude\u021bene care stau s\u0103 cad\u0103.<\/p>\n<p>Acestea sunt chiar proprietatea Prim\u0103riei Timi\u0219oara la care Consiliul Jude\u021bean Timi\u0219 pl\u0103te\u0219te chirie s\u0103 \u021bin\u0103 c\u0103r\u021bile p\u00e2n\u0103 c\u00e2nd se vor finaliza lucr\u0103rile de la sediul central al Bibliotecii, din Pia\u021ba Libert\u0103\u021bii, \u0219i va muta o bun\u0103 parte dintre ele.<\/p>\n<p><a href=\"https:\/\/www.opiniatimisoarei.ro\/wp-content\/uploads\/2026\/03\/sediu-biblioteca-paragina.jpg\"><img loading=\"lazy\" decoding=\"async\" class=\"aligncenter size-full wp-image-872906\" src=\"https:\/\/www.opiniatimisoarei.ro\/wp-content\/uploads\/2026\/03\/sediu-biblioteca-paragina.jpg\" alt=\"\" width=\"1104\" height=\"553\"><\/a><\/p>\n<p>\u201c<strong>Vreau s\u0103 v\u0103 ar\u0103t imagini despre cum se lucreaz\u0103 \u00een acest moment la Biblioteca Jude\u021bean\u0103. Este un proiect finan\u021bat prin PNRR, un proiect la care exist\u0103 un progres de aproximativ 35%. Deci \u0219i aici lucr\u0103m, avem constructori, iat\u0103 imagini din interiorul bibliotecii, lucr\u0103rile sunt \u00een termen, avem toate premisele pentru a atrage banii europeni integral, \u0219i acest obiectiv de care se spunea c\u0103 e \u00een paragin\u0103, iat\u0103 c\u0103 nu e \u00een paragin\u0103! Se lucreaz\u0103 cu Autoriza\u021bie de Construire emisa chiar de Prim\u0103ria Timi\u0219oara, c\u0103 trebuie s\u0103 \u0219tie faptul c\u0103 acest obiectiv nu este \u00een paragin\u0103.<\/strong><\/p>\n<p><strong>S-a vorbit si despre sediile din judet si din Municipiul Timi\u0219oara ale Bibliotecii Jude\u021bene, adic\u0103 ale Consiliului Jude\u021bean Timi\u0219. <\/strong><strong>P\u0103i, trebuie dou\u0103 mari corec\u021bii.<\/strong><\/p>\n<p><strong>Prima, \u00een jude\u021b, nu exist\u0103 niciun sediu al Biblioteciii Jude\u021bene care \u021bin de Consiliul Jude\u021bean Timi\u0219.<\/strong><\/p>\n<p><strong>Exist\u0103, \u00een schimb, 6 \u00een Municipiul Timi\u0219oara.<\/strong><br \/><strong>Trei dintre ele sunt \u00eenchiriate de la priva\u021bi. De fapt, dou\u0103 de la privati si unul de la FITT, de la Casa Tineretului. Acestea au un aspect cel pu\u021bin rezonabil, unele chiar sunt \u00eentr-o stare foarte, foarte bun\u0103.<\/strong><\/p>\n<p><strong>E adev\u0103rat, avem alte trei sedii \u00een Municipiul Timi\u0219oara, \u00eentr-un stadiu avansat de degradare. Una dintre loca\u021bii nu este nici bran\u0219at\u0103 la gaze naturale. <\/strong><br \/><strong>\u0218ti\u021bi cine este proprietarul sediilor care erau imputate Consiliului Judetean c\u0103 nu sunt reabilitate? <\/strong><br \/><strong>Proprietarul este Prim\u0103ria Municipiului Timi\u0219oara! Este ca-n Catavencii. Este de \u2018Cascadorii R\u00e2sului, oamenilor!<\/strong><\/p>\n<p><strong>Aceste trei sedii sunt cel de pe strada Negruzzi din Fabric, de pe strada C\u0103pitan Dan din Bla\u0219covici \u0219i din Freidorf, de pe strada Podgoriei.<\/strong><\/p>\n<p><strong>Cum v\u0103 spuneam, sunt ale Prim\u0103riei Timi\u0219oara, iar noi func\u021bion\u0103m acolo \u00een baza contractelor de \u00eenchiriere, unele semnate de primarul Municipiului Timi\u0219oaara, cel care spunea ieri c\u0103 sunt sedii \u00een paragin\u0103. <\/strong><strong>E adev\u0103rat. Poate se implic\u0103 s\u0103 fac\u0103 ceva la ele<\/strong>\u201c, a spus Alfred Simonis.<\/p>\n<p>Dincolo de toate acestea, pre\u0219edintele CJT \u00ee\u0219i arat\u0103 \u00een continuare disponibilitatea de a avea o rela\u021bie corect\u0103 cu Prim\u0103ria Timi\u0219oara, chiar dac\u0103, spune el, \u00een ultimele s\u0103pt\u0103m\u00e2ni reprezentan\u021bii acestei institu\u021bii au lansat o mul\u021bime de atacuri la adresa Consiliului Jude\u021bean Timi\u0219.<\/p>\n<p>\u201c<strong>Aminti\u021bi-v\u0103 c\u0103 au spus c\u0103 vrem s\u0103 facem un &lt;proiect faraonic&gt; la Institutul Oncologic \u0219i c\u0103 nu avem bani, \u0219i c\u0103 nu exist\u0103 finan\u021bare. Aminti\u021bi-v\u0103 c\u0103 au spus c\u0103, atunci c\u00e2nd am demonstrat c\u0103 avem finan\u021bare \u0219i c\u0103 avem \u0219i proiect, c\u0103 accesul e de duplex. Aminti\u021bii-v\u0103 c\u00e2nd spuneau c\u0103 promitem parteneriate prim\u0103riilor \u0219i c\u0103 nu avem bani s\u0103 le facem. Amintiti-v\u0103 c\u0103 spuneau ca nu avem bani de stadion \u0219i c\u0103 \u0219i stadionul e inutil.<\/strong><\/p>\n<p><strong>Ce \u00eencerc eu s\u0103 v\u0103 spun este c\u0103 aceste atacuri au venit succesiv, permanent, \u00een ultimele luni dinspre reprezentan\u021bi ai Prim\u0103riei Timi\u0219oara.<\/strong><\/p>\n<p><strong>Nu m\u0103 deranjeaz\u0103 schimburile de opinii, nu m\u0103 deranjeaz\u0103 contradic\u021biile, nu m\u0103 deranjeaz\u0103 faptul c\u0103 avem puncte de vedere diferite pe anumite teme, nu m\u0103 dejanjeaz\u0103 nici critica, dac\u0103 ea este una constructiv\u0103, nu cu atacuri suburbane \u0219i cu acuza\u021bii nefondate.<\/strong><\/p>\n<p><strong>Eu am \u00eencercat s\u0103 nu atac de fiecare dat\u0103, s\u0103 nu r\u0103spund de fiecare dat\u0103 atunci c\u00e2nd eu sau institu\u021bia pe care o conduc suntem ataca\u021bi.<\/strong><\/p>\n<p><strong>Am ascultat o interven\u021bie ieri care este \u00eengrijor\u0103toare. \u0218i am s\u0103 citez, ceea ce nu fac de obicei, aproximativ, \u0219i anume faptul c\u0103 &lt;acest jude\u021b este prea mic pentru mine \u0219i \u00eencerc s\u0103 \u00eemi extind influen\u021ba \u00een municipiul Timi\u0219oara&gt;. Oameni buni, Municipiul Timi\u0219oara este parte a jude\u021bului Timi\u0219. (\u2026) M\u0103 \u00eentreb, dac\u0103 atunci c\u00e2nd am fost solicita\u021bi pentru a sprijini cu 20 de milioane de lei stadionul Lego, construit ini\u021bial de Municipiul Timi\u0219oara, n-a fost o extindere a influen\u021bei \u00een Timi\u015foara?<\/strong><\/p>\n<p><strong>M\u0103 \u00eentreb ce ar trebui s\u0103 facem cu Bastionul care este \u00een proprietatea noastr\u0103 \u0219i este pe teritoriul Municipiului Timi\u0219oara s\u0103 nu-l mai facem?<\/strong><\/p>\n<p><strong>Ce s\u0103 facem cu Stadionul Dan P\u0103ltini\u0219anu, care se va construi de c\u0103tre noi \u00een municipiul Timi\u0219ora? Ce s\u0103 facem cu Institutul Oncologic, care \u0219i el se construie\u0219te \u00een Timi\u0219oara? Spitalul de Ar\u0219i, \u0219i el se construe\u0219te \u00een Municipiul Timi\u0219oaara. Maternitatea, cea de pe Liviu Rebreanu, este construit\u0103 tot in Municipiul Timi\u0219oara \u0219i deserve\u0219te \u00een mare m\u0103sur\u0103 pacien\u021bi din Timi\u0219oara. <\/strong><br \/><strong>Ce s\u0103 facem cu Spitalul Jude\u021bean, care se afl\u0103 \u00een Timi\u0219oara, \u0219i investim \u00een fiecare an \u00een el? <\/strong><br \/><strong>De ce gestioneaz\u0103 Consiliul Judetean toat\u0103 problematica de\u0219eurilor \u0219i pentru Municipiul Timi\u0219oara? De ce nu preia Prim\u0103ria Timi\u0219oara si partea de sortare \u0219i partea de colectare? Ce s\u0103 facem cu Centura? N-ar fi trebuit s\u0103 facem Centura Sud. N-ar trebui s\u0103 lucr\u0103m la Centura Vest, n-ar trebui s\u0103 facem diligen\u021bele \u00een Capital\u0103, la Ministerul Transportului, pentru a finan\u021ba aceste obiective \u0219i altele. \u00cen mare m\u0103sur\u0103 aceste investi\u021bii deservesc Municipiul Timi\u0219oara, degreveaz\u0103 de trafic municipiul Timi\u0219oara. <\/strong><br \/><strong>Deci, oameni buni, Timi\u0219oara este parte a jude\u021bului Timi\u0219, iar obliga\u021bia mea este aceea de a m\u0103 implica \u00eempreun\u0103 cu institu\u021bia pe care o coordonez \u00een tot ceea ce \u021bine de acest jude\u021b, deci inclusiv de municipiul Timi\u0219oara<\/strong>\u201c, a subliniat Alfred Simonis.<\/p>\n<p>Pre\u0219edintele Consiliului Jude\u021bean a ad\u0103ugat c\u0103 a f\u0103cut o nou\u0103 propunere de colaborare Prim\u0103riei Timi\u0219oara, \u00een scris, joi, \u00een privin\u021ba unui proiect. Nu a vrut \u00eens\u0103 s\u0103-l dezv\u0103luie \u00eenc\u0103, \u00een a\u0219teptarea unui r\u0103spuns favorabil din partea lui Dominic Fritz.<\/p>\n<p>***<\/p>\n<p><strong><span class=\"dia_suggestion w0\">Mai<\/span><span class=\"dia_suggestion w1\">multe<\/span><span class=\"dia_suggestion w2\">g\u0103si\u021bi<\/span> pe <span class=\"dia_suggestion w4\">pagina noastr<span class=\"dia_suggestion w0\">\u0103<\/span><\/span>\u00a0de <a href=\"https:\/\/www.facebook.com\/OpiniaTM\/?ref=page_internal\" target=\"_blank\" rel=\"noopener\">Facebook opiniatimisoarei.ro<\/a>!<\/strong><\/p>\n<p><strong><span class=\"dia_suggestion w0\">Dac\u0103<\/span><span class=\"dia_suggestion w1\">a\u021bi<\/span> fost martorii unui eveniment <span class=\"dia_suggestion w6\">sau<\/span><span class=\"dia_suggestion w7\">ai<\/span> unei <span class=\"dia_suggestion w9\">situa\u021bii<\/span><span class=\"dia_suggestion w10\">neobi\u0219nuite<\/span><span class=\"dia_suggestion w11\">care<\/span> ar <span class=\"dia_suggestion w13\">putea<\/span> deveni subiect de <span class=\"dia_suggestion w17\">\u0219tire<\/span>, <span class=\"dia_suggestion w18\">contacta\u021bi<\/span>-ne <span class=\"dia_suggestion w20\">la<\/span><span><a href=\"https:\/\/www.opiniatimisoarei.ro\/cdn-cgi\/l\/email-protection\" class=\"__cf_email__\" data-cfemail=\"d2a0b7b6b3b1a6bbb792bda2bbbcbbb3a6bbbfbba1bdb3a0b7bbfca0bd\">[email\u00a0protected]<\/a>,<\/span>\u00a0 pe <a href=\"https:\/\/www.facebook.com\/OpiniaTM\">FB<\/a><span>sau pe contul nostru de<\/span><a href=\"https:\/\/www.instagram.com\/opiniatimisoarei.ro\/\" target=\"_blank\" rel=\"noopener\">Instagram<\/a>!<\/strong><\/p>\n<p><strong><span>CITESTE SI<\/span>: <a href=\"https:\/\/www.opiniatimisoarei.ro\/afli-primul-tot-ceea-ce-se-intampla-cu-adevarat-important-in-timisoara-si-in-regiune-cu-aplicatia-de-stiri-opinia-timisoarei-3-tipuri-de-alerte-te-tin-mereu-conectat-la-evenimente-descarca-gratuit-a\/31\/10\/2022\">Afli primul tot ceea ce se intampla cu adevarat important in Timisoara si in regiune cu Aplicatia de stiri Opinia Timisoarei. 3 tipuri de alerte te tin mereu conectat la evenimente. Descarca gratuit Aplicatia OT aici!<\/a><\/strong><\/p>\n<\/div>\n<p>[analyse_source url=&#8221;https:\/\/www.opiniatimisoarei.ro\/e-de-cascadorii-rasului-alfred-simonis-sediile-bibliotecii-judetene-in-paragina-pe-care-dominic-fritz-ne-trimite-sa-le-reparam-sunt-proprietatea-primariei-timisoara\/06\/03\/2026&#8243;]<\/p>\n","protected":false},"excerpt":{"rendered":"<p>[analyse_image type=&#8221;featured&#8221; src=&#8221;https:\/\/www.opiniatimisoarei.ro\/wp-content\/uploads\/2026\/03\/sediu-biblioteca-paragina-2-728&#215;336.jpghttps:\/\/www.opiniatimisoarei.ro\/wp-content\/uploads\/2026\/03\/sediu-biblioteca-paragina-2.jpg&#8221;] TIMI\u0218OARA. Pre\u0219edintele Consiliului Jude\u021bean Timi\u0219, Alfred Simonis, a reac\u021bionat la repro\u0219urile f\u0103cute de primarul Timi\u0219oarei Dominic Fritz care, joi i-a transmis public c\u0103 nu-i \u00eencredin\u021beaz\u0103 cele 4 obiective din ora\u0219 pe care ar fi vrut s\u0103 le reabiliteze, Ceasul Floral, \u0218trandul Termal, Baza Uszoda \u0219i Gr\u0103dina de Var\u0103. Dominic Fritz \u00eei spunea [&hellip;]<\/p>\n","protected":false},"author":1,"featured_media":0,"comment_status":"open","ping_status":"","sticky":false,"template":"","format":"standard","meta":{"footnotes":""},"categories":[89],"tags":[226,190],"class_list":["post-1810911","post","type-post","status-publish","format-standard","hentry","category-romania","tag-crawlmanager","tag-opiniatimisoarei-ro"],"_links":{"self":[{"href":"https:\/\/analyse.optim.biz\/index.php?rest_route=\/wp\/v2\/posts\/1810911","targetHints":{"allow":["GET"]}}],"collection":[{"href":"https:\/\/analyse.optim.biz\/index.php?rest_route=\/wp\/v2\/posts"}],"about":[{"href":"https:\/\/analyse.optim.biz\/index.php?rest_route=\/wp\/v2\/types\/post"}],"author":[{"embeddable":true,"href":"https:\/\/analyse.optim.biz\/index.php?rest_route=\/wp\/v2\/users\/1"}],"replies":[{"embeddable":true,"href":"https:\/\/analyse.optim.biz\/index.php?rest_route=%2Fwp%2Fv2%2Fcomments&post=1810911"}],"version-history":[{"count":0,"href":"https:\/\/analyse.optim.biz\/index.php?rest_route=\/wp\/v2\/posts\/1810911\/revisions"}],"wp:attachment":[{"href":"https:\/\/analyse.optim.biz\/index.php?rest_route=%2Fwp%2Fv2%2Fmedia&parent=1810911"}],"wp:term":[{"taxonomy":"category","embeddable":true,"href":"https:\/\/analyse.optim.biz\/index.php?rest_route=%2Fwp%2Fv2%2Fcategories&post=1810911"},{"taxonomy":"post_tag","embeddable":true,"href":"https:\/\/analyse.optim.biz\/index.php?rest_route=%2Fwp%2Fv2%2Ftags&post=1810911"}],"curies":[{"name":"wp","href":"https:\/\/api.w.org\/{rel}","templated":true}]}}