{"id":1810507,"date":"2026-03-05T20:35:28","date_gmt":"2026-03-05T17:35:28","guid":{"rendered":"https:\/\/analyse.optim.biz\/?p=1810507"},"modified":"2026-03-05T20:35:28","modified_gmt":"2026-03-05T17:35:28","slug":"eveniment-dedicat-femeilor-cu-ocazia-zilei-de-8-martie","status":"publish","type":"post","link":"https:\/\/analyse.optim.biz\/?p=1810507","title":{"rendered":"Eveniment dedicat femeilor cu ocazia Zilei de 8 Martie"},"content":{"rendered":"<p>[analyse_image type=&#8221;featured&#8221; src=&#8221;https:\/\/www.tvbuzau.ro\/wp-content\/uploads\/2026\/03\/sddefault-12.jpghttps:\/\/www.tvbuzau.ro\/wp-content\/uploads\/2026\/03\/sddefault-12.jpg&#8221;]<\/p>\n<div class=\"td-ss-main-content\">\n<article id=\"post-118256\" class=\"post-118256 post type-post status-publish format-video has-post-thumbnail hentry category-actualitate post_format-post-format-video\">\n<div class=\"td-post-header\">\n<ul class=\"td-category\">\n<li class=\"entry-category\"><a href=\"https:\/\/www.tvbuzau.ro\/category\/actualitate\/\">Actualitate<\/a><\/li>\n<\/ul>\n<header class=\"td-post-title\">\n<h1 class=\"entry-title\">Eveniment dedicat femeilor cu ocazia Zilei de 8 Martie<\/h1>\n<div class=\"td-module-meta-info\">\n<div class=\"td-post-author-name\">De c\u0103tre <a href=\"https:\/\/www.tvbuzau.ro\/author\/mihai-vasilescu\/\">TV Buz\u0103u<\/a> &#8211; <\/div>\n<p><span class=\"td-post-date\"><time class=\"entry-date updated td-module-date\" datetime=\"2026-03-05T20:35:28+00:00\">martie 5, 2026<\/time><\/span><\/p>\n<div class=\"td-post-comments\"><a href=\"https:\/\/www.tvbuzau.ro\/eveniment-dedicat-femeilor-cu-ocazia-zilei-de-8-martie\/#respond\">0<\/a><\/div>\n<div class=\"td-post-views\"><span class=\"td-nr-views-118256\">232<\/span><\/div>\n<\/div>\n<\/header>\n<\/div>\n<div class=\"td-post-sharing td-post-sharing-top td-with-like\">\n<div class=\"td-default-sharing\"><a class=\"td-social-sharing-buttons td-social-facebook\" href=\"http:\/\/www.facebook.com\/sharer.php?u=https%3A%2F%2Fwww.tvbuzau.ro%2Feveniment-dedicat-femeilor-cu-ocazia-zilei-de-8-martie%2F\"><\/p>\n<div class=\"td-social-but-text\">Distribui\u021bi pe Facebook<\/div>\n<p><\/a><a class=\"td-social-sharing-buttons td-social-twitter\" href=\"https:\/\/twitter.com\/intent\/tweet?text=Eveniment+dedicat+femeilor+cu+ocazia+Zilei+de+8+Martie&amp;url=https%3A%2F%2Fwww.tvbuzau.ro%2Feveniment-dedicat-femeilor-cu-ocazia-zilei-de-8-martie%2F&amp;via=TV+Buz%C4%83u\"><\/p>\n<div class=\"td-social-but-text\">Distribui\u021bi pe Twitter<\/div>\n<p><\/a><\/div>\n<div class=\"td-classic-sharing\">\n<ul>\n<li class=\"td-classic-facebook\"><iframe frameborder src=\"https:\/\/www.facebook.com\/plugins\/like.php?href=https:\/\/www.tvbuzau.ro\/eveniment-dedicat-femeilor-cu-ocazia-zilei-de-8-martie\/&amp;layout=button_count&amp;show_faces=false&amp;width=105&amp;action=like&amp;colorscheme=light&amp;height=21\"><\/iframe><\/li>\n<li class=\"td-classic-twitter\"><a href=\"https:\/\/twitter.com\/share\" class=\"twitter-share-button\" data-url=\"https:\/\/www.tvbuzau.ro\/eveniment-dedicat-femeilor-cu-ocazia-zilei-de-8-martie\/\" data-text=\"Eveniment dedicat femeilor cu ocazia Zilei de 8 Martie\" data-via data-lang=\"en\">tweet<\/a><\/li>\n<\/ul>\n<\/div>\n<\/div>\n<div class=\"td-post-content\">\n<div class=\"td-featured-image-rec\">\n<div class=\"wpb_video_wrapper\">\n                    <iframe loading=\"lazy\" id=\"td_youtube_player\" width=\"600\" height=\"560\" src=\"https:\/\/www.youtube.com\/embed\/i6TVudQ8308?enablejsapi=1&amp;feature=oembed&amp;wmode=opaque&amp;vq=hd720\" frameborder allowfullscreen><\/iframe><\/p><\/div>\n<\/div>\n<p>Au fost s\u0103rb\u0103torite cadrele medicale \u0219i mamelor internate \u00een Maternitate<br \/>\nCu prilejul Zilei Interna\u021bionale a Femeii, de 8 Martie, Maternitatea Buz\u0103u, \u00een parteneriat cu Spitalul Jude\u021bean de Urgen\u021b\u0103 Buz\u0103u, a organizat  un eveniment dedicat femeilor, cadrelor medicale \u0219i mamelor internate \u00een maternitate.<br \/>\nEvenimentul a fost un prilej de a ar\u0103ta recuno\u0219tin\u021b\u0103 \u0219i apreciere cadrelor medicale pentru efortul, r\u0103bdarea \u0219i grija cu care vegheaz\u0103 asupra s\u0103n\u0103t\u0103\u021bii mamei \u0219i copilului, dar \u0219i pentru toate femeile care aduc via\u021b\u0103 \u0219i bucurie prin na\u0219tere.<br \/>\nUn mesaj a fost transmis \u015fi de c\u0103tre moa\u015fa \u015fef\u0103 a Maternit\u0103\u0163ii Buz\u0103u.<br \/>\n\u00cen acest context unitatea spitaliceasc\u0103 ureaz\u0103 La mul\u021bi ani, tuturor femeilor!<\/p>\n<div class=\"post-views post-118256 entry-meta\"><span class=\"post-views-label\">Post Views: <\/span><span class=\"post-views-count\">384<\/span><\/div>\n<\/div>\n<footer>\n<div class=\"td-post-sharing td-post-sharing-bottom td-with-like\"><span class=\"td-post-share-title\">DISTRIBUI\u021aI<\/span><\/p>\n<div class=\"td-default-sharing\"><a class=\"td-social-sharing-buttons td-social-facebook\" href=\"http:\/\/www.facebook.com\/sharer.php?u=https%3A%2F%2Fwww.tvbuzau.ro%2Feveniment-dedicat-femeilor-cu-ocazia-zilei-de-8-martie%2F\"><\/p>\n<div class=\"td-social-but-text\">Facebook<\/div>\n<p><\/a><a class=\"td-social-sharing-buttons td-social-twitter\" href=\"https:\/\/twitter.com\/intent\/tweet?text=Eveniment+dedicat+femeilor+cu+ocazia+Zilei+de+8+Martie&amp;url=https%3A%2F%2Fwww.tvbuzau.ro%2Feveniment-dedicat-femeilor-cu-ocazia-zilei-de-8-martie%2F&amp;via=TV+Buz%C4%83u\"><\/p>\n<div class=\"td-social-but-text\">Twitter<\/div>\n<p><\/a><\/div>\n<div class=\"td-classic-sharing\">\n<ul>\n<li class=\"td-classic-facebook\"><iframe frameborder src=\"https:\/\/www.facebook.com\/plugins\/like.php?href=https:\/\/www.tvbuzau.ro\/eveniment-dedicat-femeilor-cu-ocazia-zilei-de-8-martie\/&amp;layout=button_count&amp;show_faces=false&amp;width=105&amp;action=like&amp;colorscheme=light&amp;height=21\"><\/iframe><\/li>\n<li class=\"td-classic-twitter\"><a href=\"https:\/\/twitter.com\/share\" class=\"twitter-share-button\" data-url=\"https:\/\/www.tvbuzau.ro\/eveniment-dedicat-femeilor-cu-ocazia-zilei-de-8-martie\/\" data-text=\"Eveniment dedicat femeilor cu ocazia Zilei de 8 Martie\" data-via data-lang=\"en\">tweet<\/a><\/li>\n<\/ul>\n<\/div>\n<\/div>\n<div class=\"td-author-name vcard author\"><span class=\"fn\"><a href=\"https:\/\/www.tvbuzau.ro\/author\/mihai-vasilescu\/\">TV Buz\u0103u<\/a><\/span><\/div>\n<p><span><\/span><span><span><\/span><\/span><span><\/span><\/footer>\n<\/article>\n<div class=\"td_block_wrap td_block_related_posts td_uid_1_69aa9a74665bf_rand td_with_ajax_pagination td-pb-border-top\" data-td-block-uid=\"td_uid_1_69aa9a74665bf\">\n<h4 class=\"td-related-title\"><a id=\"td_uid_2_69aa9a746b9ef\" class=\"td-related-left td-cur-simple-item\" data-td_filter_value data-td_block_id=\"td_uid_1_69aa9a74665bf\" href=\"https:\/\/www.tvbuzau.ro\/eveniment-dedicat-femeilor-cu-ocazia-zilei-de-8-martie\/\">ARTICOLE SIMILARE<\/a><a id=\"td_uid_3_69aa9a746ba2c\" class=\"td-related-right\" data-td_filter_value=\"td_related_more_from_author\" data-td_block_id=\"td_uid_1_69aa9a74665bf\" href=\"https:\/\/www.tvbuzau.ro\/eveniment-dedicat-femeilor-cu-ocazia-zilei-de-8-martie\/\">DE LA ACELA\u0218I AUTOR<\/a><\/h4>\n<div id=\"td_uid_1_69aa9a74665bf\" class=\"td_block_inner\">\n<div class=\"td-related-row\">\n<div class=\"td-related-span4\">\n<div class=\"td_module_related_posts td-animation-stack td_mod_related_posts\">\n<div class=\"td-module-image\">\n<div class=\"td-module-thumb\"><a href=\"https:\/\/www.tvbuzau.ro\/ar-fi-necesara-infiintarea-unui-cabinet-de-vaccinare-anti-hpv\/\" rel=\"bookmark\" title=\"Ar fi necesar\u0103 \u00eenfiin\u0163area unui cabinet de vaccinare anti-HPV\"><img loading=\"lazy\" decoding=\"async\" width=\"218\" height=\"150\" class=\"entry-thumb\" src=\"https:\/\/www.tvbuzau.ro\/wp-content\/uploads\/2026\/03\/hqdefault-6-218x150.jpg\" alt title=\"Ar fi necesar\u0103 \u00eenfiin\u0163area unui cabinet de vaccinare anti-HPV\"><span class=\"td-video-play-ico\"><img loading=\"lazy\" decoding=\"async\" width=\"40\" height=\"40\" class=\"td-retina\" src=\"https:\/\/www.tvbuzau.ro\/wp-content\/themes\/Newspaper\/images\/icons\/ico-video-large.png\" alt=\"video\"><\/span><\/a><\/div>\n<p><a href=\"https:\/\/www.tvbuzau.ro\/category\/actualitate\/\" class=\"td-post-category\">Actualitate<\/a><\/div>\n<div class=\"item-details\">\n<h3 class=\"entry-title td-module-title\"><a href=\"https:\/\/www.tvbuzau.ro\/ar-fi-necesara-infiintarea-unui-cabinet-de-vaccinare-anti-hpv\/\" rel=\"bookmark\" title=\"Ar fi necesar\u0103 \u00eenfiin\u0163area unui cabinet de vaccinare anti-HPV\">Ar fi necesar\u0103 \u00eenfiin\u0163area unui cabinet de vaccinare anti-HPV<\/a><\/h3>\n<\/div>\n<\/div>\n<\/div>\n<div class=\"td-related-span4\">\n<div class=\"td_module_related_posts td-animation-stack td_mod_related_posts\">\n<div class=\"td-module-image\">\n<div class=\"td-module-thumb\"><a href=\"https:\/\/www.tvbuzau.ro\/peste-700-de-aparate-si-300-de-sali-cu-jocuri-de-noroc\/\" rel=\"bookmark\" title=\"Peste 700 de aparate \u015fi 300 de s\u0103li cu jocuri de noroc\"><img loading=\"lazy\" decoding=\"async\" width=\"218\" height=\"150\" class=\"entry-thumb\" src=\"https:\/\/www.tvbuzau.ro\/wp-content\/uploads\/2026\/03\/maxresdefault-1-218x150.jpg\" alt title=\"Peste 700 de aparate \u015fi 300 de s\u0103li cu jocuri de noroc\"><span class=\"td-video-play-ico\"><img loading=\"lazy\" decoding=\"async\" width=\"40\" height=\"40\" class=\"td-retina\" src=\"https:\/\/www.tvbuzau.ro\/wp-content\/themes\/Newspaper\/images\/icons\/ico-video-large.png\" alt=\"video\"><\/span><\/a><\/div>\n<p><a href=\"https:\/\/www.tvbuzau.ro\/category\/actualitate\/\" class=\"td-post-category\">Actualitate<\/a><\/div>\n<div class=\"item-details\">\n<h3 class=\"entry-title td-module-title\"><a href=\"https:\/\/www.tvbuzau.ro\/peste-700-de-aparate-si-300-de-sali-cu-jocuri-de-noroc\/\" rel=\"bookmark\" title=\"Peste 700 de aparate \u015fi 300 de s\u0103li cu jocuri de noroc\">Peste 700 de aparate \u015fi 300 de s\u0103li cu jocuri de noroc<\/a><\/h3>\n<\/div>\n<\/div>\n<\/div>\n<div class=\"td-related-span4\">\n<div class=\"td_module_related_posts td-animation-stack td_mod_related_posts\">\n<div class=\"td-module-image\">\n<div class=\"td-module-thumb\"><a href=\"https:\/\/www.tvbuzau.ro\/posturile-de-politie-din-mediul-rural-ar-putea-fi-reabilitate\/\" rel=\"bookmark\" title=\"Posturile de poli\u0163ie din mediul rural ar putea fi reabilitate\"><img loading=\"lazy\" decoding=\"async\" width=\"218\" height=\"150\" class=\"entry-thumb\" src=\"https:\/\/www.tvbuzau.ro\/wp-content\/uploads\/2026\/03\/maxresdefault-218x150.jpg\" alt title=\"Posturile de poli\u0163ie din mediul rural ar putea fi reabilitate\"><span class=\"td-video-play-ico\"><img loading=\"lazy\" decoding=\"async\" width=\"40\" height=\"40\" class=\"td-retina\" src=\"https:\/\/www.tvbuzau.ro\/wp-content\/themes\/Newspaper\/images\/icons\/ico-video-large.png\" alt=\"video\"><\/span><\/a><\/div>\n<p><a href=\"https:\/\/www.tvbuzau.ro\/category\/actualitate\/\" class=\"td-post-category\">Actualitate<\/a><\/div>\n<div class=\"item-details\">\n<h3 class=\"entry-title td-module-title\"><a href=\"https:\/\/www.tvbuzau.ro\/posturile-de-politie-din-mediul-rural-ar-putea-fi-reabilitate\/\" rel=\"bookmark\" title=\"Posturile de poli\u0163ie din mediul rural ar putea fi reabilitate\">Posturile de poli\u0163ie din mediul rural ar putea fi reabilitate<\/a><\/h3>\n<\/div>\n<\/div>\n<\/div>\n<\/div>\n<div class=\"td-related-row\">\n<div class=\"td-related-span4\">\n<div class=\"td_module_related_posts td-animation-stack td_mod_related_posts\">\n<div class=\"td-module-image\">\n<div class=\"td-module-thumb\"><a href=\"https:\/\/www.tvbuzau.ro\/2026-anul-constantin-brancusi\/\" rel=\"bookmark\" title=\"2026 \u2013 \u201eAnul Constantin Br\u00e2ncu\u0219i\u201d\"><img loading=\"lazy\" decoding=\"async\" width=\"218\" height=\"150\" class=\"entry-thumb\" src=\"https:\/\/www.tvbuzau.ro\/wp-content\/uploads\/2026\/03\/hqdefault-5-218x150.jpg\" alt title=\"2026 \u2013 \u201eAnul Constantin Br\u00e2ncu\u0219i\u201d\"><span class=\"td-video-play-ico\"><img loading=\"lazy\" decoding=\"async\" width=\"40\" height=\"40\" class=\"td-retina\" src=\"https:\/\/www.tvbuzau.ro\/wp-content\/themes\/Newspaper\/images\/icons\/ico-video-large.png\" alt=\"video\"><\/span><\/a><\/div>\n<p><a href=\"https:\/\/www.tvbuzau.ro\/category\/actualitate\/\" class=\"td-post-category\">Actualitate<\/a><\/div>\n<div class=\"item-details\">\n<h3 class=\"entry-title td-module-title\"><a href=\"https:\/\/www.tvbuzau.ro\/2026-anul-constantin-brancusi\/\" rel=\"bookmark\" title=\"2026 \u2013 \u201eAnul Constantin Br\u00e2ncu\u0219i\u201d\">2026 \u2013 \u201eAnul Constantin Br\u00e2ncu\u0219i\u201d<\/a><\/h3>\n<\/div>\n<\/div>\n<\/div>\n<div class=\"td-related-span4\">\n<div class=\"td_module_related_posts td-animation-stack td_mod_related_posts\">\n<div class=\"td-module-image\">\n<div class=\"td-module-thumb\"><a href=\"https:\/\/www.tvbuzau.ro\/avertisment-de-la-directia-agricola-in-contextul-mercosur\/\" rel=\"bookmark\" title=\"Avertisment de la Direc\u0163ia Agricol\u0103 \u00een contextul MERCOSUR\"><img loading=\"lazy\" decoding=\"async\" width=\"218\" height=\"150\" class=\"entry-thumb\" src=\"https:\/\/www.tvbuzau.ro\/wp-content\/uploads\/2026\/03\/sddefault-11-218x150.jpg\" alt title=\"Avertisment de la Direc\u0163ia Agricol\u0103 \u00een contextul MERCOSUR\"><span class=\"td-video-play-ico\"><img loading=\"lazy\" decoding=\"async\" width=\"40\" height=\"40\" class=\"td-retina\" src=\"https:\/\/www.tvbuzau.ro\/wp-content\/themes\/Newspaper\/images\/icons\/ico-video-large.png\" alt=\"video\"><\/span><\/a><\/div>\n<p><a href=\"https:\/\/www.tvbuzau.ro\/category\/actualitate\/\" class=\"td-post-category\">Actualitate<\/a><\/div>\n<div class=\"item-details\">\n<h3 class=\"entry-title td-module-title\"><a href=\"https:\/\/www.tvbuzau.ro\/avertisment-de-la-directia-agricola-in-contextul-mercosur\/\" rel=\"bookmark\" title=\"Avertisment de la Direc\u0163ia Agricol\u0103 \u00een contextul MERCOSUR\">Avertisment de la Direc\u0163ia Agricol\u0103 \u00een contextul MERCOSUR<\/a><\/h3>\n<\/div>\n<\/div>\n<\/div>\n<div class=\"td-related-span4\">\n<div class=\"td_module_related_posts td-animation-stack td_mod_related_posts\">\n<div class=\"td-module-image\">\n<div class=\"td-module-thumb\"><a href=\"https:\/\/www.tvbuzau.ro\/sute-de-exemplare-de-pisica-salbatica-in-padurile-judetului-buzau\/\" rel=\"bookmark\" title=\"Sute de exemplare de pisic\u0103 s\u0103lbatic\u0103 \u00een p\u0103durile jude\u0163ului Buz\u0103u\"><img loading=\"lazy\" decoding=\"async\" width=\"218\" height=\"150\" class=\"entry-thumb\" src=\"https:\/\/www.tvbuzau.ro\/wp-content\/uploads\/2026\/03\/bscap0000-218x150.jpg\" alt title=\"Sute de exemplare de pisic\u0103 s\u0103lbatic\u0103 \u00een p\u0103durile jude\u0163ului Buz\u0103u\"><span class=\"td-video-play-ico\"><img loading=\"lazy\" decoding=\"async\" width=\"40\" height=\"40\" class=\"td-retina\" src=\"https:\/\/www.tvbuzau.ro\/wp-content\/themes\/Newspaper\/images\/icons\/ico-video-large.png\" alt=\"video\"><\/span><\/a><\/div>\n<p><a href=\"https:\/\/www.tvbuzau.ro\/category\/actualitate\/\" class=\"td-post-category\">Actualitate<\/a><\/div>\n<div class=\"item-details\">\n<h3 class=\"entry-title td-module-title\"><a href=\"https:\/\/www.tvbuzau.ro\/sute-de-exemplare-de-pisica-salbatica-in-padurile-judetului-buzau\/\" rel=\"bookmark\" title=\"Sute de exemplare de pisic\u0103 s\u0103lbatic\u0103 \u00een p\u0103durile jude\u0163ului Buz\u0103u\">Sute de exemplare de pisic\u0103 s\u0103lbatic\u0103 \u00een p\u0103durile jude\u0163ului Buz\u0103u<\/a><\/h3>\n<\/div>\n<\/div>\n<\/div>\n<\/div>\n<\/div>\n<\/div>\n<div class=\"comments\" id=\"comments\">\n<div id=\"respond\" class=\"comment-respond\">\n<h3 id=\"reply-title\" class=\"comment-reply-title\">L\u0102SA\u021aI UN MESAJ <small><a rel=\"nofollow\" id=\"cancel-comment-reply-link\" href=\"https:\/\/www.tvbuzau.ro\/eveniment-dedicat-femeilor-cu-ocazia-zilei-de-8-martie\/#respond\">Renun\u021ba\u021bi la r\u0103spuns<\/a><\/small><\/h3>\n<\/div>\n<\/div>\n<\/div>\n<div class=\"td-post-content\">\n<div class=\"td-featured-image-rec\">\n<div class=\"wpb_video_wrapper\">\n                    <iframe loading=\"lazy\" id=\"td_youtube_player\" width=\"600\" height=\"560\" src=\"https:\/\/www.youtube.com\/embed\/i6TVudQ8308?enablejsapi=1&amp;feature=oembed&amp;wmode=opaque&amp;vq=hd720\" frameborder allowfullscreen><\/iframe><\/p><\/div>\n<\/div>\n<p>Au fost s\u0103rb\u0103torite cadrele medicale \u0219i mamelor internate \u00een Maternitate<br \/>\nCu prilejul Zilei Interna\u021bionale a Femeii, de 8 Martie, Maternitatea Buz\u0103u, \u00een parteneriat cu Spitalul Jude\u021bean de Urgen\u021b\u0103 Buz\u0103u, a organizat  un eveniment dedicat femeilor, cadrelor medicale \u0219i mamelor internate \u00een maternitate.<br \/>\nEvenimentul a fost un prilej de a ar\u0103ta recuno\u0219tin\u021b\u0103 \u0219i apreciere cadrelor medicale pentru efortul, r\u0103bdarea \u0219i grija cu care vegheaz\u0103 asupra s\u0103n\u0103t\u0103\u021bii mamei \u0219i copilului, dar \u0219i pentru toate femeile care aduc via\u021b\u0103 \u0219i bucurie prin na\u0219tere.<br \/>\nUn mesaj a fost transmis \u015fi de c\u0103tre moa\u015fa \u015fef\u0103 a Maternit\u0103\u0163ii Buz\u0103u.<br \/>\n\u00cen acest context unitatea spitaliceasc\u0103 ureaz\u0103 La mul\u021bi ani, tuturor femeilor!<\/p>\n<div class=\"post-views post-118256 entry-meta\"><span class=\"post-views-label\">Post Views: <\/span><span class=\"post-views-count\">384<\/span><\/div>\n<\/div>\n<p>[analyse_source url=&#8221;https:\/\/www.tvbuzau.ro\/eveniment-dedicat-femeilor-cu-ocazia-zilei-de-8-martie\/&#8221;]<\/p>\n","protected":false},"excerpt":{"rendered":"<p>[analyse_image type=&#8221;featured&#8221; src=&#8221;https:\/\/www.tvbuzau.ro\/wp-content\/uploads\/2026\/03\/sddefault-12.jpghttps:\/\/www.tvbuzau.ro\/wp-content\/uploads\/2026\/03\/sddefault-12.jpg&#8221;] Actualitate Eveniment dedicat femeilor cu ocazia Zilei de 8 Martie De c\u0103tre TV Buz\u0103u &#8211; martie 5, 2026 0 232 Distribui\u021bi pe Facebook Distribui\u021bi pe Twitter tweet Au fost s\u0103rb\u0103torite cadrele medicale \u0219i mamelor internate \u00een Maternitate Cu prilejul Zilei Interna\u021bionale a Femeii, de 8 Martie, Maternitatea Buz\u0103u, \u00een parteneriat cu Spitalul [&hellip;]<\/p>\n","protected":false},"author":1,"featured_media":0,"comment_status":"open","ping_status":"","sticky":false,"template":"","format":"standard","meta":{"footnotes":""},"categories":[2],"tags":[226,116],"class_list":["post-1810507","post","type-post","status-publish","format-standard","hentry","category-politics","tag-crawlmanager","tag-tvbuzau-ro"],"_links":{"self":[{"href":"https:\/\/analyse.optim.biz\/index.php?rest_route=\/wp\/v2\/posts\/1810507","targetHints":{"allow":["GET"]}}],"collection":[{"href":"https:\/\/analyse.optim.biz\/index.php?rest_route=\/wp\/v2\/posts"}],"about":[{"href":"https:\/\/analyse.optim.biz\/index.php?rest_route=\/wp\/v2\/types\/post"}],"author":[{"embeddable":true,"href":"https:\/\/analyse.optim.biz\/index.php?rest_route=\/wp\/v2\/users\/1"}],"replies":[{"embeddable":true,"href":"https:\/\/analyse.optim.biz\/index.php?rest_route=%2Fwp%2Fv2%2Fcomments&post=1810507"}],"version-history":[{"count":0,"href":"https:\/\/analyse.optim.biz\/index.php?rest_route=\/wp\/v2\/posts\/1810507\/revisions"}],"wp:attachment":[{"href":"https:\/\/analyse.optim.biz\/index.php?rest_route=%2Fwp%2Fv2%2Fmedia&parent=1810507"}],"wp:term":[{"taxonomy":"category","embeddable":true,"href":"https:\/\/analyse.optim.biz\/index.php?rest_route=%2Fwp%2Fv2%2Fcategories&post=1810507"},{"taxonomy":"post_tag","embeddable":true,"href":"https:\/\/analyse.optim.biz\/index.php?rest_route=%2Fwp%2Fv2%2Ftags&post=1810507"}],"curies":[{"name":"wp","href":"https:\/\/api.w.org\/{rel}","templated":true}]}}