{"id":1810506,"date":"2026-03-05T20:34:29","date_gmt":"2026-03-05T17:34:29","guid":{"rendered":"https:\/\/analyse.optim.biz\/?p=1810506"},"modified":"2026-03-05T20:34:29","modified_gmt":"2026-03-05T17:34:29","slug":"posturile-de-politie-din-mediul-rural-ar-putea-fi-reabilitate","status":"publish","type":"post","link":"https:\/\/analyse.optim.biz\/?p=1810506","title":{"rendered":"Posturile de poli\u0163ie din mediul rural ar putea fi reabilitate"},"content":{"rendered":"<p>[analyse_image type=&#8221;featured&#8221; src=&#8221;https:\/\/www.tvbuzau.ro\/wp-content\/uploads\/2026\/03\/maxresdefault.jpghttps:\/\/www.tvbuzau.ro\/wp-content\/uploads\/2026\/03\/maxresdefault.jpg&#8221;]<\/p>\n<div class=\"td-ss-main-content\">\n<article id=\"post-118253\" class=\"post-118253 post type-post status-publish format-video has-post-thumbnail hentry category-actualitate post_format-post-format-video\">\n<div class=\"td-post-header\">\n<ul class=\"td-category\">\n<li class=\"entry-category\"><a href=\"https:\/\/www.tvbuzau.ro\/category\/actualitate\/\">Actualitate<\/a><\/li>\n<\/ul>\n<header class=\"td-post-title\">\n<h1 class=\"entry-title\">Posturile de poli\u0163ie din mediul rural ar putea fi reabilitate<\/h1>\n<div class=\"td-module-meta-info\">\n<div class=\"td-post-author-name\">De c\u0103tre <a href=\"https:\/\/www.tvbuzau.ro\/author\/mihai-vasilescu\/\">TV Buz\u0103u<\/a> &#8211; <\/div>\n<p><span class=\"td-post-date\"><time class=\"entry-date updated td-module-date\" datetime=\"2026-03-05T20:34:29+00:00\">martie 5, 2026<\/time><\/span><\/p>\n<div class=\"td-post-comments\"><a href=\"https:\/\/www.tvbuzau.ro\/posturile-de-politie-din-mediul-rural-ar-putea-fi-reabilitate\/#respond\">0<\/a><\/div>\n<div class=\"td-post-views\"><span class=\"td-nr-views-118253\">20<\/span><\/div>\n<\/div>\n<\/header>\n<\/div>\n<div class=\"td-post-sharing td-post-sharing-top td-with-like\">\n<div class=\"td-default-sharing\"><a class=\"td-social-sharing-buttons td-social-facebook\" href=\"http:\/\/www.facebook.com\/sharer.php?u=https%3A%2F%2Fwww.tvbuzau.ro%2Fposturile-de-politie-din-mediul-rural-ar-putea-fi-reabilitate%2F\"><\/p>\n<div class=\"td-social-but-text\">Distribui\u021bi pe Facebook<\/div>\n<p><\/a><a class=\"td-social-sharing-buttons td-social-twitter\" href=\"https:\/\/twitter.com\/intent\/tweet?text=Posturile+de+poli%C5%A3ie+din+mediul+rural+ar+putea+fi+reabilitate&amp;url=https%3A%2F%2Fwww.tvbuzau.ro%2Fposturile-de-politie-din-mediul-rural-ar-putea-fi-reabilitate%2F&amp;via=TV+Buz%C4%83u\"><\/p>\n<div class=\"td-social-but-text\">Distribui\u021bi pe Twitter<\/div>\n<p><\/a><\/div>\n<div class=\"td-classic-sharing\">\n<ul>\n<li class=\"td-classic-facebook\"><iframe frameborder src=\"https:\/\/www.facebook.com\/plugins\/like.php?href=https:\/\/www.tvbuzau.ro\/posturile-de-politie-din-mediul-rural-ar-putea-fi-reabilitate\/&amp;layout=button_count&amp;show_faces=false&amp;width=105&amp;action=like&amp;colorscheme=light&amp;height=21\"><\/iframe><\/li>\n<li class=\"td-classic-twitter\"><a href=\"https:\/\/twitter.com\/share\" class=\"twitter-share-button\" data-url=\"https:\/\/www.tvbuzau.ro\/posturile-de-politie-din-mediul-rural-ar-putea-fi-reabilitate\/\" data-text=\"Posturile de poli\u0163ie din mediul rural ar putea fi reabilitate\" data-via data-lang=\"en\">tweet<\/a><\/li>\n<\/ul>\n<\/div>\n<\/div>\n<div class=\"td-post-content\">\n<div class=\"td-featured-image-rec\">\n<div class=\"wpb_video_wrapper\">\n                    <iframe loading=\"lazy\" id=\"td_youtube_player\" width=\"600\" height=\"560\" src=\"https:\/\/www.youtube.com\/embed\/22SPjzfWs2s?enablejsapi=1&amp;feature=oembed&amp;wmode=opaque&amp;vq=hd720\" frameborder allowfullscreen><\/iframe><\/p><\/div>\n<\/div>\n<p>Ce spune Inspectoratul Jude\u0163ean de Poli\u0163ie Buz\u0103u<br \/>\nConducerea Inspectoratului Jude\u0163ean de Poli\u0163ie Buz\u0103u a anun\u0163at c\u0103 se fac evalu\u0103ri \u00een vederea \u00eembun\u0103t\u0103\u0163irii condi\u0163iilor \u00een care \u00ee\u015fi desf\u0103\u015foar\u0103 activitatea oamenii legii. \u00cen acest context au fost accesate fonduri pentru reabilitarea unor sedii din Buz\u0103u \u015fi R\u00e2mnicu S\u0103rat.<br \/>\nTotodat\u0103, institu\u0163ia a anun\u0163at c\u0103 se fac eforturi pentru identificrea unor solu\u0163ii financiare necesare reabilit\u0103rii posturilor de poli\u0163ie rurale.<br \/>\n\u00cen ceea ce prive\u015fte dotarea, conducerea IPJ a ad\u0103ugat c\u0103 au fost deja realizate investi\u0163ii \u00een acest sens.<\/p>\n<div class=\"post-views post-118253 entry-meta\"><span class=\"post-views-label\">Post Views: <\/span><span class=\"post-views-count\">178<\/span><\/div>\n<\/div>\n<footer>\n<div class=\"td-post-sharing td-post-sharing-bottom td-with-like\"><span class=\"td-post-share-title\">DISTRIBUI\u021aI<\/span><\/p>\n<div class=\"td-default-sharing\"><a class=\"td-social-sharing-buttons td-social-facebook\" href=\"http:\/\/www.facebook.com\/sharer.php?u=https%3A%2F%2Fwww.tvbuzau.ro%2Fposturile-de-politie-din-mediul-rural-ar-putea-fi-reabilitate%2F\"><\/p>\n<div class=\"td-social-but-text\">Facebook<\/div>\n<p><\/a><a class=\"td-social-sharing-buttons td-social-twitter\" href=\"https:\/\/twitter.com\/intent\/tweet?text=Posturile+de+poli%C5%A3ie+din+mediul+rural+ar+putea+fi+reabilitate&amp;url=https%3A%2F%2Fwww.tvbuzau.ro%2Fposturile-de-politie-din-mediul-rural-ar-putea-fi-reabilitate%2F&amp;via=TV+Buz%C4%83u\"><\/p>\n<div class=\"td-social-but-text\">Twitter<\/div>\n<p><\/a><\/div>\n<div class=\"td-classic-sharing\">\n<ul>\n<li class=\"td-classic-facebook\"><iframe frameborder src=\"https:\/\/www.facebook.com\/plugins\/like.php?href=https:\/\/www.tvbuzau.ro\/posturile-de-politie-din-mediul-rural-ar-putea-fi-reabilitate\/&amp;layout=button_count&amp;show_faces=false&amp;width=105&amp;action=like&amp;colorscheme=light&amp;height=21\"><\/iframe><\/li>\n<li class=\"td-classic-twitter\"><a href=\"https:\/\/twitter.com\/share\" class=\"twitter-share-button\" data-url=\"https:\/\/www.tvbuzau.ro\/posturile-de-politie-din-mediul-rural-ar-putea-fi-reabilitate\/\" data-text=\"Posturile de poli\u0163ie din mediul rural ar putea fi reabilitate\" data-via data-lang=\"en\">tweet<\/a><\/li>\n<\/ul>\n<\/div>\n<\/div>\n<div class=\"td-author-name vcard author\"><span class=\"fn\"><a href=\"https:\/\/www.tvbuzau.ro\/author\/mihai-vasilescu\/\">TV Buz\u0103u<\/a><\/span><\/div>\n<p><span><\/span><span><span><\/span><\/span><span><\/span><\/footer>\n<\/article>\n<div class=\"td_block_wrap td_block_related_posts td_uid_1_69aa9a4c2b56d_rand td_with_ajax_pagination td-pb-border-top\" data-td-block-uid=\"td_uid_1_69aa9a4c2b56d\">\n<h4 class=\"td-related-title\"><a id=\"td_uid_2_69aa9a4c307e3\" class=\"td-related-left td-cur-simple-item\" data-td_filter_value data-td_block_id=\"td_uid_1_69aa9a4c2b56d\" href=\"https:\/\/www.tvbuzau.ro\/posturile-de-politie-din-mediul-rural-ar-putea-fi-reabilitate\/\">ARTICOLE SIMILARE<\/a><a id=\"td_uid_3_69aa9a4c3081d\" class=\"td-related-right\" data-td_filter_value=\"td_related_more_from_author\" data-td_block_id=\"td_uid_1_69aa9a4c2b56d\" href=\"https:\/\/www.tvbuzau.ro\/posturile-de-politie-din-mediul-rural-ar-putea-fi-reabilitate\/\">DE LA ACELA\u0218I AUTOR<\/a><\/h4>\n<div id=\"td_uid_1_69aa9a4c2b56d\" class=\"td_block_inner\">\n<div class=\"td-related-row\">\n<div class=\"td-related-span4\">\n<div class=\"td_module_related_posts td-animation-stack td_mod_related_posts\">\n<div class=\"td-module-image\">\n<div class=\"td-module-thumb\"><a href=\"https:\/\/www.tvbuzau.ro\/ar-fi-necesara-infiintarea-unui-cabinet-de-vaccinare-anti-hpv\/\" rel=\"bookmark\" title=\"Ar fi necesar\u0103 \u00eenfiin\u0163area unui cabinet de vaccinare anti-HPV\"><img loading=\"lazy\" decoding=\"async\" width=\"218\" height=\"150\" class=\"entry-thumb\" src=\"https:\/\/www.tvbuzau.ro\/wp-content\/uploads\/2026\/03\/hqdefault-6-218x150.jpg\" alt title=\"Ar fi necesar\u0103 \u00eenfiin\u0163area unui cabinet de vaccinare anti-HPV\"><span class=\"td-video-play-ico\"><img loading=\"lazy\" decoding=\"async\" width=\"40\" height=\"40\" class=\"td-retina\" src=\"https:\/\/www.tvbuzau.ro\/wp-content\/themes\/Newspaper\/images\/icons\/ico-video-large.png\" alt=\"video\"><\/span><\/a><\/div>\n<p><a href=\"https:\/\/www.tvbuzau.ro\/category\/actualitate\/\" class=\"td-post-category\">Actualitate<\/a><\/div>\n<div class=\"item-details\">\n<h3 class=\"entry-title td-module-title\"><a href=\"https:\/\/www.tvbuzau.ro\/ar-fi-necesara-infiintarea-unui-cabinet-de-vaccinare-anti-hpv\/\" rel=\"bookmark\" title=\"Ar fi necesar\u0103 \u00eenfiin\u0163area unui cabinet de vaccinare anti-HPV\">Ar fi necesar\u0103 \u00eenfiin\u0163area unui cabinet de vaccinare anti-HPV<\/a><\/h3>\n<\/div>\n<\/div>\n<\/div>\n<div class=\"td-related-span4\">\n<div class=\"td_module_related_posts td-animation-stack td_mod_related_posts\">\n<div class=\"td-module-image\">\n<div class=\"td-module-thumb\"><a href=\"https:\/\/www.tvbuzau.ro\/peste-700-de-aparate-si-300-de-sali-cu-jocuri-de-noroc\/\" rel=\"bookmark\" title=\"Peste 700 de aparate \u015fi 300 de s\u0103li cu jocuri de noroc\"><img loading=\"lazy\" decoding=\"async\" width=\"218\" height=\"150\" class=\"entry-thumb\" src=\"https:\/\/www.tvbuzau.ro\/wp-content\/uploads\/2026\/03\/maxresdefault-1-218x150.jpg\" alt title=\"Peste 700 de aparate \u015fi 300 de s\u0103li cu jocuri de noroc\"><span class=\"td-video-play-ico\"><img loading=\"lazy\" decoding=\"async\" width=\"40\" height=\"40\" class=\"td-retina\" src=\"https:\/\/www.tvbuzau.ro\/wp-content\/themes\/Newspaper\/images\/icons\/ico-video-large.png\" alt=\"video\"><\/span><\/a><\/div>\n<p><a href=\"https:\/\/www.tvbuzau.ro\/category\/actualitate\/\" class=\"td-post-category\">Actualitate<\/a><\/div>\n<div class=\"item-details\">\n<h3 class=\"entry-title td-module-title\"><a href=\"https:\/\/www.tvbuzau.ro\/peste-700-de-aparate-si-300-de-sali-cu-jocuri-de-noroc\/\" rel=\"bookmark\" title=\"Peste 700 de aparate \u015fi 300 de s\u0103li cu jocuri de noroc\">Peste 700 de aparate \u015fi 300 de s\u0103li cu jocuri de noroc<\/a><\/h3>\n<\/div>\n<\/div>\n<\/div>\n<div class=\"td-related-span4\">\n<div class=\"td_module_related_posts td-animation-stack td_mod_related_posts\">\n<div class=\"td-module-image\">\n<div class=\"td-module-thumb\"><a href=\"https:\/\/www.tvbuzau.ro\/eveniment-dedicat-femeilor-cu-ocazia-zilei-de-8-martie\/\" rel=\"bookmark\" title=\"Eveniment dedicat femeilor cu ocazia Zilei de 8 Martie\"><img loading=\"lazy\" decoding=\"async\" width=\"218\" height=\"150\" class=\"entry-thumb\" src=\"https:\/\/www.tvbuzau.ro\/wp-content\/uploads\/2026\/03\/sddefault-12-218x150.jpg\" alt title=\"Eveniment dedicat femeilor cu ocazia Zilei de 8 Martie\"><span class=\"td-video-play-ico\"><img loading=\"lazy\" decoding=\"async\" width=\"40\" height=\"40\" class=\"td-retina\" src=\"https:\/\/www.tvbuzau.ro\/wp-content\/themes\/Newspaper\/images\/icons\/ico-video-large.png\" alt=\"video\"><\/span><\/a><\/div>\n<p><a href=\"https:\/\/www.tvbuzau.ro\/category\/actualitate\/\" class=\"td-post-category\">Actualitate<\/a><\/div>\n<div class=\"item-details\">\n<h3 class=\"entry-title td-module-title\"><a href=\"https:\/\/www.tvbuzau.ro\/eveniment-dedicat-femeilor-cu-ocazia-zilei-de-8-martie\/\" rel=\"bookmark\" title=\"Eveniment dedicat femeilor cu ocazia Zilei de 8 Martie\">Eveniment dedicat femeilor cu ocazia Zilei de 8 Martie<\/a><\/h3>\n<\/div>\n<\/div>\n<\/div>\n<\/div>\n<div class=\"td-related-row\">\n<div class=\"td-related-span4\">\n<div class=\"td_module_related_posts td-animation-stack td_mod_related_posts\">\n<div class=\"td-module-image\">\n<div class=\"td-module-thumb\"><a href=\"https:\/\/www.tvbuzau.ro\/2026-anul-constantin-brancusi\/\" rel=\"bookmark\" title=\"2026 \u2013 \u201eAnul Constantin Br\u00e2ncu\u0219i\u201d\"><img loading=\"lazy\" decoding=\"async\" width=\"218\" height=\"150\" class=\"entry-thumb\" src=\"https:\/\/www.tvbuzau.ro\/wp-content\/uploads\/2026\/03\/hqdefault-5-218x150.jpg\" alt title=\"2026 \u2013 \u201eAnul Constantin Br\u00e2ncu\u0219i\u201d\"><span class=\"td-video-play-ico\"><img loading=\"lazy\" decoding=\"async\" width=\"40\" height=\"40\" class=\"td-retina\" src=\"https:\/\/www.tvbuzau.ro\/wp-content\/themes\/Newspaper\/images\/icons\/ico-video-large.png\" alt=\"video\"><\/span><\/a><\/div>\n<p><a href=\"https:\/\/www.tvbuzau.ro\/category\/actualitate\/\" class=\"td-post-category\">Actualitate<\/a><\/div>\n<div class=\"item-details\">\n<h3 class=\"entry-title td-module-title\"><a href=\"https:\/\/www.tvbuzau.ro\/2026-anul-constantin-brancusi\/\" rel=\"bookmark\" title=\"2026 \u2013 \u201eAnul Constantin Br\u00e2ncu\u0219i\u201d\">2026 \u2013 \u201eAnul Constantin Br\u00e2ncu\u0219i\u201d<\/a><\/h3>\n<\/div>\n<\/div>\n<\/div>\n<div class=\"td-related-span4\">\n<div class=\"td_module_related_posts td-animation-stack td_mod_related_posts\">\n<div class=\"td-module-image\">\n<div class=\"td-module-thumb\"><a href=\"https:\/\/www.tvbuzau.ro\/avertisment-de-la-directia-agricola-in-contextul-mercosur\/\" rel=\"bookmark\" title=\"Avertisment de la Direc\u0163ia Agricol\u0103 \u00een contextul MERCOSUR\"><img loading=\"lazy\" decoding=\"async\" width=\"218\" height=\"150\" class=\"entry-thumb\" src=\"https:\/\/www.tvbuzau.ro\/wp-content\/uploads\/2026\/03\/sddefault-11-218x150.jpg\" alt title=\"Avertisment de la Direc\u0163ia Agricol\u0103 \u00een contextul MERCOSUR\"><span class=\"td-video-play-ico\"><img loading=\"lazy\" decoding=\"async\" width=\"40\" height=\"40\" class=\"td-retina\" src=\"https:\/\/www.tvbuzau.ro\/wp-content\/themes\/Newspaper\/images\/icons\/ico-video-large.png\" alt=\"video\"><\/span><\/a><\/div>\n<p><a href=\"https:\/\/www.tvbuzau.ro\/category\/actualitate\/\" class=\"td-post-category\">Actualitate<\/a><\/div>\n<div class=\"item-details\">\n<h3 class=\"entry-title td-module-title\"><a href=\"https:\/\/www.tvbuzau.ro\/avertisment-de-la-directia-agricola-in-contextul-mercosur\/\" rel=\"bookmark\" title=\"Avertisment de la Direc\u0163ia Agricol\u0103 \u00een contextul MERCOSUR\">Avertisment de la Direc\u0163ia Agricol\u0103 \u00een contextul MERCOSUR<\/a><\/h3>\n<\/div>\n<\/div>\n<\/div>\n<div class=\"td-related-span4\">\n<div class=\"td_module_related_posts td-animation-stack td_mod_related_posts\">\n<div class=\"td-module-image\">\n<div class=\"td-module-thumb\"><a href=\"https:\/\/www.tvbuzau.ro\/sute-de-exemplare-de-pisica-salbatica-in-padurile-judetului-buzau\/\" rel=\"bookmark\" title=\"Sute de exemplare de pisic\u0103 s\u0103lbatic\u0103 \u00een p\u0103durile jude\u0163ului Buz\u0103u\"><img loading=\"lazy\" decoding=\"async\" width=\"218\" height=\"150\" class=\"entry-thumb\" src=\"https:\/\/www.tvbuzau.ro\/wp-content\/uploads\/2026\/03\/bscap0000-218x150.jpg\" alt title=\"Sute de exemplare de pisic\u0103 s\u0103lbatic\u0103 \u00een p\u0103durile jude\u0163ului Buz\u0103u\"><span class=\"td-video-play-ico\"><img loading=\"lazy\" decoding=\"async\" width=\"40\" height=\"40\" class=\"td-retina\" src=\"https:\/\/www.tvbuzau.ro\/wp-content\/themes\/Newspaper\/images\/icons\/ico-video-large.png\" alt=\"video\"><\/span><\/a><\/div>\n<p><a href=\"https:\/\/www.tvbuzau.ro\/category\/actualitate\/\" class=\"td-post-category\">Actualitate<\/a><\/div>\n<div class=\"item-details\">\n<h3 class=\"entry-title td-module-title\"><a href=\"https:\/\/www.tvbuzau.ro\/sute-de-exemplare-de-pisica-salbatica-in-padurile-judetului-buzau\/\" rel=\"bookmark\" title=\"Sute de exemplare de pisic\u0103 s\u0103lbatic\u0103 \u00een p\u0103durile jude\u0163ului Buz\u0103u\">Sute de exemplare de pisic\u0103 s\u0103lbatic\u0103 \u00een p\u0103durile jude\u0163ului Buz\u0103u<\/a><\/h3>\n<\/div>\n<\/div>\n<\/div>\n<\/div>\n<\/div>\n<\/div>\n<div class=\"comments\" id=\"comments\">\n<div id=\"respond\" class=\"comment-respond\">\n<h3 id=\"reply-title\" class=\"comment-reply-title\">L\u0102SA\u021aI UN MESAJ <small><a rel=\"nofollow\" id=\"cancel-comment-reply-link\" href=\"https:\/\/www.tvbuzau.ro\/posturile-de-politie-din-mediul-rural-ar-putea-fi-reabilitate\/#respond\">Renun\u021ba\u021bi la r\u0103spuns<\/a><\/small><\/h3>\n<\/div>\n<\/div>\n<\/div>\n<div class=\"td-post-content\">\n<div class=\"td-featured-image-rec\">\n<div class=\"wpb_video_wrapper\">\n                    <iframe loading=\"lazy\" id=\"td_youtube_player\" width=\"600\" height=\"560\" src=\"https:\/\/www.youtube.com\/embed\/22SPjzfWs2s?enablejsapi=1&amp;feature=oembed&amp;wmode=opaque&amp;vq=hd720\" frameborder allowfullscreen><\/iframe><\/p><\/div>\n<\/div>\n<p>Ce spune Inspectoratul Jude\u0163ean de Poli\u0163ie Buz\u0103u<br \/>\nConducerea Inspectoratului Jude\u0163ean de Poli\u0163ie Buz\u0103u a anun\u0163at c\u0103 se fac evalu\u0103ri \u00een vederea \u00eembun\u0103t\u0103\u0163irii condi\u0163iilor \u00een care \u00ee\u015fi desf\u0103\u015foar\u0103 activitatea oamenii legii. \u00cen acest context au fost accesate fonduri pentru reabilitarea unor sedii din Buz\u0103u \u015fi R\u00e2mnicu S\u0103rat.<br \/>\nTotodat\u0103, institu\u0163ia a anun\u0163at c\u0103 se fac eforturi pentru identificrea unor solu\u0163ii financiare necesare reabilit\u0103rii posturilor de poli\u0163ie rurale.<br \/>\n\u00cen ceea ce prive\u015fte dotarea, conducerea IPJ a ad\u0103ugat c\u0103 au fost deja realizate investi\u0163ii \u00een acest sens.<\/p>\n<div class=\"post-views post-118253 entry-meta\"><span class=\"post-views-label\">Post Views: <\/span><span class=\"post-views-count\">178<\/span><\/div>\n<\/div>\n<p>[analyse_source url=&#8221;https:\/\/www.tvbuzau.ro\/posturile-de-politie-din-mediul-rural-ar-putea-fi-reabilitate\/&#8221;]<\/p>\n","protected":false},"excerpt":{"rendered":"<p>[analyse_image type=&#8221;featured&#8221; src=&#8221;https:\/\/www.tvbuzau.ro\/wp-content\/uploads\/2026\/03\/maxresdefault.jpghttps:\/\/www.tvbuzau.ro\/wp-content\/uploads\/2026\/03\/maxresdefault.jpg&#8221;] Actualitate Posturile de poli\u0163ie din mediul rural ar putea fi reabilitate De c\u0103tre TV Buz\u0103u &#8211; martie 5, 2026 0 20 Distribui\u021bi pe Facebook Distribui\u021bi pe Twitter tweet Ce spune Inspectoratul Jude\u0163ean de Poli\u0163ie Buz\u0103u Conducerea Inspectoratului Jude\u0163ean de Poli\u0163ie Buz\u0103u a anun\u0163at c\u0103 se fac evalu\u0103ri \u00een vederea \u00eembun\u0103t\u0103\u0163irii condi\u0163iilor \u00een [&hellip;]<\/p>\n","protected":false},"author":1,"featured_media":0,"comment_status":"open","ping_status":"","sticky":false,"template":"","format":"standard","meta":{"footnotes":""},"categories":[2],"tags":[226,116],"class_list":["post-1810506","post","type-post","status-publish","format-standard","hentry","category-politics","tag-crawlmanager","tag-tvbuzau-ro"],"_links":{"self":[{"href":"https:\/\/analyse.optim.biz\/index.php?rest_route=\/wp\/v2\/posts\/1810506","targetHints":{"allow":["GET"]}}],"collection":[{"href":"https:\/\/analyse.optim.biz\/index.php?rest_route=\/wp\/v2\/posts"}],"about":[{"href":"https:\/\/analyse.optim.biz\/index.php?rest_route=\/wp\/v2\/types\/post"}],"author":[{"embeddable":true,"href":"https:\/\/analyse.optim.biz\/index.php?rest_route=\/wp\/v2\/users\/1"}],"replies":[{"embeddable":true,"href":"https:\/\/analyse.optim.biz\/index.php?rest_route=%2Fwp%2Fv2%2Fcomments&post=1810506"}],"version-history":[{"count":0,"href":"https:\/\/analyse.optim.biz\/index.php?rest_route=\/wp\/v2\/posts\/1810506\/revisions"}],"wp:attachment":[{"href":"https:\/\/analyse.optim.biz\/index.php?rest_route=%2Fwp%2Fv2%2Fmedia&parent=1810506"}],"wp:term":[{"taxonomy":"category","embeddable":true,"href":"https:\/\/analyse.optim.biz\/index.php?rest_route=%2Fwp%2Fv2%2Fcategories&post=1810506"},{"taxonomy":"post_tag","embeddable":true,"href":"https:\/\/analyse.optim.biz\/index.php?rest_route=%2Fwp%2Fv2%2Ftags&post=1810506"}],"curies":[{"name":"wp","href":"https:\/\/api.w.org\/{rel}","templated":true}]}}