{"id":1810266,"date":"2026-03-05T16:20:47","date_gmt":"2026-03-05T13:20:47","guid":{"rendered":"https:\/\/analyse.optim.biz\/?p=1810266"},"modified":"2026-03-05T16:20:47","modified_gmt":"2026-03-05T13:20:47","slug":"peste-400-de-posturi-deblocate-pentru-23-de-crese-noi-ministrul-educatiei-investim-in-inceputul-educatiei","status":"publish","type":"post","link":"https:\/\/analyse.optim.biz\/?p=1810266","title":{"rendered":"Peste 400 de posturi deblocate pentru 23 de cre\u0219e noi. Ministrul Educa\u021biei: \u201eInvestim \u00een \u00eenceputul educa\u021biei"},"content":{"rendered":"<p>[analyse_image type=&#8221;featured&#8221; src=&#8221;https:\/\/suceavalive.ro\/wp-content\/uploads\/2026\/03\/IMG_2708.jpeghttps:\/\/suceavalive.ro\/wp-content\/uploads\/2026\/03\/IMG_2708.jpeg&#8221;]<\/p>\n<article id=\"post-288533\" class=\"clearfix post-288533 post type-post status-publish format-standard has-post-thumbnail hentry category-national-2 category-slide\">\n<header id=\"cb-standard-featured\">\n<div id=\"cb-fis-wrap\" class=\"cb-entry-header cb-fis cb-style-standard\"><span class=\"cb-title-fi\"><\/p>\n<h1 class=\"entry-title cb-entry-title cb-single-title\">Peste 400 de posturi deblocate pentru 23 de cre\u0219e noi. Ministrul Educa\u021biei: \u201eInvestim \u00een \u00eenceputul educa\u021biei copiilor\u201d<\/h1>\n<div class=\"cb-byline cb-font-header\">\n<div class=\"cb-date cb-byline-element\"><time datetime=\"2026-03-05\">5 martie 2026<\/time><\/div>\n<\/div>\n<p><\/span><\/div>\n<\/header>\n<section class=\"cb-entry-content entry-content clearfix\">\n<p data-start=\"143\" data-end=\"411\">Ministrul Educa\u021biei \u0219i Cercet\u0103rii a anun\u021bat, dup\u0103 prima sa participare la \u0219edin\u021ba de guvern \u00een aceast\u0103 calitate, aprobarea unui memorandum care permite scoaterea la concurs a peste 400 de posturi necesare pentru func\u021bionarea a 23 de cre\u0219e aflate \u00een curs de finalizare.<\/p>\n<p data-start=\"413\" data-end=\"599\">Noile unit\u0103\u021bi vor putea primi aproximativ 1.300 de copii din 18 jude\u021be ale \u021b\u0103rii, contribuind la extinderea accesului la servicii de educa\u021bie timpurie \u0219i sprijin pentru familiile tinere.<\/p>\n<p data-start=\"601\" data-end=\"832\">Memorandumul a fost ini\u021biat de Ministerul Educa\u021biei \u0219i Cercet\u0103rii \u0219i aprobat \u00een cadrul \u0219edin\u021bei de guvern de ast\u0103zi, ceea ce permite autorit\u0103\u021bilor s\u0103 \u00eenceap\u0103 procedurile de recrutare pentru personalul necesar func\u021bion\u0103rii cre\u0219elor.<\/p>\n<p data-start=\"834\" data-end=\"1202\">\u201eEste o veste bun\u0103 cu care \u00eencep acest mandat. Prin aprobarea acestui memorandum debloc\u0103m peste 400 de posturi \u0219i facem posibil\u0103 deschiderea a 23 de cre\u0219e moderne, care vor putea primi aproximativ 1.300 de copii. Investi\u021bia \u00een educa\u021bia timpurie este una dintre cele mai importante investi\u021bii pe care le poate face statul\u201d, a declarat ministrul Educa\u021biei \u0219i Cercet\u0103rii.<\/p>\n<p data-start=\"1204\" data-end=\"1418\">Potrivit ministrului, direc\u021biile de ac\u021biune ale ministerului sunt stabilite prin Programul de guvernare aprobat de Parlament \u00een iunie 2025, \u00eens\u0103 dialogul cu to\u021bi actorii din sistemul educa\u021bional va r\u0103m\u00e2ne esen\u021bial.<\/p>\n<p data-start=\"1420\" data-end=\"1720\" data-is-last-node data-is-only-node>\u201eDincolo de obiectivele din Programul de guvernare, cred c\u0103 \u00een educa\u021bie avem nevoie de mai mult dialog, empatie \u0219i corectitudine \u00eentre to\u021bi cei care pot influen\u021ba rezultatul final: profesori, elevi \u0219i studen\u021bi, p\u0103rin\u021bi, sindicate \u0219i reprezentan\u021bi ai administra\u021biei publice\u201d, a mai transmis ministrul.<\/p>\n<\/section>\n<footer class=\"article-footer\">\n<div class=\"cb-social-sharing cb-post-footer-block cb-beside clearfix\">\n<div class=\"cb-title-subtle\">Share On:<\/div>\n<div class=\"cb-twitter\"><a href=\"https:\/\/twitter.com\/share\" class=\"twitter-share-button\" data-dnt=\"true\" data-count=\"horizontal\">Tweet<\/a><\/div>\n<\/div>\n<div id=\"cb-previous-next-links\" class=\"cb-post-footer-block clearfix\">\n<div id=\"cb-previous-link\"><a href=\"https:\/\/suceavalive.ro\/deputatul-de-suceava-ghervazen-longher-in-delegatia-oficiala-care-il-insoteste-pe-presedintele-nicusor-dan-in-polonia\/\" rel=\"prev\">Deputatul de Suceava Ghervazen Longher, \u00een delega\u021bia oficial\u0103 care \u00eel \u00eenso\u021be\u0219te pe pre\u0219edintele Nicu\u0219or Dan \u00een Polonia<\/a><\/div>\n<div id=\"cb-next-link\"><a href=\"https:\/\/suceavalive.ro\/cum-va-fi-vremea-in-perioada-9-martie-6-aprilie\/\" rel=\"next\">Cum va fi vremea \u00een perioada 9 martie-6 aprilie<\/a><\/div>\n<\/div>\n<div id=\"cb-author-box\" class=\"clearfix\">\n<h3 class=\"cb-block-title\">Despre autor<\/h3>\n<div class=\"cb-meta\">\n<div class=\"cb-info\">\n<div class=\"cb-author-title vcard\"><a href=\"https:\/\/suceavalive.ro\/author\/suceavalive\/\"><span class=\"fn\">SuceavaLive<\/span><\/a><\/div>\n<\/div>\n<\/div>\n<\/div>\n<div id=\"cb-related-posts\" class=\"cb-related-posts-block cb-post-end-block clearfix\">\n<h3 class=\"cb-block-title\">Postari asemanatoare<\/h3>\n<ul>\n<li class=\"cb-style-overlay cb-grid-entry cb-related-post no-1\">\n<div class=\"cb-meta cb-article-meta\">\n<h4 class=\"h3 cb-post-title\"><a href=\"https:\/\/suceavalive.ro\/cum-va-fi-vremea-in-perioada-9-martie-6-aprilie\/\">Cum va fi vremea \u00een perioada 9 martie-6 aprilie<\/a><\/h4>\n<div class=\"cb-byline cb-font-header\">\n<div class=\"cb-date cb-byline-element\"><time datetime=\"2026-03-06\">6 martie 2026<\/time><\/div>\n<\/div>\n<\/div>\n<\/li>\n<li class=\"cb-style-overlay cb-grid-entry cb-related-post no-2\">\n<div class=\"cb-meta cb-article-meta\">\n<h4 class=\"h3 cb-post-title\"><a href=\"https:\/\/suceavalive.ro\/deputatul-de-suceava-ghervazen-longher-in-delegatia-oficiala-care-il-insoteste-pe-presedintele-nicusor-dan-in-polonia\/\">Deputatul de Suceava Ghervazen Longher, \u00een delega\u021bia oficial\u0103 care \u00eel \u00eenso\u021be\u0219te pe pre\u0219edintele Nicu\u0219or Dan \u00een Polonia<\/a><\/h4>\n<div class=\"cb-byline cb-font-header\">\n<div class=\"cb-date cb-byline-element\"><time datetime=\"2026-03-05\">5 martie 2026<\/time><\/div>\n<\/div>\n<\/div>\n<\/li>\n<\/ul>\n<\/div>\n<\/footer>\n<div id=\"respond\" class=\"comment-respond\">\n<h3 id=\"reply-title\" class=\"comment-reply-title\">Lasa un raspuns <small><a rel=\"nofollow\" id=\"cancel-comment-reply-link\" href=\"https:\/\/suceavalive.ro\/peste-400-de-posturi-deblocate-pentru-23-de-crese-noi-ministrul-educatiei-investim-in-inceputul-educatiei-copiilor\/#respond\">Anuleaza raspunsul<\/a><\/small><\/h3>\n<p class=\"comment-notes\">Adresa ta de email nu va fi publicat\u0103.<\/p>\n<\/div>\n<\/article>\n<section class=\"cb-entry-content entry-content clearfix\">\n<p data-start=\"143\" data-end=\"411\">Ministrul Educa\u021biei \u0219i Cercet\u0103rii a anun\u021bat, dup\u0103 prima sa participare la \u0219edin\u021ba de guvern \u00een aceast\u0103 calitate, aprobarea unui memorandum care permite scoaterea la concurs a peste 400 de posturi necesare pentru func\u021bionarea a 23 de cre\u0219e aflate \u00een curs de finalizare.<\/p>\n<p data-start=\"413\" data-end=\"599\">Noile unit\u0103\u021bi vor putea primi aproximativ 1.300 de copii din 18 jude\u021be ale \u021b\u0103rii, contribuind la extinderea accesului la servicii de educa\u021bie timpurie \u0219i sprijin pentru familiile tinere.<\/p>\n<p data-start=\"601\" data-end=\"832\">Memorandumul a fost ini\u021biat de Ministerul Educa\u021biei \u0219i Cercet\u0103rii \u0219i aprobat \u00een cadrul \u0219edin\u021bei de guvern de ast\u0103zi, ceea ce permite autorit\u0103\u021bilor s\u0103 \u00eenceap\u0103 procedurile de recrutare pentru personalul necesar func\u021bion\u0103rii cre\u0219elor.<\/p>\n<p data-start=\"834\" data-end=\"1202\">\u201eEste o veste bun\u0103 cu care \u00eencep acest mandat. Prin aprobarea acestui memorandum debloc\u0103m peste 400 de posturi \u0219i facem posibil\u0103 deschiderea a 23 de cre\u0219e moderne, care vor putea primi aproximativ 1.300 de copii. Investi\u021bia \u00een educa\u021bia timpurie este una dintre cele mai importante investi\u021bii pe care le poate face statul\u201d, a declarat ministrul Educa\u021biei \u0219i Cercet\u0103rii.<\/p>\n<p data-start=\"1204\" data-end=\"1418\">Potrivit ministrului, direc\u021biile de ac\u021biune ale ministerului sunt stabilite prin Programul de guvernare aprobat de Parlament \u00een iunie 2025, \u00eens\u0103 dialogul cu to\u021bi actorii din sistemul educa\u021bional va r\u0103m\u00e2ne esen\u021bial.<\/p>\n<p data-start=\"1420\" data-end=\"1720\" data-is-last-node data-is-only-node>\u201eDincolo de obiectivele din Programul de guvernare, cred c\u0103 \u00een educa\u021bie avem nevoie de mai mult dialog, empatie \u0219i corectitudine \u00eentre to\u021bi cei care pot influen\u021ba rezultatul final: profesori, elevi \u0219i studen\u021bi, p\u0103rin\u021bi, sindicate \u0219i reprezentan\u021bi ai administra\u021biei publice\u201d, a mai transmis ministrul.<\/p>\n<\/section>\n<section class=\"cb-entry-content entry-content clearfix\">\n<p data-start=\"143\" data-end=\"411\">Ministrul Educa\u021biei \u0219i Cercet\u0103rii a anun\u021bat, dup\u0103 prima sa participare la \u0219edin\u021ba de guvern \u00een aceast\u0103 calitate, aprobarea unui memorandum care permite scoaterea la concurs a peste 400 de posturi necesare pentru func\u021bionarea a 23 de cre\u0219e aflate \u00een curs de finalizare.<\/p>\n<p data-start=\"413\" data-end=\"599\">Noile unit\u0103\u021bi vor putea primi aproximativ 1.300 de copii din 18 jude\u021be ale \u021b\u0103rii, contribuind la extinderea accesului la servicii de educa\u021bie timpurie \u0219i sprijin pentru familiile tinere.<\/p>\n<p data-start=\"601\" data-end=\"832\">Memorandumul a fost ini\u021biat de Ministerul Educa\u021biei \u0219i Cercet\u0103rii \u0219i aprobat \u00een cadrul \u0219edin\u021bei de guvern de ast\u0103zi, ceea ce permite autorit\u0103\u021bilor s\u0103 \u00eenceap\u0103 procedurile de recrutare pentru personalul necesar func\u021bion\u0103rii cre\u0219elor.<\/p>\n<p data-start=\"834\" data-end=\"1202\">\u201eEste o veste bun\u0103 cu care \u00eencep acest mandat. Prin aprobarea acestui memorandum debloc\u0103m peste 400 de posturi \u0219i facem posibil\u0103 deschiderea a 23 de cre\u0219e moderne, care vor putea primi aproximativ 1.300 de copii. Investi\u021bia \u00een educa\u021bia timpurie este una dintre cele mai importante investi\u021bii pe care le poate face statul\u201d, a declarat ministrul Educa\u021biei \u0219i Cercet\u0103rii.<\/p>\n<p data-start=\"1204\" data-end=\"1418\">Potrivit ministrului, direc\u021biile de ac\u021biune ale ministerului sunt stabilite prin Programul de guvernare aprobat de Parlament \u00een iunie 2025, \u00eens\u0103 dialogul cu to\u021bi actorii din sistemul educa\u021bional va r\u0103m\u00e2ne esen\u021bial.<\/p>\n<p data-start=\"1420\" data-end=\"1720\" data-is-last-node data-is-only-node>\u201eDincolo de obiectivele din Programul de guvernare, cred c\u0103 \u00een educa\u021bie avem nevoie de mai mult dialog, empatie \u0219i corectitudine \u00eentre to\u021bi cei care pot influen\u021ba rezultatul final: profesori, elevi \u0219i studen\u021bi, p\u0103rin\u021bi, sindicate \u0219i reprezentan\u021bi ai administra\u021biei publice\u201d, a mai transmis ministrul.<\/p>\n<\/section>\n<p>[analyse_source url=&#8221;https:\/\/suceavalive.ro\/peste-400-de-posturi-deblocate-pentru-23-de-crese-noi-ministrul-educatiei-investim-in-inceputul-educatiei-copiilor\/&#8221;]<\/p>\n","protected":false},"excerpt":{"rendered":"<p>[analyse_image type=&#8221;featured&#8221; src=&#8221;https:\/\/suceavalive.ro\/wp-content\/uploads\/2026\/03\/IMG_2708.jpeghttps:\/\/suceavalive.ro\/wp-content\/uploads\/2026\/03\/IMG_2708.jpeg&#8221;] Peste 400 de posturi deblocate pentru 23 de cre\u0219e noi. Ministrul Educa\u021biei: \u201eInvestim \u00een \u00eenceputul educa\u021biei copiilor\u201d 5 martie 2026 Ministrul Educa\u021biei \u0219i Cercet\u0103rii a anun\u021bat, dup\u0103 prima sa participare la \u0219edin\u021ba de guvern \u00een aceast\u0103 calitate, aprobarea unui memorandum care permite scoaterea la concurs a peste 400 de posturi necesare pentru [&hellip;]<\/p>\n","protected":false},"author":1,"featured_media":0,"comment_status":"open","ping_status":"","sticky":false,"template":"","format":"standard","meta":{"footnotes":""},"categories":[89],"tags":[226,173],"class_list":["post-1810266","post","type-post","status-publish","format-standard","hentry","category-romania","tag-crawlmanager","tag-suceavalive-ro"],"_links":{"self":[{"href":"https:\/\/analyse.optim.biz\/index.php?rest_route=\/wp\/v2\/posts\/1810266","targetHints":{"allow":["GET"]}}],"collection":[{"href":"https:\/\/analyse.optim.biz\/index.php?rest_route=\/wp\/v2\/posts"}],"about":[{"href":"https:\/\/analyse.optim.biz\/index.php?rest_route=\/wp\/v2\/types\/post"}],"author":[{"embeddable":true,"href":"https:\/\/analyse.optim.biz\/index.php?rest_route=\/wp\/v2\/users\/1"}],"replies":[{"embeddable":true,"href":"https:\/\/analyse.optim.biz\/index.php?rest_route=%2Fwp%2Fv2%2Fcomments&post=1810266"}],"version-history":[{"count":0,"href":"https:\/\/analyse.optim.biz\/index.php?rest_route=\/wp\/v2\/posts\/1810266\/revisions"}],"wp:attachment":[{"href":"https:\/\/analyse.optim.biz\/index.php?rest_route=%2Fwp%2Fv2%2Fmedia&parent=1810266"}],"wp:term":[{"taxonomy":"category","embeddable":true,"href":"https:\/\/analyse.optim.biz\/index.php?rest_route=%2Fwp%2Fv2%2Fcategories&post=1810266"},{"taxonomy":"post_tag","embeddable":true,"href":"https:\/\/analyse.optim.biz\/index.php?rest_route=%2Fwp%2Fv2%2Ftags&post=1810266"}],"curies":[{"name":"wp","href":"https:\/\/api.w.org\/{rel}","templated":true}]}}