{"id":181013,"date":"2015-05-19T20:33:19","date_gmt":"2015-05-19T17:33:19","guid":{"rendered":"https:\/\/analyse.optim.biz\/?p=181013"},"modified":"2015-05-19T20:33:19","modified_gmt":"2015-05-19T17:33:19","slug":"sondaj-ires-victor-ponta-sau-klaus-iohannis-de-partea-cui-sunt-romanii-in-disputa-asupra-codului-silvic","status":"publish","type":"post","link":"https:\/\/analyse.optim.biz\/?p=181013","title":{"rendered":"SONDAJ IRES. Victor Ponta sau Klaus Iohannis? De partea cui sunt rom\u00e2nii \u00een disputa asupra Codului Silvic"},"content":{"rendered":"<div class=\"entry data-app-meta data-app-meta-article\" data-embed-base-url-canonical=\"https:\/\/www.digi24.ro\/embed\/stiri\/actualitate\/politica\/sondaj-ires-victor-ponta-sau-klaus-iohannis-de-partea-cui-sunt-romanii-in-disputa-asupra-codului-silvic-393527\">\n<p data-index=\"1\">Aproape trei sferturi dintre rom\u00e2ni (73%) cred c\u0103 defri\u0219\u0103rile ilegale sunt o problem\u0103 real\u0103, iar 20% spun c\u0103 este vorba despre un motiv de confruntare politic\u0103.<\/p>\n<p data-index=\"2\">Pentru 83% dintre rom\u00e2ni, acest subiect este important sau foarte important, arat\u0103 sondajul IRES realizat la comanda Digi24.<\/p>\n<p data-index=\"3\">\u00cen ceea ce prive\u0219te disputa dintre premierul Victor Ponta \u0219i pre\u0219edintele Klaus Iohannis pe aceast\u0103 tem\u0103, mai bine de 50% spun c\u0103 au urm\u0103rit subiectul \u0219i c\u0103 \u0219tiu ce pozi\u021bie are fiecare dintre cei doi lideri. 52% dintre responden\u021bi spun c\u0103 sunt de partea lui Klaus Iohannis, iar 20% \u00eel sus\u021bin pe Victor Ponta. 17% dintre rom\u00e2ni nu sus\u021bin nici pozi\u021bia pre\u0219edintelui, nici pe cea a premierului.<\/p>\n<p data-index=\"4\"><img decoding=\"async\" src=\"https:\/\/analyse.optim.biz\/wp-content\/uploads\/2024\/09\/ntg4njuznwi0mtjmndu0mju0mta5ymjmnzhkmwu-thumb_.jpg\" data-skip-htmlfix=\"1\" title=\"ntg4njuznwi0mtjmndu0mju0mta5ymjmnzhkmwu-thumb_\"><\/p>\n<p data-index=\"5\">Premierul a acuzat oameni politici din PNL c\u0103 l-au influen\u021bat pe pre\u0219edinte s\u0103 resping\u0103 promulgarea complet\u0103rii Codului Silvic pentru a favoriza o firm\u0103 austriac\u0103. Pre\u0219edintele a negat \u00eens\u0103 acest lucru.<\/p>\n<p data-index=\"6\">53% dintre cei chestiona\u021bi spun c\u0103 \u00eel cred pe Klaus Iohannis, iar 20% \u00eel cred pe Victor Ponta. 13% nu cred nici declara\u021biile pre\u0219edintelui, nici pe cele ale premierului, iar 14% dintre responden\u021bi fie nu \u0219tiu, fie nu r\u0103spund la aceast\u0103 \u00eentrebare.<\/p>\n<p data-index=\"7\"><img decoding=\"async\" src=\"https:\/\/analyse.optim.biz\/wp-content\/uploads\/2024\/09\/ndvizje4oda2ownjzda0yzjlztdkodjknji4mg-thumb_.jpg\" data-skip-htmlfix=\"1\" title=\"ndvizje4oda2ownjzda0yzjlztdkodjknji4mg-thumb_\"><\/p>\n<p data-index=\"8\">\u00centreba\u021bi cine cred c\u0103 ar trebui s\u0103 fac\u0103 lumin\u0103 \u00een aceast\u0103 problem\u0103, rom\u00e2nii spun: Klaus Iohannis (34%), Guvernul (8%), Justi\u021bia (8%), premierul (6%), Parlamentul (5%), premierul \u0219i pre\u0219edintele (5%).<\/p>\n<p data-index=\"9\"><img decoding=\"async\" src=\"https:\/\/analyse.optim.biz\/wp-content\/uploads\/2024\/09\/yzq3ngjjnjzknwflzmy1zwmwytawoty4otq1owi3oa-thumb_.jpg\" data-skip-htmlfix=\"1\" title=\"yzq3ngjjnjzknwflzmy1zwmwytawoty4otq1owi3oa-thumb_\"><\/p>\n<p data-index=\"10\">Responden\u021bii spun c\u0103 de vin\u0103 pentru defri\u0219\u0103rile ilegale sunt legile din domeniu (43%), administra\u021bia local\u0103 (20%), administra\u021bia central\u0103 (16%).<\/p>\n<p data-index=\"11\"><img decoding=\"async\" src=\"https:\/\/analyse.optim.biz\/wp-content\/uploads\/2024\/09\/nzy1mtizztizy2y1mtg3owewzju4ngq2mze-thumb_.jpg\" data-skip-htmlfix=\"1\" title=\"nzy1mtizztizy2y1mtg3owewzju4ngq2mze-thumb_\"><\/p>\n<p data-index=\"12\">Pe de alt\u0103 parte, 79% dintre responden\u021bi spun c\u0103 sunt de acord cu propunerea premierului de interzicere temporar\u0103 a exportului de lemn. Iar 90% dintre rom\u00e2ni au o p\u0103rere bun\u0103 sau foarte bun\u0103 despre faptul c\u0103 pre\u0219edintele a anun\u021bat c\u0103 problema defri\u0219\u0103rilor va fi dezb\u0103tut\u0103 \u00een CSAT.<\/p>\n<p data-index=\"13\"><img decoding=\"async\" src=\"https:\/\/analyse.optim.biz\/wp-content\/uploads\/2024\/09\/zyz3ptgwmczoyxnoptnmzdqymjc0ote2odkzzmuznzblnzk2mdnhmtjmngq0-thumb_.jpg\" data-skip-htmlfix=\"1\" title=\"zyz3ptgwmczoyxnoptnmzdqymjc0ote2odkzzmuznzblnzk2mdnhmtjmngq0-thumb_\"><\/p>\n<\/div>\n<p> Source URL: https:\/\/www.digi24.ro\/stiri\/actualitate\/politica\/sondaj-ires-victor-ponta-sau-klaus-iohannis-de-partea-cui-sunt-romanii-in-disputa-asupra-codului-silvic-393527<\/p>\n","protected":false},"excerpt":{"rendered":"<p>Aproape trei sferturi dintre rom\u00e2ni (73%) cred c\u0103 defri\u0219\u0103rile ilegale sunt o problem\u0103 real\u0103, iar 20% spun c\u0103 este vorba despre un motiv de confruntare politic\u0103. Pentru 83% dintre rom\u00e2ni, acest subiect este important sau foarte important, arat\u0103 sondajul IRES realizat la comanda Digi24. \u00cen ceea ce prive\u0219te disputa dintre premierul Victor Ponta \u0219i pre\u0219edintele [&hellip;]<\/p>\n","protected":false},"author":1,"featured_media":181014,"comment_status":"open","ping_status":"","sticky":false,"template":"","format":"standard","meta":{"footnotes":""},"categories":[2],"tags":[11],"class_list":["post-181013","post","type-post","status-publish","format-standard","has-post-thumbnail","hentry","category-politics","tag-digi24"],"_links":{"self":[{"href":"https:\/\/analyse.optim.biz\/index.php?rest_route=\/wp\/v2\/posts\/181013","targetHints":{"allow":["GET"]}}],"collection":[{"href":"https:\/\/analyse.optim.biz\/index.php?rest_route=\/wp\/v2\/posts"}],"about":[{"href":"https:\/\/analyse.optim.biz\/index.php?rest_route=\/wp\/v2\/types\/post"}],"author":[{"embeddable":true,"href":"https:\/\/analyse.optim.biz\/index.php?rest_route=\/wp\/v2\/users\/1"}],"replies":[{"embeddable":true,"href":"https:\/\/analyse.optim.biz\/index.php?rest_route=%2Fwp%2Fv2%2Fcomments&post=181013"}],"version-history":[{"count":0,"href":"https:\/\/analyse.optim.biz\/index.php?rest_route=\/wp\/v2\/posts\/181013\/revisions"}],"wp:featuredmedia":[{"embeddable":true,"href":"https:\/\/analyse.optim.biz\/index.php?rest_route=\/wp\/v2\/media\/181014"}],"wp:attachment":[{"href":"https:\/\/analyse.optim.biz\/index.php?rest_route=%2Fwp%2Fv2%2Fmedia&parent=181013"}],"wp:term":[{"taxonomy":"category","embeddable":true,"href":"https:\/\/analyse.optim.biz\/index.php?rest_route=%2Fwp%2Fv2%2Fcategories&post=181013"},{"taxonomy":"post_tag","embeddable":true,"href":"https:\/\/analyse.optim.biz\/index.php?rest_route=%2Fwp%2Fv2%2Ftags&post=181013"}],"curies":[{"name":"wp","href":"https:\/\/api.w.org\/{rel}","templated":true}]}}