{"id":181010,"date":"2015-05-19T23:38:54","date_gmt":"2015-05-19T20:38:54","guid":{"rendered":"https:\/\/analyse.optim.biz\/?p=181010"},"modified":"2015-05-19T23:38:54","modified_gmt":"2015-05-19T20:38:54","slug":"membrii-psd-anuntati-ca-sedinta-cex-pentru-mandatul-lui-liviu-dragnea-nu-va-mai-avea-loc-miercuri","status":"publish","type":"post","link":"https:\/\/analyse.optim.biz\/?p=181010","title":{"rendered":"Membrii PSD, anun\u0163a\u0163i c\u0103 \u015fedin\u0163a CEx pentru mandatul lui Liviu Dragnea nu va mai avea loc miercuri"},"content":{"rendered":"<div class=\"entry data-app-meta data-app-meta-article\" data-embed-base-url-canonical=\"https:\/\/www.digi24.ro\/embed\/stiri\/actualitate\/politica\/membrii-psd-anuntati-ca-sedinta-cex-pentru-mandatul-lui-liviu-dragnea-nu-va-mai-avea-loc-miercuri-393572\">\n<p data-index=\"1\"><img decoding=\"async\" src=\"https:\/\/analyse.optim.biz\/wp-content\/uploads\/2024\/09\/odawjmhhc2g9yte3nmvlmdnlodjjmwzjymi4zde3ztuxmmq5zjezmtu-thumb_.jpg\" data-skip-htmlfix=\"1\" title=\"odawjmhhc2g9yte3nmvlmdnlodjjmwzjymi4zde3ztuxmmq5zjezmtu-thumb_\"><\/p>\n<p data-index=\"2\">Printr-un anun\u0163 transmis mar\u0163i seara, membrii PSD au fost anun\u0163a\u0163i c\u0103 ceremonia de depunere a jur\u0103m\u00e2ntului de c\u0103tre noul ministru al Dezvolt\u0103rii Regionale \u015fi Administra\u0163iei Publice (MDRAP) va avea loc la ora 16.30, astfel c\u0103 \u015fedin\u0163a Comitetului Executiv nu mai poate \u00eencepe la ora 16.00.<\/p>\n<p data-index=\"3\">\u201e<span>La aceast\u0103 or\u0103 se \u015ftie c\u0103 \u015fedin\u0163a Comitetului Executiv nu va mai avea loc miercuri, ci va fi am\u00e2nat\u0103\u201d, au declarat surse din PSD citate de Mediafax.<\/span><\/p>\n<p data-index=\"4\">Luni, \u00een \u015fedin\u0163a Biroului Permanent Na\u0163ional, Liviu Dragnea \u015fi-a depus mandatul de pre\u015fedinte executiv, dar vicepre\u015fedin\u0163ii PSD nu au acceptat retragerea din func\u0163ie a acestuia. Liderul PSD, Victor Ponta, a anun\u0163at c\u0103 pentru miercuri, ora 16.00, a fost programat\u0103 o \u015fedin\u0163\u0103 a Comitetului Executiv, la care particip\u0103 mai mul\u0163i membri PSD, \u00een care s\u0103 fie luat\u0103 o decizie.<\/p>\n<p data-index=\"5\">At\u00e2t Victor Ponta, c\u00e2t \u015fi al\u0163i lideri PSD au ar\u0103tat \u00eens\u0103 c\u0103 rezolu\u0163ia conform c\u0103reia persoanele cu probleme \u00een justi\u0163ie trebuie s\u0103 \u00ee\u015fi piard\u0103 func\u0163ia politic\u0103 nu ar trebui s\u0103 i se aplice lui Liviu Dragnea, deoarece vizeaz\u0103 doar cazuri de corup\u0163ie, iar \u00een cazul acestuia nu ar fi fost comis\u0103 o astfel de fapt\u0103.<\/p>\n<\/div>\n<p> Source URL: https:\/\/www.digi24.ro\/stiri\/actualitate\/politica\/membrii-psd-anuntati-ca-sedinta-cex-pentru-mandatul-lui-liviu-dragnea-nu-va-mai-avea-loc-miercuri-393572<\/p>\n","protected":false},"excerpt":{"rendered":"<p>Printr-un anun\u0163 transmis mar\u0163i seara, membrii PSD au fost anun\u0163a\u0163i c\u0103 ceremonia de depunere a jur\u0103m\u00e2ntului de c\u0103tre noul ministru al Dezvolt\u0103rii Regionale \u015fi Administra\u0163iei Publice (MDRAP) va avea loc la ora 16.30, astfel c\u0103 \u015fedin\u0163a Comitetului Executiv nu mai poate \u00eencepe la ora 16.00. \u201eLa aceast\u0103 or\u0103 se \u015ftie c\u0103 \u015fedin\u0163a Comitetului Executiv nu [&hellip;]<\/p>\n","protected":false},"author":1,"featured_media":181011,"comment_status":"open","ping_status":"","sticky":false,"template":"","format":"standard","meta":{"footnotes":""},"categories":[2],"tags":[11],"class_list":["post-181010","post","type-post","status-publish","format-standard","has-post-thumbnail","hentry","category-politics","tag-digi24"],"_links":{"self":[{"href":"https:\/\/analyse.optim.biz\/index.php?rest_route=\/wp\/v2\/posts\/181010","targetHints":{"allow":["GET"]}}],"collection":[{"href":"https:\/\/analyse.optim.biz\/index.php?rest_route=\/wp\/v2\/posts"}],"about":[{"href":"https:\/\/analyse.optim.biz\/index.php?rest_route=\/wp\/v2\/types\/post"}],"author":[{"embeddable":true,"href":"https:\/\/analyse.optim.biz\/index.php?rest_route=\/wp\/v2\/users\/1"}],"replies":[{"embeddable":true,"href":"https:\/\/analyse.optim.biz\/index.php?rest_route=%2Fwp%2Fv2%2Fcomments&post=181010"}],"version-history":[{"count":0,"href":"https:\/\/analyse.optim.biz\/index.php?rest_route=\/wp\/v2\/posts\/181010\/revisions"}],"wp:featuredmedia":[{"embeddable":true,"href":"https:\/\/analyse.optim.biz\/index.php?rest_route=\/wp\/v2\/media\/181011"}],"wp:attachment":[{"href":"https:\/\/analyse.optim.biz\/index.php?rest_route=%2Fwp%2Fv2%2Fmedia&parent=181010"}],"wp:term":[{"taxonomy":"category","embeddable":true,"href":"https:\/\/analyse.optim.biz\/index.php?rest_route=%2Fwp%2Fv2%2Fcategories&post=181010"},{"taxonomy":"post_tag","embeddable":true,"href":"https:\/\/analyse.optim.biz\/index.php?rest_route=%2Fwp%2Fv2%2Ftags&post=181010"}],"curies":[{"name":"wp","href":"https:\/\/api.w.org\/{rel}","templated":true}]}}