{"id":1810006,"date":"2026-03-05T07:00:38","date_gmt":"2026-03-05T04:00:38","guid":{"rendered":"https:\/\/analyse.optim.biz\/?p=1810006"},"modified":"2026-03-05T07:00:38","modified_gmt":"2026-03-05T04:00:38","slug":"elevii-tulceni-din-anii-terminali-sunt-asteptati-la-targul-educational-student-udjg-ziarul-delta-tulcea","status":"publish","type":"post","link":"https:\/\/analyse.optim.biz\/?p=1810006","title":{"rendered":"Elevii tulceni din anii terminali sunt a\u015ftepta\u0163i la T\u00e2rgul Educa\u0163ional Student #UDJG &#8211; Ziarul Delta Tulcea"},"content":{"rendered":"<p>[analyse_image type=&#8221;featured&#8221; src=&#8221;https:\/\/ziaruldelta.ro\/wp-content\/uploads\/2026\/03\/elevii-tulceni.jpg&#8221;]<\/p>\n<article id=\"post-35631\" class=\"module single-post-module post-35631 post type-post status-publish format-standard has-post-thumbnail hentry category-actualitate et-has-post-format-content et_post_format-et-post-format-standard\">\n<div class=\"post-header\">\n<h1 class=\"entry-title\">Elevii tulceni din anii terminali sunt a\u015ftepta\u0163i la T\u00e2rgul Educa\u0163ional Student  #UDJG<\/h1>\n<div class=\"post-meta vcard\">\n<p>Posted by <a href=\"https:\/\/ziaruldelta.ro\/author\/adela-darie\/\" class=\"url fn\" title=\"Posts by Adela Darie\" rel=\"author\">Adela Darie<\/a> | <span class=\"updated\">Mar 5, 2026<\/span> | <a href=\"https:\/\/ziaruldelta.ro\/category\/actualitate\/\" rel=\"tag\">Actualitate<\/a> | <\/p>\n<\/div>\n<\/div>\n<div class=\"post-thumbnail header\"><img decoding=\"async\" src=\"https:\/\/ziaruldelta.ro\/wp-content\/uploads\/2026\/03\/elevii-tulceni.jpg\" alt=\"Elevii tulceni din anii terminali sunt a\u015ftepta\u0163i la T\u00e2rgul Educa\u0163ional Student  #UDJG\"><\/div>\n<div class=\"post-wrap\">\n<div class=\"post-content entry-content\">\n<p>Universitatea \u201eDun\u0103rea de Jos\u201d din Gala\u0163i \u00eencepe, \u00een luna martie, o nou\u0103 campanie de promovare a ofertei educa\u0163ionale pentru admiterea din acest an, a informat institu\u0163ia de \u00eenv\u0103\u0163\u0103m\u00e2nt superior. \u00cen parteneriat cu inspectoratele \u015fcolare jude\u0163ene, UDJG va organiza opt T\u00e2rguri educa\u0163ionale Student#UDJG, cu prezen\u0163\u0103 fizic\u0103, destinate elevilor de la colegiile \u015fi liceele din jude\u0163ele Tulcea, Br\u0103ila, Vrancea, Buz\u0103u, Vaslui \u015fi Gala\u0163i.<\/p>\n<p>Pe 26 martie, echipele de promovare vor ajunge la Tulcea, la Sala de Sport a Clubului Sportiv \u015fcolar Tulcea.<\/p>\n<p>Obiectivul principal al campaniei este de a sprijini dezvoltarea unor traiectorii flexibile de \u00eenv\u0103\u0163are pentru absolven\u0163ii de liceu \u015fi de a \u00eembun\u0103t\u0103\u0163i accesul acestora pe pia\u0163a muncii prin furnizarea de educa\u0163ie \u015fi formare ini\u0163ial\u0103 \u015fi continu\u0103 modern\u0103 \u015fi de calitate.<\/p>\n<p>Cu aceast\u0103 ocazie, liceenii vor putea face cuno\u015ftin\u0163\u0103 cu profesorii \u015fi studen\u0163ii universit\u0103\u0163ii, vor vedea experimente inedite, vor afla care sunt programele de studiu \u015fi specializ\u0103rile scoase la concurs la admiterea din acest an, toate detaliile legate de procedura de admitere, dot\u0103rile din \u201eCampusul Al. I. Cuza\u201d, oportunit\u0103\u0163ile \u00een carier\u0103 \u015fi posibilit\u0103\u0163ile de angajare pe care le ofer\u0103 parcurgerea unui program educa\u0163ional \u00een cadrul UDJG. \u00cen plus, cei interesa\u0163i pot g\u0103si informa\u0163ii despre oferta educa\u0163ional\u0103 a universit\u0103\u0163ii la nivel de masterat \u015fi doctorat, programele postuniversitare de formare \u015fi dezvoltare profesional\u0103, alte cursuri de perfec\u0163ionare pe care UDJG le organizeaz\u0103.<\/p>\n<blockquote>\n<p>\u201eSuntem bucuro\u015fi s\u0103 ne \u00eent\u00e2lnim cu tinerii dornici s\u0103 studieze, s\u0103 \u00ee\u015fi l\u0103rgeasc\u0103 orizonturile cunoa\u015fterii, vrem s\u0103 le ar\u0103t\u0103m ce avem mai bun, s\u0103 \u00eei atragem la Universitatea noastr\u0103, unde se face performan\u0163\u0103 \u015fi se pun bazele unor cariere solide\u201d, a declarat rectorul UDJG, prof. univ. dr. ing. Marian Barbu.<\/p>\n<p>\u201eCu siguran\u0163\u0103, to\u0163i participan\u0163ii la activit\u0103\u0163ile acestor t\u00e2rguri de ofert\u0103 educa\u0163ional\u0103 \u00ee\u015fi vor m\u0103ri \u015fansele de a alege informat!\u201d, a spus, la r\u00e2ndul s\u0103u, coordonatorul acestor t\u00e2rguri, prof. univ. dr. Arthur Tulu\u015f, prorector \u00een cadrul UDJG.<\/p>\n<\/blockquote>\n<p>Prin astfel de evenimente elevii se familiarizeaz\u0103 cu structura \u015fi cu oferta Universit\u0103\u0163ii \u201eDun\u0103rea de Jos\u201d din Gala\u0163i, afl\u0103 pove\u015fti de succes de la absolven\u0163i, interac\u0163ioneaz\u0103 cu studen\u0163ii \u015fi cadrele didactice ale institu\u0163iei \u015fi pot decide, \u00een cuno\u015ftin\u0163\u0103 de cauz\u0103, ce traseu profesional vor urma dup\u0103 absolvirea liceului.<\/p>\n<p><strong>UDJG, o universitate regional\u0103: T\u00e2rguri educa\u0163ionale \u00een \u015fase jude\u0163e vecine<\/strong><\/p>\n<p>Seria \u00eent\u00e2lnirilor cu viitorii studen\u0163i va debuta la Br\u0103ila, la sediul Facult\u0103\u0163ii de Inginerie \u015fi Agronomie, pe data de 5 martie. A doua deplasare va fi la Foc\u015fani, la Sediul Muzeului Viei \u015fi Vinului, pe 10 martie. Pe data de 17 martie, reprezentan\u0163ii celor 15 facult\u0103\u0163i ale UDJG vor \u201eocupa\u201d holul central din strada Domneasc\u0103 nr. 47 (Rectorat), \u00een cadrul unui eveniment care se va \u00eenscrie \u00een seria de evenimente cultural-artistice dedicate \u00eemplinirii a 78 de ani de \u00eenv\u0103\u0163\u0103m\u00e2nt superior la Gala\u0163i.<\/p>\n<p>Pe 26 martie, echipele de promovare vor ajunge la Tulcea, la Sala de Sport a Clubului Sportiv \u015fcolar Tulcea, iar pe 2 aprilie la Buz\u0103u, la sediul Colegiului Na\u0163ional \u201eMihai Eminescu\u201d. Dup\u0103 vacan\u0163a de Pa\u015fte, caravana de promovare va ajunge la Vaslui, pe 23 aprilie, la sediul Liceului \u201e\u015etefan Procopiu\u201d Vaslui, urm\u00e2nd ca \u00eentreaga campanie s\u0103 se \u00eencheie la B\u00e2rlad \u015fi Tecuci, ambele t\u00e2rguri fiind organizate \u00een aceea\u015fi zi: pe 28 aprilie. La Tecuci, gazda t\u00e2rgului va fi Casa de Cultur\u0103 din ora\u015f, iar la B\u00e2rlad gazd\u0103 va fi \u015ecoala Gimnazial\u0103 \u201eEpiscop Iacov Antonovici\u201d.<\/p>\n<p>Fiecare eveniment \u00een parte se va bucura de prezen\u0163a oficialit\u0103\u0163ilor locale, a reprezentan\u0163ilor inspectoratelor \u015fcolare \u015fi a partenerilor. La anumite intervale de timp, evenimentul va fi transmis live pe re\u0163elele sociale. Elevii prezen\u0163i vor avea ocazia s\u0103 participe \u015fi la tombole cu premii oferite de partenerii din mediul socio-economic.<\/p>\n<p>T\u00e2rgurile educa\u0163ionale Student#UDJG se \u00eenscriu \u00een proiectul \u201eParteneriat pentru performan\u0163\u0103 educa\u0163ional\u0103\u201d, derulat de Universitatea \u201eDun\u0103rea de Jos\u201d din Gala\u0163i, \u00een parteneriat cu inspectoratele \u015fcolare jude\u0163ene \u015fi institu\u0163iile din \u00eenv\u0103\u0163\u0103m\u00e2ntul preuniversitar.<\/p>\n<\/div>\n<\/div>\n<div class=\"post-footer\">\n<div class=\"social-icons ed-social-share-icons\">\n<p class=\"share-title\">Share:<\/p>\n<\/div>\n<div class=\"rating-stars\">\n<p id=\"rate-title\" class=\"rate-title\">Rate:<\/p>\n<\/div>\n<\/div>\n<\/article>\n<div class=\"post-content entry-content\">\n<p>Universitatea \u201eDun\u0103rea de Jos\u201d din Gala\u0163i \u00eencepe, \u00een luna martie, o nou\u0103 campanie de promovare a ofertei educa\u0163ionale pentru admiterea din acest an, a informat institu\u0163ia de \u00eenv\u0103\u0163\u0103m\u00e2nt superior. \u00cen parteneriat cu inspectoratele \u015fcolare jude\u0163ene, UDJG va organiza opt T\u00e2rguri educa\u0163ionale Student#UDJG, cu prezen\u0163\u0103 fizic\u0103, destinate elevilor de la colegiile \u015fi liceele din jude\u0163ele Tulcea, Br\u0103ila, Vrancea, Buz\u0103u, Vaslui \u015fi Gala\u0163i.<\/p>\n<p>Pe 26 martie, echipele de promovare vor ajunge la Tulcea, la Sala de Sport a Clubului Sportiv \u015fcolar Tulcea.<\/p>\n<p>Obiectivul principal al campaniei este de a sprijini dezvoltarea unor traiectorii flexibile de \u00eenv\u0103\u0163are pentru absolven\u0163ii de liceu \u015fi de a \u00eembun\u0103t\u0103\u0163i accesul acestora pe pia\u0163a muncii prin furnizarea de educa\u0163ie \u015fi formare ini\u0163ial\u0103 \u015fi continu\u0103 modern\u0103 \u015fi de calitate.<\/p>\n<p>Cu aceast\u0103 ocazie, liceenii vor putea face cuno\u015ftin\u0163\u0103 cu profesorii \u015fi studen\u0163ii universit\u0103\u0163ii, vor vedea experimente inedite, vor afla care sunt programele de studiu \u015fi specializ\u0103rile scoase la concurs la admiterea din acest an, toate detaliile legate de procedura de admitere, dot\u0103rile din \u201eCampusul Al. I. Cuza\u201d, oportunit\u0103\u0163ile \u00een carier\u0103 \u015fi posibilit\u0103\u0163ile de angajare pe care le ofer\u0103 parcurgerea unui program educa\u0163ional \u00een cadrul UDJG. \u00cen plus, cei interesa\u0163i pot g\u0103si informa\u0163ii despre oferta educa\u0163ional\u0103 a universit\u0103\u0163ii la nivel de masterat \u015fi doctorat, programele postuniversitare de formare \u015fi dezvoltare profesional\u0103, alte cursuri de perfec\u0163ionare pe care UDJG le organizeaz\u0103.<\/p>\n<blockquote>\n<p>\u201eSuntem bucuro\u015fi s\u0103 ne \u00eent\u00e2lnim cu tinerii dornici s\u0103 studieze, s\u0103 \u00ee\u015fi l\u0103rgeasc\u0103 orizonturile cunoa\u015fterii, vrem s\u0103 le ar\u0103t\u0103m ce avem mai bun, s\u0103 \u00eei atragem la Universitatea noastr\u0103, unde se face performan\u0163\u0103 \u015fi se pun bazele unor cariere solide\u201d, a declarat rectorul UDJG, prof. univ. dr. ing. Marian Barbu.<\/p>\n<p>\u201eCu siguran\u0163\u0103, to\u0163i participan\u0163ii la activit\u0103\u0163ile acestor t\u00e2rguri de ofert\u0103 educa\u0163ional\u0103 \u00ee\u015fi vor m\u0103ri \u015fansele de a alege informat!\u201d, a spus, la r\u00e2ndul s\u0103u, coordonatorul acestor t\u00e2rguri, prof. univ. dr. Arthur Tulu\u015f, prorector \u00een cadrul UDJG.<\/p>\n<\/blockquote>\n<p>Prin astfel de evenimente elevii se familiarizeaz\u0103 cu structura \u015fi cu oferta Universit\u0103\u0163ii \u201eDun\u0103rea de Jos\u201d din Gala\u0163i, afl\u0103 pove\u015fti de succes de la absolven\u0163i, interac\u0163ioneaz\u0103 cu studen\u0163ii \u015fi cadrele didactice ale institu\u0163iei \u015fi pot decide, \u00een cuno\u015ftin\u0163\u0103 de cauz\u0103, ce traseu profesional vor urma dup\u0103 absolvirea liceului.<\/p>\n<p><strong>UDJG, o universitate regional\u0103: T\u00e2rguri educa\u0163ionale \u00een \u015fase jude\u0163e vecine<\/strong><\/p>\n<p>Seria \u00eent\u00e2lnirilor cu viitorii studen\u0163i va debuta la Br\u0103ila, la sediul Facult\u0103\u0163ii de Inginerie \u015fi Agronomie, pe data de 5 martie. A doua deplasare va fi la Foc\u015fani, la Sediul Muzeului Viei \u015fi Vinului, pe 10 martie. Pe data de 17 martie, reprezentan\u0163ii celor 15 facult\u0103\u0163i ale UDJG vor \u201eocupa\u201d holul central din strada Domneasc\u0103 nr. 47 (Rectorat), \u00een cadrul unui eveniment care se va \u00eenscrie \u00een seria de evenimente cultural-artistice dedicate \u00eemplinirii a 78 de ani de \u00eenv\u0103\u0163\u0103m\u00e2nt superior la Gala\u0163i.<\/p>\n<p>Pe 26 martie, echipele de promovare vor ajunge la Tulcea, la Sala de Sport a Clubului Sportiv \u015fcolar Tulcea, iar pe 2 aprilie la Buz\u0103u, la sediul Colegiului Na\u0163ional \u201eMihai Eminescu\u201d. Dup\u0103 vacan\u0163a de Pa\u015fte, caravana de promovare va ajunge la Vaslui, pe 23 aprilie, la sediul Liceului \u201e\u015etefan Procopiu\u201d Vaslui, urm\u00e2nd ca \u00eentreaga campanie s\u0103 se \u00eencheie la B\u00e2rlad \u015fi Tecuci, ambele t\u00e2rguri fiind organizate \u00een aceea\u015fi zi: pe 28 aprilie. La Tecuci, gazda t\u00e2rgului va fi Casa de Cultur\u0103 din ora\u015f, iar la B\u00e2rlad gazd\u0103 va fi \u015ecoala Gimnazial\u0103 \u201eEpiscop Iacov Antonovici\u201d.<\/p>\n<p>Fiecare eveniment \u00een parte se va bucura de prezen\u0163a oficialit\u0103\u0163ilor locale, a reprezentan\u0163ilor inspectoratelor \u015fcolare \u015fi a partenerilor. La anumite intervale de timp, evenimentul va fi transmis live pe re\u0163elele sociale. Elevii prezen\u0163i vor avea ocazia s\u0103 participe \u015fi la tombole cu premii oferite de partenerii din mediul socio-economic.<\/p>\n<p>T\u00e2rgurile educa\u0163ionale Student#UDJG se \u00eenscriu \u00een proiectul \u201eParteneriat pentru performan\u0163\u0103 educa\u0163ional\u0103\u201d, derulat de Universitatea \u201eDun\u0103rea de Jos\u201d din Gala\u0163i, \u00een parteneriat cu inspectoratele \u015fcolare jude\u0163ene \u015fi institu\u0163iile din \u00eenv\u0103\u0163\u0103m\u00e2ntul preuniversitar.<\/p>\n<\/div>\n<div class=\"post-content entry-content\">\n<p>Universitatea \u201eDun\u0103rea de Jos\u201d din Gala\u0163i \u00eencepe, \u00een luna martie, o nou\u0103 campanie de promovare a ofertei educa\u0163ionale pentru admiterea din acest an, a informat institu\u0163ia de \u00eenv\u0103\u0163\u0103m\u00e2nt superior. \u00cen parteneriat cu inspectoratele \u015fcolare jude\u0163ene, UDJG va organiza opt T\u00e2rguri educa\u0163ionale Student#UDJG, cu prezen\u0163\u0103 fizic\u0103, destinate elevilor de la colegiile \u015fi liceele din jude\u0163ele Tulcea, Br\u0103ila, Vrancea, Buz\u0103u, Vaslui \u015fi Gala\u0163i.<\/p>\n<p>Pe 26 martie, echipele de promovare vor ajunge la Tulcea, la Sala de Sport a Clubului Sportiv \u015fcolar Tulcea.<\/p>\n<p>Obiectivul principal al campaniei este de a sprijini dezvoltarea unor traiectorii flexibile de \u00eenv\u0103\u0163are pentru absolven\u0163ii de liceu \u015fi de a \u00eembun\u0103t\u0103\u0163i accesul acestora pe pia\u0163a muncii prin furnizarea de educa\u0163ie \u015fi formare ini\u0163ial\u0103 \u015fi continu\u0103 modern\u0103 \u015fi de calitate.<\/p>\n<p>Cu aceast\u0103 ocazie, liceenii vor putea face cuno\u015ftin\u0163\u0103 cu profesorii \u015fi studen\u0163ii universit\u0103\u0163ii, vor vedea experimente inedite, vor afla care sunt programele de studiu \u015fi specializ\u0103rile scoase la concurs la admiterea din acest an, toate detaliile legate de procedura de admitere, dot\u0103rile din \u201eCampusul Al. I. Cuza\u201d, oportunit\u0103\u0163ile \u00een carier\u0103 \u015fi posibilit\u0103\u0163ile de angajare pe care le ofer\u0103 parcurgerea unui program educa\u0163ional \u00een cadrul UDJG. \u00cen plus, cei interesa\u0163i pot g\u0103si informa\u0163ii despre oferta educa\u0163ional\u0103 a universit\u0103\u0163ii la nivel de masterat \u015fi doctorat, programele postuniversitare de formare \u015fi dezvoltare profesional\u0103, alte cursuri de perfec\u0163ionare pe care UDJG le organizeaz\u0103.<\/p>\n<blockquote>\n<p>\u201eSuntem bucuro\u015fi s\u0103 ne \u00eent\u00e2lnim cu tinerii dornici s\u0103 studieze, s\u0103 \u00ee\u015fi l\u0103rgeasc\u0103 orizonturile cunoa\u015fterii, vrem s\u0103 le ar\u0103t\u0103m ce avem mai bun, s\u0103 \u00eei atragem la Universitatea noastr\u0103, unde se face performan\u0163\u0103 \u015fi se pun bazele unor cariere solide\u201d, a declarat rectorul UDJG, prof. univ. dr. ing. Marian Barbu.<\/p>\n<p>\u201eCu siguran\u0163\u0103, to\u0163i participan\u0163ii la activit\u0103\u0163ile acestor t\u00e2rguri de ofert\u0103 educa\u0163ional\u0103 \u00ee\u015fi vor m\u0103ri \u015fansele de a alege informat!\u201d, a spus, la r\u00e2ndul s\u0103u, coordonatorul acestor t\u00e2rguri, prof. univ. dr. Arthur Tulu\u015f, prorector \u00een cadrul UDJG.<\/p>\n<\/blockquote>\n<p>Prin astfel de evenimente elevii se familiarizeaz\u0103 cu structura \u015fi cu oferta Universit\u0103\u0163ii \u201eDun\u0103rea de Jos\u201d din Gala\u0163i, afl\u0103 pove\u015fti de succes de la absolven\u0163i, interac\u0163ioneaz\u0103 cu studen\u0163ii \u015fi cadrele didactice ale institu\u0163iei \u015fi pot decide, \u00een cuno\u015ftin\u0163\u0103 de cauz\u0103, ce traseu profesional vor urma dup\u0103 absolvirea liceului.<\/p>\n<p><strong>UDJG, o universitate regional\u0103: T\u00e2rguri educa\u0163ionale \u00een \u015fase jude\u0163e vecine<\/strong><\/p>\n<p>Seria \u00eent\u00e2lnirilor cu viitorii studen\u0163i va debuta la Br\u0103ila, la sediul Facult\u0103\u0163ii de Inginerie \u015fi Agronomie, pe data de 5 martie. A doua deplasare va fi la Foc\u015fani, la Sediul Muzeului Viei \u015fi Vinului, pe 10 martie. Pe data de 17 martie, reprezentan\u0163ii celor 15 facult\u0103\u0163i ale UDJG vor \u201eocupa\u201d holul central din strada Domneasc\u0103 nr. 47 (Rectorat), \u00een cadrul unui eveniment care se va \u00eenscrie \u00een seria de evenimente cultural-artistice dedicate \u00eemplinirii a 78 de ani de \u00eenv\u0103\u0163\u0103m\u00e2nt superior la Gala\u0163i.<\/p>\n<p>Pe 26 martie, echipele de promovare vor ajunge la Tulcea, la Sala de Sport a Clubului Sportiv \u015fcolar Tulcea, iar pe 2 aprilie la Buz\u0103u, la sediul Colegiului Na\u0163ional \u201eMihai Eminescu\u201d. Dup\u0103 vacan\u0163a de Pa\u015fte, caravana de promovare va ajunge la Vaslui, pe 23 aprilie, la sediul Liceului \u201e\u015etefan Procopiu\u201d Vaslui, urm\u00e2nd ca \u00eentreaga campanie s\u0103 se \u00eencheie la B\u00e2rlad \u015fi Tecuci, ambele t\u00e2rguri fiind organizate \u00een aceea\u015fi zi: pe 28 aprilie. La Tecuci, gazda t\u00e2rgului va fi Casa de Cultur\u0103 din ora\u015f, iar la B\u00e2rlad gazd\u0103 va fi \u015ecoala Gimnazial\u0103 \u201eEpiscop Iacov Antonovici\u201d.<\/p>\n<p>Fiecare eveniment \u00een parte se va bucura de prezen\u0163a oficialit\u0103\u0163ilor locale, a reprezentan\u0163ilor inspectoratelor \u015fcolare \u015fi a partenerilor. La anumite intervale de timp, evenimentul va fi transmis live pe re\u0163elele sociale. Elevii prezen\u0163i vor avea ocazia s\u0103 participe \u015fi la tombole cu premii oferite de partenerii din mediul socio-economic.<\/p>\n<p>T\u00e2rgurile educa\u0163ionale Student#UDJG se \u00eenscriu \u00een proiectul \u201eParteneriat pentru performan\u0163\u0103 educa\u0163ional\u0103\u201d, derulat de Universitatea \u201eDun\u0103rea de Jos\u201d din Gala\u0163i, \u00een parteneriat cu inspectoratele \u015fcolare jude\u0163ene \u015fi institu\u0163iile din \u00eenv\u0103\u0163\u0103m\u00e2ntul preuniversitar.<\/p>\n<\/div>\n<p>[analyse_source url=&#8221;https:\/\/ziaruldelta.ro\/2026\/03\/05\/elevii-tulceni-din-anii-terminali-sunt-asteptati-la-targul-educational-student-udjg\/&#8221;]<\/p>\n","protected":false},"excerpt":{"rendered":"<p>[analyse_image type=&#8221;featured&#8221; src=&#8221;https:\/\/ziaruldelta.ro\/wp-content\/uploads\/2026\/03\/elevii-tulceni.jpg&#8221;] Elevii tulceni din anii terminali sunt a\u015ftepta\u0163i la T\u00e2rgul Educa\u0163ional Student #UDJG Posted by Adela Darie | Mar 5, 2026 | Actualitate | Universitatea \u201eDun\u0103rea de Jos\u201d din Gala\u0163i \u00eencepe, \u00een luna martie, o nou\u0103 campanie de promovare a ofertei educa\u0163ionale pentru admiterea din acest an, a informat institu\u0163ia de \u00eenv\u0103\u0163\u0103m\u00e2nt superior. [&hellip;]<\/p>\n","protected":false},"author":1,"featured_media":0,"comment_status":"open","ping_status":"","sticky":false,"template":"","format":"standard","meta":{"footnotes":""},"categories":[89],"tags":[226,206],"class_list":["post-1810006","post","type-post","status-publish","format-standard","hentry","category-romania","tag-crawlmanager","tag-ziaruldelta-ro"],"_links":{"self":[{"href":"https:\/\/analyse.optim.biz\/index.php?rest_route=\/wp\/v2\/posts\/1810006","targetHints":{"allow":["GET"]}}],"collection":[{"href":"https:\/\/analyse.optim.biz\/index.php?rest_route=\/wp\/v2\/posts"}],"about":[{"href":"https:\/\/analyse.optim.biz\/index.php?rest_route=\/wp\/v2\/types\/post"}],"author":[{"embeddable":true,"href":"https:\/\/analyse.optim.biz\/index.php?rest_route=\/wp\/v2\/users\/1"}],"replies":[{"embeddable":true,"href":"https:\/\/analyse.optim.biz\/index.php?rest_route=%2Fwp%2Fv2%2Fcomments&post=1810006"}],"version-history":[{"count":0,"href":"https:\/\/analyse.optim.biz\/index.php?rest_route=\/wp\/v2\/posts\/1810006\/revisions"}],"wp:attachment":[{"href":"https:\/\/analyse.optim.biz\/index.php?rest_route=%2Fwp%2Fv2%2Fmedia&parent=1810006"}],"wp:term":[{"taxonomy":"category","embeddable":true,"href":"https:\/\/analyse.optim.biz\/index.php?rest_route=%2Fwp%2Fv2%2Fcategories&post=1810006"},{"taxonomy":"post_tag","embeddable":true,"href":"https:\/\/analyse.optim.biz\/index.php?rest_route=%2Fwp%2Fv2%2Ftags&post=1810006"}],"curies":[{"name":"wp","href":"https:\/\/api.w.org\/{rel}","templated":true}]}}