{"id":1809997,"date":"2026-03-04T07:00:42","date_gmt":"2026-03-04T04:00:42","guid":{"rendered":"https:\/\/analyse.optim.biz\/?p=1809997"},"modified":"2026-03-04T07:00:42","modified_gmt":"2026-03-04T04:00:42","slug":"tanar-de-18-ani-arestat-pentru-conducere-fara-permis-si-vatamare-corporala-din-culpa-ziarul-delta-tulcea","status":"publish","type":"post","link":"https:\/\/analyse.optim.biz\/?p=1809997","title":{"rendered":"T\u00e2n\u0103r de 18 ani, arestat pentru conducere f\u0103r\u0103 permis \u015fi v\u0103t\u0103mare corporal\u0103 din culp\u0103 &#8211; Ziarul Delta Tulcea"},"content":{"rendered":"<p>[analyse_image type=&#8221;featured&#8221; src=&#8221;https:\/\/ziaruldelta.ro\/wp-content\/uploads\/2026\/03\/tanar-de-18-ani.jpg&#8221;]<\/p>\n<article id=\"post-35622\" class=\"module single-post-module post-35622 post type-post status-publish format-standard has-post-thumbnail hentry category-social et-has-post-format-content et_post_format-et-post-format-standard\">\n<div class=\"post-header\">\n<h1 class=\"entry-title\">T\u00e2n\u0103r de 18 ani, arestat pentru conducere f\u0103r\u0103 permis \u015fi v\u0103t\u0103mare corporal\u0103 din culp\u0103<\/h1>\n<div class=\"post-meta vcard\">\n<p>Posted by <a href=\"https:\/\/ziaruldelta.ro\/author\/nicoleta-urmuz\/\" class=\"url fn\" title=\"Posts by Nicoleta URMUZ\" rel=\"author\">Nicoleta URMUZ<\/a> | <span class=\"updated\">Mar 4, 2026<\/span> | <a href=\"https:\/\/ziaruldelta.ro\/category\/social\/\" rel=\"tag\">Social<\/a> | <\/p>\n<\/div>\n<\/div>\n<div class=\"post-thumbnail header\"><img decoding=\"async\" src=\"https:\/\/ziaruldelta.ro\/wp-content\/uploads\/2026\/03\/tanar-de-18-ani.jpg\" alt=\"T\u00e2n\u0103r de 18 ani, arestat pentru conducere f\u0103r\u0103 permis \u015fi v\u0103t\u0103mare corporal\u0103 din culp\u0103\"><\/div>\n<div class=\"post-wrap\">\n<div class=\"post-content entry-content\">\n<p>Un t\u00e2n\u0103r de 18 ani din municipiul Tulcea a fost arestat pentru 30 de zile dup\u0103 ce a fost prins conduc\u00e2nd f\u0103r\u0103 permis de dou\u0103 ori \u00een aceea\u015fi zi, fiind implicat, totodat\u0103, \u00eentr-un accident rutier soldat cu r\u0103nirea unei persoane.<\/p>\n<p>Potrivit informa\u0163iilor furnizate de Inspectoratul de Poli\u0163ie Jude\u0163ean Tulcea, la data de 2 martie, \u00een jurul orei 00:00, poli\u0163i\u015ftii din cadrul Poli\u0163iei Municipiului Tulcea \u2013 Biroul Rutier l-au depistat pe t\u00e2n\u0103r \u00een timp ce conducea un autoturism pe strada Barajului. \u00cen urma verific\u0103rilor, s-a stabilit c\u0103 acesta nu de\u0163ine permis de conducere pentru nicio categorie de vehicule, fiind \u00eentocmit dosar penal pentru conducere f\u0103r\u0103 permis.<\/p>\n<p>\u00cen aceea\u015fi zi, \u00een jurul orei 09:30, t\u00e2n\u0103rul ar fi condus din nou un autoturism, de aceast\u0103 dat\u0103 pe strada Gazelei din municipiu. La un moment dat, acesta a fost implicat \u00eentr-un accident rutier \u00een urma c\u0103ruia o persoan\u0103 a suferit v\u0103t\u0103m\u0103ri corporale.<\/p>\n<p>Citi\u0163i continuarea \u00een edi\u0163ia tip\u0103rit\u0103 a ziarului Delta.<\/p>\n<\/div>\n<\/div>\n<div class=\"post-footer\">\n<div class=\"social-icons ed-social-share-icons\">\n<p class=\"share-title\">Share:<\/p>\n<\/div>\n<div class=\"rating-stars\">\n<p id=\"rate-title\" class=\"rate-title\">Rate:<\/p>\n<\/div>\n<\/div>\n<\/article>\n<div class=\"post-content entry-content\">\n<p>Un t\u00e2n\u0103r de 18 ani din municipiul Tulcea a fost arestat pentru 30 de zile dup\u0103 ce a fost prins conduc\u00e2nd f\u0103r\u0103 permis de dou\u0103 ori \u00een aceea\u015fi zi, fiind implicat, totodat\u0103, \u00eentr-un accident rutier soldat cu r\u0103nirea unei persoane.<\/p>\n<p>Potrivit informa\u0163iilor furnizate de Inspectoratul de Poli\u0163ie Jude\u0163ean Tulcea, la data de 2 martie, \u00een jurul orei 00:00, poli\u0163i\u015ftii din cadrul Poli\u0163iei Municipiului Tulcea \u2013 Biroul Rutier l-au depistat pe t\u00e2n\u0103r \u00een timp ce conducea un autoturism pe strada Barajului. \u00cen urma verific\u0103rilor, s-a stabilit c\u0103 acesta nu de\u0163ine permis de conducere pentru nicio categorie de vehicule, fiind \u00eentocmit dosar penal pentru conducere f\u0103r\u0103 permis.<\/p>\n<p>\u00cen aceea\u015fi zi, \u00een jurul orei 09:30, t\u00e2n\u0103rul ar fi condus din nou un autoturism, de aceast\u0103 dat\u0103 pe strada Gazelei din municipiu. La un moment dat, acesta a fost implicat \u00eentr-un accident rutier \u00een urma c\u0103ruia o persoan\u0103 a suferit v\u0103t\u0103m\u0103ri corporale.<\/p>\n<p>Citi\u0163i continuarea \u00een edi\u0163ia tip\u0103rit\u0103 a ziarului Delta.<\/p>\n<\/div>\n<div class=\"post-content entry-content\">\n<p>Un t\u00e2n\u0103r de 18 ani din municipiul Tulcea a fost arestat pentru 30 de zile dup\u0103 ce a fost prins conduc\u00e2nd f\u0103r\u0103 permis de dou\u0103 ori \u00een aceea\u015fi zi, fiind implicat, totodat\u0103, \u00eentr-un accident rutier soldat cu r\u0103nirea unei persoane.<\/p>\n<p>Potrivit informa\u0163iilor furnizate de Inspectoratul de Poli\u0163ie Jude\u0163ean Tulcea, la data de 2 martie, \u00een jurul orei 00:00, poli\u0163i\u015ftii din cadrul Poli\u0163iei Municipiului Tulcea \u2013 Biroul Rutier l-au depistat pe t\u00e2n\u0103r \u00een timp ce conducea un autoturism pe strada Barajului. \u00cen urma verific\u0103rilor, s-a stabilit c\u0103 acesta nu de\u0163ine permis de conducere pentru nicio categorie de vehicule, fiind \u00eentocmit dosar penal pentru conducere f\u0103r\u0103 permis.<\/p>\n<p>\u00cen aceea\u015fi zi, \u00een jurul orei 09:30, t\u00e2n\u0103rul ar fi condus din nou un autoturism, de aceast\u0103 dat\u0103 pe strada Gazelei din municipiu. La un moment dat, acesta a fost implicat \u00eentr-un accident rutier \u00een urma c\u0103ruia o persoan\u0103 a suferit v\u0103t\u0103m\u0103ri corporale.<\/p>\n<p>Citi\u0163i continuarea \u00een edi\u0163ia tip\u0103rit\u0103 a ziarului Delta.<\/p>\n<\/div>\n<p>[analyse_source url=&#8221;https:\/\/ziaruldelta.ro\/2026\/03\/04\/tanar-de-18-ani-arestat-pentru-conducere-fara-permis-si-vatamare-corporala-din-culpa\/&#8221;]<\/p>\n","protected":false},"excerpt":{"rendered":"<p>[analyse_image type=&#8221;featured&#8221; src=&#8221;https:\/\/ziaruldelta.ro\/wp-content\/uploads\/2026\/03\/tanar-de-18-ani.jpg&#8221;] T\u00e2n\u0103r de 18 ani, arestat pentru conducere f\u0103r\u0103 permis \u015fi v\u0103t\u0103mare corporal\u0103 din culp\u0103 Posted by Nicoleta URMUZ | Mar 4, 2026 | Social | Un t\u00e2n\u0103r de 18 ani din municipiul Tulcea a fost arestat pentru 30 de zile dup\u0103 ce a fost prins conduc\u00e2nd f\u0103r\u0103 permis de dou\u0103 ori \u00een [&hellip;]<\/p>\n","protected":false},"author":1,"featured_media":0,"comment_status":"open","ping_status":"","sticky":false,"template":"","format":"standard","meta":{"footnotes":""},"categories":[89],"tags":[226,206],"class_list":["post-1809997","post","type-post","status-publish","format-standard","hentry","category-romania","tag-crawlmanager","tag-ziaruldelta-ro"],"_links":{"self":[{"href":"https:\/\/analyse.optim.biz\/index.php?rest_route=\/wp\/v2\/posts\/1809997","targetHints":{"allow":["GET"]}}],"collection":[{"href":"https:\/\/analyse.optim.biz\/index.php?rest_route=\/wp\/v2\/posts"}],"about":[{"href":"https:\/\/analyse.optim.biz\/index.php?rest_route=\/wp\/v2\/types\/post"}],"author":[{"embeddable":true,"href":"https:\/\/analyse.optim.biz\/index.php?rest_route=\/wp\/v2\/users\/1"}],"replies":[{"embeddable":true,"href":"https:\/\/analyse.optim.biz\/index.php?rest_route=%2Fwp%2Fv2%2Fcomments&post=1809997"}],"version-history":[{"count":0,"href":"https:\/\/analyse.optim.biz\/index.php?rest_route=\/wp\/v2\/posts\/1809997\/revisions"}],"wp:attachment":[{"href":"https:\/\/analyse.optim.biz\/index.php?rest_route=%2Fwp%2Fv2%2Fmedia&parent=1809997"}],"wp:term":[{"taxonomy":"category","embeddable":true,"href":"https:\/\/analyse.optim.biz\/index.php?rest_route=%2Fwp%2Fv2%2Fcategories&post=1809997"},{"taxonomy":"post_tag","embeddable":true,"href":"https:\/\/analyse.optim.biz\/index.php?rest_route=%2Fwp%2Fv2%2Ftags&post=1809997"}],"curies":[{"name":"wp","href":"https:\/\/api.w.org\/{rel}","templated":true}]}}