{"id":1809732,"date":"2026-03-05T15:55:33","date_gmt":"2026-03-05T12:55:33","guid":{"rendered":"https:\/\/analyse.optim.biz\/?p=1809732"},"modified":"2026-03-05T15:55:33","modified_gmt":"2026-03-05T12:55:33","slug":"administratii-locale-mai-flexibile-in-timis-video","status":"publish","type":"post","link":"https:\/\/analyse.optim.biz\/?p=1809732","title":{"rendered":"Administra\u021bii locale mai flexibile \u00een Timi\u0219 \/ VIDEO"},"content":{"rendered":"<p>[analyse_image type=&#8221;featured&#8221; src=&#8221;https:\/\/www.banatulazi.ro\/wp-content\/uploads\/2026\/03\/masloc-fibis-pnl-11.jpg&#8221;]<\/p>\n<div class=\"td_block_wrap tdb_single_content tdi_64 td-pb-border-top td_block_template_1 td-post-content tagdiv-type\" data-td-block-uid=\"tdi_64\">\n<div class=\"tdb-block-inner td-fix-index\">\n<p><strong>Joi, 5 martie, a avut loc o conferin\u021b\u0103 de pres\u0103 a filialei Timi\u0219 a PNL ce a ridicat diverse probleme de eficientizarea administra\u021biei locale.<\/strong><\/p>\n<p>Cu aceast\u0103 ocazie pre\u0219edintele organiza\u021biei, Marilen Pirtea \u0219i secretarul general, Alin Popoviciu, au avvut ca invita\u021bi doi primari de comune liberali: Ionel Lupu de la Ma\u0219loc \u0219i Gheorghe-Dorel Carcea de la Fibi\u0219. Cei doi edili au prezentat recenta ini\u021biativ\u0103 de comasare a celor dou\u0103 comune vecine. Trebuie spus c\u0103 cele dou\u0103 entit\u0103\u021bi administrative au mai fost legate \u00eentr-o singur\u0103 comun\u0103 p\u00een\u0103 la desp\u0103r\u021birea din anii 90 cunoscut\u0103 drept \u201ereforma Coszm\u00e2nc\u0103\u201d. Se \u00eencearc\u0103 \u0219i o stimulare financiar\u0103 a comunit\u0103\u021bilor ce vor fuziona pe viitor printr-o reglementare legal\u0103 na\u021bional\u0103.<\/p>\n<div class=\"youtube-embed\" data-video_id=\"2-2lvjv5ip8\"><iframe loading=\"lazy\" title=\"Administra\u021bii locale mai flexibile \u00een Timi\u0219\" width=\"696\" height=\"392\" src=\"https:\/\/www.youtube.com\/embed\/2-2lvjv5ip8?feature=oembed&amp;enablejsapi=1\" frameborder allow=\"accelerometer; autoplay; clipboard-write; encrypted-media; gyroscope; picture-in-picture; web-share\" referrerpolicy=\"strict-origin-when-cross-origin\" allowfullscreen><\/iframe><\/div>\n<p>\u00cen acest caz particular situa\u021bia este mai u\u0219or de gestionat dat fiind faptul c\u0103 cei doi edili sunt \u0219i colegi de partid. \u00cen jude\u021b se mai \u00eentrevede posibilitatea unor astfel de m\u0103suri \u0219i \u00een cadrul a \u00eenc\u0103 8 comune. Dar discu\u021biile vor continua pentru a stabili toate detaliile necesare pentru armonizare unor astfel de m\u0103suri. De\u0219i avantajele economice sunt evidente prin sc\u0103derea num\u0103rului de angaja\u021bi pl\u0103ti\u021bi de la buget, totu\u0219i mai sunt multe chestiuni de reglementat \u00een cazul unei astfel de fuziuni.<br \/>\nChestiunea ar putea s\u0103 fie mai complicat\u0103 acolo unde primarii comunelor sunt rivali din partide diferite.<\/p>\n<p><em>\u201eSus\u021binem ini\u021biativa premierului Ilie Bolojan de modernizare \u0219i reformare a administra\u021biei publice \u0219i de \u00eencurajare a reorganiz\u0103rii administrative acolo unde comunit\u0103\u021bile consider\u0103 c\u0103 acest lucru aduce mai mult\u0103 eficien\u021b\u0103 \u0219i capacitate de dezvoltare. Astfel de ini\u021biative locale sunt binevenite \u0219i pot reprezenta pa\u0219i importan\u021bi spre o administra\u021bie mai eficient\u0103. \u00cen acela\u0219i timp, credem c\u0103 pentru ca aceste procese s\u0103 aib\u0103 un impact real la nivelul \u00eentregii \u021b\u0103ri, este nevoie de un cadru legislativ na\u021bional clar, care s\u0103 reglementeze reorganizarea administrativ\u0103 prin fuziuni stabilite pe baza unor reguli \u0219i metodologii bine definite.\u201d<\/em> a declarat Marilen Gabriel Pirtea, pre\u0219edintele PNL Timi\u0219.<\/p>\n<p>Prin unificarea celor dou\u0103 prim\u0103rii se vor genera economii importante la bugetul local, prin reducerea aparatului administrativ la o singur\u0103 structur\u0103: un primar, un viceprimar \u0219i un singur Consiliu Local. \u00cen acela\u0219i timp, noua entitate administrativ\u0103 va dep\u0103\u0219i pragul de 2.000 de locuitori, ceea ce va permite accesul la finan\u021b\u0103ri europene \u0219i programe guvernamentale care \u00een prezent nu sunt disponibile comunelor de dimensiuni mai mici.<\/p>\n<p>Procesul de comasare va urma toate etapele legale, iar decizia final\u0103 va apar\u021bine cet\u0103\u021benilor, care vor fi chema\u021bi la urne \u00een toamna acestui an, \u00een cadrul unui referendum local.<br \/>\nPNL sus\u021bine administra\u021biile locale care i\u0219i doresc cu adev\u0103rat s\u0103 fac\u0103 reform\u0103 \u0219i care \u00een\u021beleg necesitatea eficientiz\u0103rii \u0219i moderniz\u0103rii propriilor comunit\u0103\u021bi.<\/p>\n<\/div>\n<\/div>\n<p>[analyse_source url=&#8221;https:\/\/www.banatulazi.ro\/administratii-locale-mai-flexibile-in-timis-video\/&#8221;]<\/p>\n","protected":false},"excerpt":{"rendered":"<p>[analyse_image type=&#8221;featured&#8221; src=&#8221;https:\/\/www.banatulazi.ro\/wp-content\/uploads\/2026\/03\/masloc-fibis-pnl-11.jpg&#8221;] Joi, 5 martie, a avut loc o conferin\u021b\u0103 de pres\u0103 a filialei Timi\u0219 a PNL ce a ridicat diverse probleme de eficientizarea administra\u021biei locale. Cu aceast\u0103 ocazie pre\u0219edintele organiza\u021biei, Marilen Pirtea \u0219i secretarul general, Alin Popoviciu, au avvut ca invita\u021bi doi primari de comune liberali: Ionel Lupu de la Ma\u0219loc \u0219i Gheorghe-Dorel [&hellip;]<\/p>\n","protected":false},"author":1,"featured_media":0,"comment_status":"open","ping_status":"","sticky":false,"template":"","format":"standard","meta":{"footnotes":""},"categories":[89],"tags":[185,226],"class_list":["post-1809732","post","type-post","status-publish","format-standard","hentry","category-romania","tag-banatulazi-ro","tag-crawlmanager"],"_links":{"self":[{"href":"https:\/\/analyse.optim.biz\/index.php?rest_route=\/wp\/v2\/posts\/1809732","targetHints":{"allow":["GET"]}}],"collection":[{"href":"https:\/\/analyse.optim.biz\/index.php?rest_route=\/wp\/v2\/posts"}],"about":[{"href":"https:\/\/analyse.optim.biz\/index.php?rest_route=\/wp\/v2\/types\/post"}],"author":[{"embeddable":true,"href":"https:\/\/analyse.optim.biz\/index.php?rest_route=\/wp\/v2\/users\/1"}],"replies":[{"embeddable":true,"href":"https:\/\/analyse.optim.biz\/index.php?rest_route=%2Fwp%2Fv2%2Fcomments&post=1809732"}],"version-history":[{"count":0,"href":"https:\/\/analyse.optim.biz\/index.php?rest_route=\/wp\/v2\/posts\/1809732\/revisions"}],"wp:attachment":[{"href":"https:\/\/analyse.optim.biz\/index.php?rest_route=%2Fwp%2Fv2%2Fmedia&parent=1809732"}],"wp:term":[{"taxonomy":"category","embeddable":true,"href":"https:\/\/analyse.optim.biz\/index.php?rest_route=%2Fwp%2Fv2%2Fcategories&post=1809732"},{"taxonomy":"post_tag","embeddable":true,"href":"https:\/\/analyse.optim.biz\/index.php?rest_route=%2Fwp%2Fv2%2Ftags&post=1809732"}],"curies":[{"name":"wp","href":"https:\/\/api.w.org\/{rel}","templated":true}]}}