{"id":1808861,"date":"2026-03-05T12:41:57","date_gmt":"2026-03-05T09:41:57","guid":{"rendered":"https:\/\/analyse.optim.biz\/?p=1808861"},"modified":"2026-03-05T12:41:57","modified_gmt":"2026-03-05T09:41:57","slug":"elena-dobos-deputat-aur-de-tulcea-cere-guvernului-declararea-imediata-a-sacalului-ca-specie-invaziva","status":"publish","type":"post","link":"https:\/\/analyse.optim.biz\/?p=1808861","title":{"rendered":"Elena Dobo\u015f, deputat AUR de Tulcea, cere Guvernului declararea imediat\u0103 a \u015facalului ca specie invaziv\u0103,"},"content":{"rendered":"<p>[analyse_image type=&#8221;featured&#8221; src=&#8221;https:\/\/ziaruldelta.ro\/wp-content\/uploads\/2026\/03\/elena-dobos-2.jpg&#8221;]<\/p>\n<article id=\"post-35654\" class=\"module single-post-module post-35654 post type-post status-publish format-standard has-post-thumbnail hentry category-politica-administratie et-has-post-format-content et_post_format-et-post-format-standard\">\n<div class=\"post-header\">\n<h1 class=\"entry-title\">Elena Dobo\u015f, deputat AUR de Tulcea, cere Guvernului declararea imediat\u0103 a \u015facalului ca specie invaziv\u0103, eliminarea cotelor de recolt\u0103 \u015fi crearea imediat\u0103 a unui mecanism de desp\u0103gubire<\/h1>\n<div class=\"post-meta vcard\">\n<p>Posted by <a href=\"https:\/\/ziaruldelta.ro\/author\/ziarul-delta\/\" class=\"url fn\" title=\"Posts by Ziarul Delta\" rel=\"author\">Ziarul Delta<\/a> | <span class=\"updated\">Mar 5, 2026<\/span> | <a href=\"https:\/\/ziaruldelta.ro\/category\/politica-administratie\/\" rel=\"tag\">Politica &#8211; Administratie<\/a> | <\/p>\n<\/div>\n<\/div>\n<div class=\"post-thumbnail header\"><img decoding=\"async\" src=\"https:\/\/ziaruldelta.ro\/wp-content\/uploads\/2026\/03\/elena-dobos-2.jpg\" alt=\"Elena Dobo\u015f, deputat AUR de Tulcea, cere Guvernului declararea imediat\u0103 a \u015facalului ca specie invaziv\u0103, eliminarea cotelor de recolt\u0103 \u015fi crearea imediat\u0103 a unui mecanism de desp\u0103gubire\"><\/div>\n<div class=\"post-wrap\">\n<div class=\"post-content entry-content\">\n<p>Elena Dobo\u015f, deputat AUR de Tulcea, cere Guvernului declararea imediat\u0103 a \u015facalului ca specie invaziv\u0103 \u015fi eliminarea cotelor de recolt\u0103. Deputatul solicit\u0103 crearea imediat\u0103 a unui mecanism de desp\u0103gubire real prin care Ministerul Mediului \u015fi Ministerul Agriculturii s\u0103 constituie un fond de urgen\u0163\u0103, inclusiv din fonduri europene, care s\u0103 desp\u0103gubeasc\u0103 integral \u015fi rapid pierderile cauzate de \u015facali, similar procedurilor aplicate \u00een cazul pestei porcine.<\/p>\n<blockquote>\n<p>\u201eDe aproape patru ani, comunit\u0103\u0163ile din Delta Dun\u0103rii \u015fi din restul jude\u0163ului Tulcea tr\u0103iesc sub asediul unei specii care a sc\u0103pat de sub orice control biologic: \u015facalul auriu. \u00cen calitate de deputat de Tulcea, am primit nenum\u0103rate sesiz\u0103ri de la primari, fermieri \u015fi simpli gospodari care asist\u0103 neputincio\u015fi la distrugerea avutului lor. Nu mai vorbim de incidente izolate, ci de o criz\u0103 sistemic\u0103 ce afecteaz\u0103 siguran\u0163a cet\u0103\u0163eanului \u015fi economia local\u0103.<br \/>\nDe\u015fi localnicii au f\u0103cut demersuri repetate c\u0103tre prim\u0103rii, iar acestea, la r\u00e2ndul lor, au sesizat Administra\u0163ia Rezerva\u0163iei Biosferei Delta Dun\u0103rii (ARBDD), r\u0103spunsul autorit\u0103\u0163ilor r\u0103m\u00e2ne unul birocratic \u015fi ineficient. Programele de \u201erecoltare controlat\u0103\u201d s-au dovedit a fi doar solu\u0163ii de moment, care nu fac dec\u00e2t s\u0103 am\u00e2ne inevitabilul. \u00cen timp ce noi emitem autoriza\u0163ii cu \u0163\u00e2r\u00e2ita, \u015facalii se \u00eenmul\u0163esc exponen\u0163ial, profit\u00e2nd de schimb\u0103rile climatice \u015fi de mediul favorabil din Delt\u0103.<br \/>\n\u00cen Republica Moldova, autorit\u0103\u0163ile au \u00een\u0163eles pericolul \u015fi au declarat \u015facalul specie d\u0103un\u0103toare, permi\u0163\u00e2nd cote nelimitate de v\u00e2n\u0103toare. \u00cen Ungaria \u015fi Serbia, specia este tratat\u0103 ca invaziv\u0103. \u00cen schimb, \u00een Rom\u00e2nia, ne pierdem \u00een proceduri greoaie care las\u0103 fermierul tulcean singur \u00een fa\u0163a pagubelor\u201d, a declarat deputatul AUR de Tulcea.<\/p>\n<\/blockquote>\n<p>Elena Dobo\u015f cere explica\u0163ii Ministerului Mediului, Apelor \u015fi P\u0103durilor \u015fi Ministerului Agriculturii \u015fi Dezvolt\u0103rii Rurale \u00een leg\u0103tur\u0103 cu neaplicarea regulamentelor europene pentru speciile invazive \u015fi solicit\u0103 m\u0103suri urgente.<\/p>\n<blockquote>\n<p>\u201eVoi adresa o serie de \u00eentreb\u0103ri oficiale \u015fi interpel\u0103ri c\u0103tre Ministerul Mediului, Apelor \u015fi P\u0103durilor \u015fi c\u0103tre Ministerul Agriculturii \u015fi Dezvolt\u0103rii Rurale. Vreau s\u0103 aflu clar: de ce nu aplic\u0103m regulamentele europene pentru speciile invazive? Cine r\u0103spunde pentru pierderile financiare ale tulcenilor? \u015ei, mai ales, c\u00e2nd va \u00eenceta ARBDD s\u0103 mai pun\u0103 h\u00e2r\u0163og\u0103ria deasupra siguran\u0163ei oamenilor?<\/p>\n<p>Solicit implementarea de urgen\u0163\u0103 a urm\u0103toarelor solu\u0163ii:<br \/>\nDeclararea imediat\u0103 a \u015facalului ca specie invaziv\u0103 \u015fi eliminarea cotelor de recolt\u0103, conform Regulamentului (UE) nr. 1143\/2014, pentru a avea libertatea de a ac\u0163iona ferm, f\u0103r\u0103 bariere birocratice care ignor\u0103 realitatea din teren, concomitent cu crearea unui mecanism de desp\u0103gubire real prin care Ministerul Mediului \u015fi Ministerul Agriculturii s\u0103 constituie un fond de urgen\u0163\u0103, inclusiv din fonduri europene, care s\u0103 desp\u0103gubeasc\u0103 integral \u015fi rapid pierderile cauzate de \u015facali, similar procedurilor aplicate \u00een cazul pestei porcine.<br \/>\nSpeciali\u015ftii \u00een domeniu atrag aten\u0163ia c\u0103 exist\u0103 o perioad\u0103 limitat\u0103 pentru adoptarea unor m\u0103suri eficiente care s\u0103 men\u0163in\u0103 echilibrul faunei din Delta Dun\u0103rii. Lipsa unor interven\u0163ii adecvate poate conduce la degradarea ireversibil\u0103 a ecosistemului\u201d, a declarat Elena Dobo\u015f, deputat AUR de Tulcea.<\/p>\n<\/blockquote>\n<p><strong>Comunicat de pres\u0103<\/strong><\/p>\n<\/div>\n<\/div>\n<div class=\"post-footer\">\n<div class=\"social-icons ed-social-share-icons\">\n<p class=\"share-title\">Share:<\/p>\n<\/div>\n<div class=\"rating-stars\">\n<p id=\"rate-title\" class=\"rate-title\">Rate:<\/p>\n<\/div>\n<\/div>\n<\/article>\n<div class=\"post-content entry-content\">\n<p>Elena Dobo\u015f, deputat AUR de Tulcea, cere Guvernului declararea imediat\u0103 a \u015facalului ca specie invaziv\u0103 \u015fi eliminarea cotelor de recolt\u0103. Deputatul solicit\u0103 crearea imediat\u0103 a unui mecanism de desp\u0103gubire real prin care Ministerul Mediului \u015fi Ministerul Agriculturii s\u0103 constituie un fond de urgen\u0163\u0103, inclusiv din fonduri europene, care s\u0103 desp\u0103gubeasc\u0103 integral \u015fi rapid pierderile cauzate de \u015facali, similar procedurilor aplicate \u00een cazul pestei porcine.<\/p>\n<blockquote>\n<p>\u201eDe aproape patru ani, comunit\u0103\u0163ile din Delta Dun\u0103rii \u015fi din restul jude\u0163ului Tulcea tr\u0103iesc sub asediul unei specii care a sc\u0103pat de sub orice control biologic: \u015facalul auriu. \u00cen calitate de deputat de Tulcea, am primit nenum\u0103rate sesiz\u0103ri de la primari, fermieri \u015fi simpli gospodari care asist\u0103 neputincio\u015fi la distrugerea avutului lor. Nu mai vorbim de incidente izolate, ci de o criz\u0103 sistemic\u0103 ce afecteaz\u0103 siguran\u0163a cet\u0103\u0163eanului \u015fi economia local\u0103.<br \/>\nDe\u015fi localnicii au f\u0103cut demersuri repetate c\u0103tre prim\u0103rii, iar acestea, la r\u00e2ndul lor, au sesizat Administra\u0163ia Rezerva\u0163iei Biosferei Delta Dun\u0103rii (ARBDD), r\u0103spunsul autorit\u0103\u0163ilor r\u0103m\u00e2ne unul birocratic \u015fi ineficient. Programele de \u201erecoltare controlat\u0103\u201d s-au dovedit a fi doar solu\u0163ii de moment, care nu fac dec\u00e2t s\u0103 am\u00e2ne inevitabilul. \u00cen timp ce noi emitem autoriza\u0163ii cu \u0163\u00e2r\u00e2ita, \u015facalii se \u00eenmul\u0163esc exponen\u0163ial, profit\u00e2nd de schimb\u0103rile climatice \u015fi de mediul favorabil din Delt\u0103.<br \/>\n\u00cen Republica Moldova, autorit\u0103\u0163ile au \u00een\u0163eles pericolul \u015fi au declarat \u015facalul specie d\u0103un\u0103toare, permi\u0163\u00e2nd cote nelimitate de v\u00e2n\u0103toare. \u00cen Ungaria \u015fi Serbia, specia este tratat\u0103 ca invaziv\u0103. \u00cen schimb, \u00een Rom\u00e2nia, ne pierdem \u00een proceduri greoaie care las\u0103 fermierul tulcean singur \u00een fa\u0163a pagubelor\u201d, a declarat deputatul AUR de Tulcea.<\/p>\n<\/blockquote>\n<p>Elena Dobo\u015f cere explica\u0163ii Ministerului Mediului, Apelor \u015fi P\u0103durilor \u015fi Ministerului Agriculturii \u015fi Dezvolt\u0103rii Rurale \u00een leg\u0103tur\u0103 cu neaplicarea regulamentelor europene pentru speciile invazive \u015fi solicit\u0103 m\u0103suri urgente.<\/p>\n<blockquote>\n<p>\u201eVoi adresa o serie de \u00eentreb\u0103ri oficiale \u015fi interpel\u0103ri c\u0103tre Ministerul Mediului, Apelor \u015fi P\u0103durilor \u015fi c\u0103tre Ministerul Agriculturii \u015fi Dezvolt\u0103rii Rurale. Vreau s\u0103 aflu clar: de ce nu aplic\u0103m regulamentele europene pentru speciile invazive? Cine r\u0103spunde pentru pierderile financiare ale tulcenilor? \u015ei, mai ales, c\u00e2nd va \u00eenceta ARBDD s\u0103 mai pun\u0103 h\u00e2r\u0163og\u0103ria deasupra siguran\u0163ei oamenilor?<\/p>\n<p>Solicit implementarea de urgen\u0163\u0103 a urm\u0103toarelor solu\u0163ii:<br \/>\nDeclararea imediat\u0103 a \u015facalului ca specie invaziv\u0103 \u015fi eliminarea cotelor de recolt\u0103, conform Regulamentului (UE) nr. 1143\/2014, pentru a avea libertatea de a ac\u0163iona ferm, f\u0103r\u0103 bariere birocratice care ignor\u0103 realitatea din teren, concomitent cu crearea unui mecanism de desp\u0103gubire real prin care Ministerul Mediului \u015fi Ministerul Agriculturii s\u0103 constituie un fond de urgen\u0163\u0103, inclusiv din fonduri europene, care s\u0103 desp\u0103gubeasc\u0103 integral \u015fi rapid pierderile cauzate de \u015facali, similar procedurilor aplicate \u00een cazul pestei porcine.<br \/>\nSpeciali\u015ftii \u00een domeniu atrag aten\u0163ia c\u0103 exist\u0103 o perioad\u0103 limitat\u0103 pentru adoptarea unor m\u0103suri eficiente care s\u0103 men\u0163in\u0103 echilibrul faunei din Delta Dun\u0103rii. Lipsa unor interven\u0163ii adecvate poate conduce la degradarea ireversibil\u0103 a ecosistemului\u201d, a declarat Elena Dobo\u015f, deputat AUR de Tulcea.<\/p>\n<\/blockquote>\n<p><strong>Comunicat de pres\u0103<\/strong><\/p>\n<\/div>\n<div class=\"post-content entry-content\">\n<p>Elena Dobo\u015f, deputat AUR de Tulcea, cere Guvernului declararea imediat\u0103 a \u015facalului ca specie invaziv\u0103 \u015fi eliminarea cotelor de recolt\u0103. Deputatul solicit\u0103 crearea imediat\u0103 a unui mecanism de desp\u0103gubire real prin care Ministerul Mediului \u015fi Ministerul Agriculturii s\u0103 constituie un fond de urgen\u0163\u0103, inclusiv din fonduri europene, care s\u0103 desp\u0103gubeasc\u0103 integral \u015fi rapid pierderile cauzate de \u015facali, similar procedurilor aplicate \u00een cazul pestei porcine.<\/p>\n<blockquote>\n<p>\u201eDe aproape patru ani, comunit\u0103\u0163ile din Delta Dun\u0103rii \u015fi din restul jude\u0163ului Tulcea tr\u0103iesc sub asediul unei specii care a sc\u0103pat de sub orice control biologic: \u015facalul auriu. \u00cen calitate de deputat de Tulcea, am primit nenum\u0103rate sesiz\u0103ri de la primari, fermieri \u015fi simpli gospodari care asist\u0103 neputincio\u015fi la distrugerea avutului lor. Nu mai vorbim de incidente izolate, ci de o criz\u0103 sistemic\u0103 ce afecteaz\u0103 siguran\u0163a cet\u0103\u0163eanului \u015fi economia local\u0103.<br \/>\nDe\u015fi localnicii au f\u0103cut demersuri repetate c\u0103tre prim\u0103rii, iar acestea, la r\u00e2ndul lor, au sesizat Administra\u0163ia Rezerva\u0163iei Biosferei Delta Dun\u0103rii (ARBDD), r\u0103spunsul autorit\u0103\u0163ilor r\u0103m\u00e2ne unul birocratic \u015fi ineficient. Programele de \u201erecoltare controlat\u0103\u201d s-au dovedit a fi doar solu\u0163ii de moment, care nu fac dec\u00e2t s\u0103 am\u00e2ne inevitabilul. \u00cen timp ce noi emitem autoriza\u0163ii cu \u0163\u00e2r\u00e2ita, \u015facalii se \u00eenmul\u0163esc exponen\u0163ial, profit\u00e2nd de schimb\u0103rile climatice \u015fi de mediul favorabil din Delt\u0103.<br \/>\n\u00cen Republica Moldova, autorit\u0103\u0163ile au \u00een\u0163eles pericolul \u015fi au declarat \u015facalul specie d\u0103un\u0103toare, permi\u0163\u00e2nd cote nelimitate de v\u00e2n\u0103toare. \u00cen Ungaria \u015fi Serbia, specia este tratat\u0103 ca invaziv\u0103. \u00cen schimb, \u00een Rom\u00e2nia, ne pierdem \u00een proceduri greoaie care las\u0103 fermierul tulcean singur \u00een fa\u0163a pagubelor\u201d, a declarat deputatul AUR de Tulcea.<\/p>\n<\/blockquote>\n<p>Elena Dobo\u015f cere explica\u0163ii Ministerului Mediului, Apelor \u015fi P\u0103durilor \u015fi Ministerului Agriculturii \u015fi Dezvolt\u0103rii Rurale \u00een leg\u0103tur\u0103 cu neaplicarea regulamentelor europene pentru speciile invazive \u015fi solicit\u0103 m\u0103suri urgente.<\/p>\n<blockquote>\n<p>\u201eVoi adresa o serie de \u00eentreb\u0103ri oficiale \u015fi interpel\u0103ri c\u0103tre Ministerul Mediului, Apelor \u015fi P\u0103durilor \u015fi c\u0103tre Ministerul Agriculturii \u015fi Dezvolt\u0103rii Rurale. Vreau s\u0103 aflu clar: de ce nu aplic\u0103m regulamentele europene pentru speciile invazive? Cine r\u0103spunde pentru pierderile financiare ale tulcenilor? \u015ei, mai ales, c\u00e2nd va \u00eenceta ARBDD s\u0103 mai pun\u0103 h\u00e2r\u0163og\u0103ria deasupra siguran\u0163ei oamenilor?<\/p>\n<p>Solicit implementarea de urgen\u0163\u0103 a urm\u0103toarelor solu\u0163ii:<br \/>\nDeclararea imediat\u0103 a \u015facalului ca specie invaziv\u0103 \u015fi eliminarea cotelor de recolt\u0103, conform Regulamentului (UE) nr. 1143\/2014, pentru a avea libertatea de a ac\u0163iona ferm, f\u0103r\u0103 bariere birocratice care ignor\u0103 realitatea din teren, concomitent cu crearea unui mecanism de desp\u0103gubire real prin care Ministerul Mediului \u015fi Ministerul Agriculturii s\u0103 constituie un fond de urgen\u0163\u0103, inclusiv din fonduri europene, care s\u0103 desp\u0103gubeasc\u0103 integral \u015fi rapid pierderile cauzate de \u015facali, similar procedurilor aplicate \u00een cazul pestei porcine.<br \/>\nSpeciali\u015ftii \u00een domeniu atrag aten\u0163ia c\u0103 exist\u0103 o perioad\u0103 limitat\u0103 pentru adoptarea unor m\u0103suri eficiente care s\u0103 men\u0163in\u0103 echilibrul faunei din Delta Dun\u0103rii. Lipsa unor interven\u0163ii adecvate poate conduce la degradarea ireversibil\u0103 a ecosistemului\u201d, a declarat Elena Dobo\u015f, deputat AUR de Tulcea.<\/p>\n<\/blockquote>\n<p><strong>Comunicat de pres\u0103<\/strong><\/p>\n<\/div>\n<p>[analyse_source url=&#8221;https:\/\/ziaruldelta.ro\/2026\/03\/05\/elena-dobos-deputat-aur-de-tulcea-cere-guvernului-declararea-imediata-a-sacalului-ca-specie-invaziva-eliminarea-cotelor-de-recolta-si-crearea-imediata-a-unui-mecanism-de-despagubire\/&#8221;]<\/p>\n","protected":false},"excerpt":{"rendered":"<p>[analyse_image type=&#8221;featured&#8221; src=&#8221;https:\/\/ziaruldelta.ro\/wp-content\/uploads\/2026\/03\/elena-dobos-2.jpg&#8221;] Elena Dobo\u015f, deputat AUR de Tulcea, cere Guvernului declararea imediat\u0103 a \u015facalului ca specie invaziv\u0103, eliminarea cotelor de recolt\u0103 \u015fi crearea imediat\u0103 a unui mecanism de desp\u0103gubire Posted by Ziarul Delta | Mar 5, 2026 | Politica &#8211; Administratie | Elena Dobo\u015f, deputat AUR de Tulcea, cere Guvernului declararea imediat\u0103 a \u015facalului [&hellip;]<\/p>\n","protected":false},"author":1,"featured_media":0,"comment_status":"open","ping_status":"","sticky":false,"template":"","format":"standard","meta":{"footnotes":""},"categories":[89],"tags":[226,206],"class_list":["post-1808861","post","type-post","status-publish","format-standard","hentry","category-romania","tag-crawlmanager","tag-ziaruldelta-ro"],"_links":{"self":[{"href":"https:\/\/analyse.optim.biz\/index.php?rest_route=\/wp\/v2\/posts\/1808861","targetHints":{"allow":["GET"]}}],"collection":[{"href":"https:\/\/analyse.optim.biz\/index.php?rest_route=\/wp\/v2\/posts"}],"about":[{"href":"https:\/\/analyse.optim.biz\/index.php?rest_route=\/wp\/v2\/types\/post"}],"author":[{"embeddable":true,"href":"https:\/\/analyse.optim.biz\/index.php?rest_route=\/wp\/v2\/users\/1"}],"replies":[{"embeddable":true,"href":"https:\/\/analyse.optim.biz\/index.php?rest_route=%2Fwp%2Fv2%2Fcomments&post=1808861"}],"version-history":[{"count":0,"href":"https:\/\/analyse.optim.biz\/index.php?rest_route=\/wp\/v2\/posts\/1808861\/revisions"}],"wp:attachment":[{"href":"https:\/\/analyse.optim.biz\/index.php?rest_route=%2Fwp%2Fv2%2Fmedia&parent=1808861"}],"wp:term":[{"taxonomy":"category","embeddable":true,"href":"https:\/\/analyse.optim.biz\/index.php?rest_route=%2Fwp%2Fv2%2Fcategories&post=1808861"},{"taxonomy":"post_tag","embeddable":true,"href":"https:\/\/analyse.optim.biz\/index.php?rest_route=%2Fwp%2Fv2%2Ftags&post=1808861"}],"curies":[{"name":"wp","href":"https:\/\/api.w.org\/{rel}","templated":true}]}}