{"id":1808857,"date":"2026-03-05T07:00:42","date_gmt":"2026-03-05T04:00:42","guid":{"rendered":"https:\/\/analyse.optim.biz\/?p=1808857"},"modified":"2026-03-05T07:00:42","modified_gmt":"2026-03-05T04:00:42","slug":"gazele-naturale-devin-realitate-in-comuna-frecatei-s-a-semnat-contractul-de-finantare-ziarul-delta-tulcea","status":"publish","type":"post","link":"https:\/\/analyse.optim.biz\/?p=1808857","title":{"rendered":"Gazele naturale devin realitate \u00een comuna Frec\u0103\u0163ei: s-a semnat contractul de finan\u0163are &#8211; Ziarul Delta Tulcea"},"content":{"rendered":"<p>[analyse_image type=&#8221;featured&#8221; src=&#8221;https:\/\/ziaruldelta.ro\/wp-content\/uploads\/2026\/03\/gazele-naturale.jpg&#8221;]<\/p>\n<article id=\"post-35650\" class=\"module single-post-module post-35650 post type-post status-publish format-standard has-post-thumbnail hentry category-politica-administratie et-has-post-format-content et_post_format-et-post-format-standard\">\n<div class=\"post-header\">\n<h1 class=\"entry-title\">Gazele naturale devin realitate \u00een comuna Frec\u0103\u0163ei: s-a semnat contractul de finan\u0163are<\/h1>\n<div class=\"post-meta vcard\">\n<p>Posted by <a href=\"https:\/\/ziaruldelta.ro\/author\/nicoleta-urmuz\/\" class=\"url fn\" title=\"Posts by Nicoleta URMUZ\" rel=\"author\">Nicoleta URMUZ<\/a> | <span class=\"updated\">Mar 5, 2026<\/span> | <a href=\"https:\/\/ziaruldelta.ro\/category\/politica-administratie\/\" rel=\"tag\">Politica &#8211; Administratie<\/a> | <\/p>\n<\/div>\n<\/div>\n<div class=\"post-thumbnail header\"><img decoding=\"async\" src=\"https:\/\/ziaruldelta.ro\/wp-content\/uploads\/2026\/03\/gazele-naturale.jpg\" alt=\"Gazele naturale devin realitate \u00een comuna Frec\u0103\u0163ei: s-a semnat contractul de finan\u0163are\"><\/div>\n<div class=\"post-wrap\">\n<div class=\"post-content entry-content\">\n<p>Comuna Frec\u0103\u0163ei va avea sistem de distribu\u0163ie a gazelor naturale, printr-un proiect finan\u0163at prin Programul Na\u0163ional de Investi\u0163ii \u201eAnghel Saligny\u201d cu 8.075.000 de lei. Anun\u0163ul a fost f\u0103cut ieri dup\u0103 ce ministrul Cseke Attila a semnat 20 de noi contracte de finan\u0163are prin \u201eAnghel Saligny\u201d, \u00een valoare total\u0103 de 195.118.206,63 lei.<\/p>\n<blockquote>\n<p>\u201eAceasta este una dintre cele mai importante investi\u0163ii pentru comuna noastr\u0103, deoarece va duce la atragerea de investitori priva\u0163i \u015fi, totodat\u0103, la o cre\u015ftere economic\u0103 considerabil\u0103\u201d, spune Marian Naiman, primarul comunei Frec\u0103\u0163ei.<\/p>\n<\/blockquote>\n<p>Proiectele vizate prin program includ \u00eenfiin\u0163area sau extinderea sistemelor de alimentare cu ap\u0103 potabil\u0103, a re\u0163elelor de canalizare menajer\u0103, a sta\u0163iilor de epurare a apelor uzate \u015fi a sistemelor de distribu\u0163ie a gazelor naturale, precum \u015fi modernizarea infrastructurii rutiere.<\/p>\n<p>Reamintim c\u0103, pe 31 ianuarie 2025, primarul comunei Frec\u0103\u0163ei, Marian Naiman, a semnat contractul de execu\u0163ie pentru proiectarea \u015fi executarea re\u0163elei de gaze naturale. Pentru semnarea acestuia au fost parcurse mai multe etape privind avizarea, ob\u0163inerea finan\u0163\u0103rii \u015fi derularea lucr\u0103rilor de achizi\u0163ie.<\/p>\n<p>La vremea aceea, primarul declara c\u0103 proiectul \u00eenfiin\u0163\u0103rii re\u0163elei de gaze la Frec\u0103\u0163ei este unul de amploare, \u015fi cuprinde trei etape: Etapa de studii tehnice \u015fi proiectare, Etapa II \u2013 de asisten\u0163\u0103 tehnic\u0103, \u015fi Etapa III \u2013 de executare a lucr\u0103rilor necesare. Conform documenta\u0163iei, valoarea total\u0103 era de aproape 55 de milioane de lei.<\/p>\n<\/div>\n<\/div>\n<div class=\"post-footer\">\n<div class=\"social-icons ed-social-share-icons\">\n<p class=\"share-title\">Share:<\/p>\n<\/div>\n<div class=\"rating-stars\">\n<p id=\"rate-title\" class=\"rate-title\">Rate:<\/p>\n<\/div>\n<\/div>\n<\/article>\n<div class=\"post-content entry-content\">\n<p>Comuna Frec\u0103\u0163ei va avea sistem de distribu\u0163ie a gazelor naturale, printr-un proiect finan\u0163at prin Programul Na\u0163ional de Investi\u0163ii \u201eAnghel Saligny\u201d cu 8.075.000 de lei. Anun\u0163ul a fost f\u0103cut ieri dup\u0103 ce ministrul Cseke Attila a semnat 20 de noi contracte de finan\u0163are prin \u201eAnghel Saligny\u201d, \u00een valoare total\u0103 de 195.118.206,63 lei.<\/p>\n<blockquote>\n<p>\u201eAceasta este una dintre cele mai importante investi\u0163ii pentru comuna noastr\u0103, deoarece va duce la atragerea de investitori priva\u0163i \u015fi, totodat\u0103, la o cre\u015ftere economic\u0103 considerabil\u0103\u201d, spune Marian Naiman, primarul comunei Frec\u0103\u0163ei.<\/p>\n<\/blockquote>\n<p>Proiectele vizate prin program includ \u00eenfiin\u0163area sau extinderea sistemelor de alimentare cu ap\u0103 potabil\u0103, a re\u0163elelor de canalizare menajer\u0103, a sta\u0163iilor de epurare a apelor uzate \u015fi a sistemelor de distribu\u0163ie a gazelor naturale, precum \u015fi modernizarea infrastructurii rutiere.<\/p>\n<p>Reamintim c\u0103, pe 31 ianuarie 2025, primarul comunei Frec\u0103\u0163ei, Marian Naiman, a semnat contractul de execu\u0163ie pentru proiectarea \u015fi executarea re\u0163elei de gaze naturale. Pentru semnarea acestuia au fost parcurse mai multe etape privind avizarea, ob\u0163inerea finan\u0163\u0103rii \u015fi derularea lucr\u0103rilor de achizi\u0163ie.<\/p>\n<p>La vremea aceea, primarul declara c\u0103 proiectul \u00eenfiin\u0163\u0103rii re\u0163elei de gaze la Frec\u0103\u0163ei este unul de amploare, \u015fi cuprinde trei etape: Etapa de studii tehnice \u015fi proiectare, Etapa II \u2013 de asisten\u0163\u0103 tehnic\u0103, \u015fi Etapa III \u2013 de executare a lucr\u0103rilor necesare. Conform documenta\u0163iei, valoarea total\u0103 era de aproape 55 de milioane de lei.<\/p>\n<\/div>\n<div class=\"post-content entry-content\">\n<p>Comuna Frec\u0103\u0163ei va avea sistem de distribu\u0163ie a gazelor naturale, printr-un proiect finan\u0163at prin Programul Na\u0163ional de Investi\u0163ii \u201eAnghel Saligny\u201d cu 8.075.000 de lei. Anun\u0163ul a fost f\u0103cut ieri dup\u0103 ce ministrul Cseke Attila a semnat 20 de noi contracte de finan\u0163are prin \u201eAnghel Saligny\u201d, \u00een valoare total\u0103 de 195.118.206,63 lei.<\/p>\n<blockquote>\n<p>\u201eAceasta este una dintre cele mai importante investi\u0163ii pentru comuna noastr\u0103, deoarece va duce la atragerea de investitori priva\u0163i \u015fi, totodat\u0103, la o cre\u015ftere economic\u0103 considerabil\u0103\u201d, spune Marian Naiman, primarul comunei Frec\u0103\u0163ei.<\/p>\n<\/blockquote>\n<p>Proiectele vizate prin program includ \u00eenfiin\u0163area sau extinderea sistemelor de alimentare cu ap\u0103 potabil\u0103, a re\u0163elelor de canalizare menajer\u0103, a sta\u0163iilor de epurare a apelor uzate \u015fi a sistemelor de distribu\u0163ie a gazelor naturale, precum \u015fi modernizarea infrastructurii rutiere.<\/p>\n<p>Reamintim c\u0103, pe 31 ianuarie 2025, primarul comunei Frec\u0103\u0163ei, Marian Naiman, a semnat contractul de execu\u0163ie pentru proiectarea \u015fi executarea re\u0163elei de gaze naturale. Pentru semnarea acestuia au fost parcurse mai multe etape privind avizarea, ob\u0163inerea finan\u0163\u0103rii \u015fi derularea lucr\u0103rilor de achizi\u0163ie.<\/p>\n<p>La vremea aceea, primarul declara c\u0103 proiectul \u00eenfiin\u0163\u0103rii re\u0163elei de gaze la Frec\u0103\u0163ei este unul de amploare, \u015fi cuprinde trei etape: Etapa de studii tehnice \u015fi proiectare, Etapa II \u2013 de asisten\u0163\u0103 tehnic\u0103, \u015fi Etapa III \u2013 de executare a lucr\u0103rilor necesare. Conform documenta\u0163iei, valoarea total\u0103 era de aproape 55 de milioane de lei.<\/p>\n<\/div>\n<p>[analyse_source url=&#8221;https:\/\/ziaruldelta.ro\/2026\/03\/05\/gazele-naturale-devin-realitate-in-comuna-frecatei-s-a-semnat-contractul-de-finantare\/&#8221;]<\/p>\n","protected":false},"excerpt":{"rendered":"<p>[analyse_image type=&#8221;featured&#8221; src=&#8221;https:\/\/ziaruldelta.ro\/wp-content\/uploads\/2026\/03\/gazele-naturale.jpg&#8221;] Gazele naturale devin realitate \u00een comuna Frec\u0103\u0163ei: s-a semnat contractul de finan\u0163are Posted by Nicoleta URMUZ | Mar 5, 2026 | Politica &#8211; Administratie | Comuna Frec\u0103\u0163ei va avea sistem de distribu\u0163ie a gazelor naturale, printr-un proiect finan\u0163at prin Programul Na\u0163ional de Investi\u0163ii \u201eAnghel Saligny\u201d cu 8.075.000 de lei. Anun\u0163ul a fost [&hellip;]<\/p>\n","protected":false},"author":1,"featured_media":0,"comment_status":"open","ping_status":"","sticky":false,"template":"","format":"standard","meta":{"footnotes":""},"categories":[89],"tags":[226,206],"class_list":["post-1808857","post","type-post","status-publish","format-standard","hentry","category-romania","tag-crawlmanager","tag-ziaruldelta-ro"],"_links":{"self":[{"href":"https:\/\/analyse.optim.biz\/index.php?rest_route=\/wp\/v2\/posts\/1808857","targetHints":{"allow":["GET"]}}],"collection":[{"href":"https:\/\/analyse.optim.biz\/index.php?rest_route=\/wp\/v2\/posts"}],"about":[{"href":"https:\/\/analyse.optim.biz\/index.php?rest_route=\/wp\/v2\/types\/post"}],"author":[{"embeddable":true,"href":"https:\/\/analyse.optim.biz\/index.php?rest_route=\/wp\/v2\/users\/1"}],"replies":[{"embeddable":true,"href":"https:\/\/analyse.optim.biz\/index.php?rest_route=%2Fwp%2Fv2%2Fcomments&post=1808857"}],"version-history":[{"count":0,"href":"https:\/\/analyse.optim.biz\/index.php?rest_route=\/wp\/v2\/posts\/1808857\/revisions"}],"wp:attachment":[{"href":"https:\/\/analyse.optim.biz\/index.php?rest_route=%2Fwp%2Fv2%2Fmedia&parent=1808857"}],"wp:term":[{"taxonomy":"category","embeddable":true,"href":"https:\/\/analyse.optim.biz\/index.php?rest_route=%2Fwp%2Fv2%2Fcategories&post=1808857"},{"taxonomy":"post_tag","embeddable":true,"href":"https:\/\/analyse.optim.biz\/index.php?rest_route=%2Fwp%2Fv2%2Ftags&post=1808857"}],"curies":[{"name":"wp","href":"https:\/\/api.w.org\/{rel}","templated":true}]}}