{"id":1808850,"date":"2026-03-05T07:10:00","date_gmt":"2026-03-05T04:10:00","guid":{"rendered":"https:\/\/analyse.optim.biz\/?p=1808850"},"modified":"2026-03-05T07:10:00","modified_gmt":"2026-03-05T04:10:00","slug":"targul-de-paste-transforma-orasul-intr-un-decor-de-poveste","status":"publish","type":"post","link":"https:\/\/analyse.optim.biz\/?p=1808850","title":{"rendered":"T\u00e2rgul de Pa\u0219te transform\u0103 ora\u0219ul \u00eentr-un decor de poveste"},"content":{"rendered":"<p>[analyse_image type=&#8221;featured&#8221; src=&#8221;https:\/\/www.banatulazi.ro\/wp-content\/uploads\/2026\/03\/Vizual-Targul-de-Paste-2026.jpeg&#8221;]<\/p>\n<div class=\"td_block_wrap tdb_single_content tdi_64 td-pb-border-top td_block_template_1 td-post-content tagdiv-type\" data-td-block-uid=\"tdi_64\">\n<div class=\"tdb-block-inner td-fix-index\">\n<p><strong>Prim\u0103vara aceasta, Timi\u0219oara propune o experien\u021b\u0103 memorabil\u0103 pentru T\u00e2rgul de Pa\u0219te: o c\u0103l\u0103torie prin inima ora\u0219ului, \u00een care fiecare pia\u021b\u0103 spune o poveste vie despre \u00eent\u00e2lnire, bucurie \u0219i redescoperirea spa\u021biului urban. \u00centre 27 martie \u0219i 14 aprilie, T\u00e2rgul de Pa\u0219te Timi\u0219oara ofer\u0103 o experien\u021b\u0103 complet\u0103, desf\u0103\u0219urat\u0103 ca o c\u0103l\u0103torie \u00eentre pie\u021bele istorice ale ora\u0219ului: Pia\u021ba Victoriei, Pia\u021ba Libert\u0103\u021bii, Pia\u021ba Sf\u00e2ntul Gheorghe \u0219i Pia\u021ba Unirii. Fiecare spa\u021biu va avea o identitate proprie, dar toate sunt unite \u00eentr-un concept scenografic coerent, \u00een care natura, arta \u0219i comunitatea se \u00eent\u00e2lnesc \u00een inima ora\u0219ului.<\/strong><\/p>\n<p><em>\u201eLucr\u0103m \u00een fiecare an ca T\u00e2rgul de Pa\u0219te s\u0103 fie mai bine organizat \u0219i mai atractiv pentru timi\u0219oreni \u0219i pentru cei care vin la Timi\u0219oara. Vrem ca oamenii s\u0103 foloseasc\u0103 spa\u021biul public, s\u0103 stea mai mult \u00een pie\u021be \u0219i s\u0103 simt\u0103 c\u0103 ora\u0219ul le apar\u021bine. Pentru copii preg\u0103tim Pia\u021ba Sf\u00e2ntul Gheorghe cu ateliere interactive \u0219i zone dedicate sportului. Am construit un traseu clar, de la Catedral\u0103 p\u00e2n\u0103 \u00een Pia\u021ba Unirii, astfel \u00eenc\u00e2t oricine s\u0103 poat\u0103 lua ora\u0219ul la pas \u0219i s\u0103 se bucure de el\u201d, <\/em>transmite viceprimarul Paula Romocean.<\/p>\n<p>Pornim din Pia\u021ba Victoriei, \u00eentr-o atmosfer\u0103 de s\u0103rb\u0103toare, care aduce oamenii \u00eempreun\u0103 \u0219i \u00eei invit\u0103 s\u0103 redescopere spa\u021biul public. \u00cen fa\u021ba Operei ne a\u0219teapt\u0103, \u00eentre altele, o instala\u021bie spectaculoas\u0103 de ou\u0103 de Pa\u0219te, decorate de studen\u021bii Facult\u0103\u021bii de Arte Timi\u0219oara \u0219i de arti\u0219ti locali consacra\u021bi. Traseul continu\u0103 pe strada Alba-Iulia, unde decora\u021biuni suspendate \u00eei ghideaz\u0103 pe vizitatori spre urm\u0103toarele zone ale t\u00e2rgului. \u00cen Pia\u021ba Libert\u0103\u021bii, accentul cade pe comunitate, gastronomie \u0219i me\u0219te\u0219uguri. Aici pot fi descoperite produse locale \u0219i pot fi gustate preparate tradi\u021bionale, \u00eentr-o atmosfer\u0103 animat\u0103. Ca de fiecare dat\u0103, Pia\u021ba Sf\u00e2ntul Gheorghe devine un spa\u021biu dedicat celor mici \u2013 \u00een acest an, cu ateliere creative, organizate de Muzeul Interactiv al Copiilor (MIC), al Organiza\u021biei de Management al Destina\u021biei, \u0219i activit\u0103\u021bi sportive, preg\u0103tite de Sport Club Municipal Timi\u0219oara. C\u0103l\u0103toria se \u00eencheie \u00een Pia\u021ba Unirii, loc simbolic al ora\u0219ului, care invit\u0103 publicul s\u0103 tr\u0103iasc\u0103 \u00eempreun\u0103 spiritul S\u0103rb\u0103torilor Pascale.<\/p>\n<p> T\u00e2rgul de Pa\u0219te Timi\u0219oara este un eveniment care se afl\u0103 la cea de-a XVII-a edi\u021bie, organizat de Prim\u0103ria Municipiului Timi\u0219oara prin Casa de Cultur\u0103 \u0219i co-organizat de Centrul de Proiecte \u0219i Visit Timi\u0219oara \u2013 Organiza\u021bia de Management al Destina\u021biei. Programul complet al edi\u021biei din acest an va fi anun\u021bat \u00een 16 martie pe pagina oficial\u0103 a evenimentului \u0219i pe site-urile co-organizatorilor.<\/p>\n<\/div>\n<\/div>\n<p>[analyse_source url=&#8221;https:\/\/www.banatulazi.ro\/targul-de-paste-transforma-orasul-intr-un-decor-de-poveste\/&#8221;]<\/p>\n","protected":false},"excerpt":{"rendered":"<p>[analyse_image type=&#8221;featured&#8221; src=&#8221;https:\/\/www.banatulazi.ro\/wp-content\/uploads\/2026\/03\/Vizual-Targul-de-Paste-2026.jpeg&#8221;] Prim\u0103vara aceasta, Timi\u0219oara propune o experien\u021b\u0103 memorabil\u0103 pentru T\u00e2rgul de Pa\u0219te: o c\u0103l\u0103torie prin inima ora\u0219ului, \u00een care fiecare pia\u021b\u0103 spune o poveste vie despre \u00eent\u00e2lnire, bucurie \u0219i redescoperirea spa\u021biului urban. \u00centre 27 martie \u0219i 14 aprilie, T\u00e2rgul de Pa\u0219te Timi\u0219oara ofer\u0103 o experien\u021b\u0103 complet\u0103, desf\u0103\u0219urat\u0103 ca o c\u0103l\u0103torie \u00eentre pie\u021bele istorice [&hellip;]<\/p>\n","protected":false},"author":1,"featured_media":0,"comment_status":"open","ping_status":"","sticky":false,"template":"","format":"standard","meta":{"footnotes":""},"categories":[89],"tags":[185,226],"class_list":["post-1808850","post","type-post","status-publish","format-standard","hentry","category-romania","tag-banatulazi-ro","tag-crawlmanager"],"_links":{"self":[{"href":"https:\/\/analyse.optim.biz\/index.php?rest_route=\/wp\/v2\/posts\/1808850","targetHints":{"allow":["GET"]}}],"collection":[{"href":"https:\/\/analyse.optim.biz\/index.php?rest_route=\/wp\/v2\/posts"}],"about":[{"href":"https:\/\/analyse.optim.biz\/index.php?rest_route=\/wp\/v2\/types\/post"}],"author":[{"embeddable":true,"href":"https:\/\/analyse.optim.biz\/index.php?rest_route=\/wp\/v2\/users\/1"}],"replies":[{"embeddable":true,"href":"https:\/\/analyse.optim.biz\/index.php?rest_route=%2Fwp%2Fv2%2Fcomments&post=1808850"}],"version-history":[{"count":0,"href":"https:\/\/analyse.optim.biz\/index.php?rest_route=\/wp\/v2\/posts\/1808850\/revisions"}],"wp:attachment":[{"href":"https:\/\/analyse.optim.biz\/index.php?rest_route=%2Fwp%2Fv2%2Fmedia&parent=1808850"}],"wp:term":[{"taxonomy":"category","embeddable":true,"href":"https:\/\/analyse.optim.biz\/index.php?rest_route=%2Fwp%2Fv2%2Fcategories&post=1808850"},{"taxonomy":"post_tag","embeddable":true,"href":"https:\/\/analyse.optim.biz\/index.php?rest_route=%2Fwp%2Fv2%2Ftags&post=1808850"}],"curies":[{"name":"wp","href":"https:\/\/api.w.org\/{rel}","templated":true}]}}