{"id":1808845,"date":"2026-03-05T07:30:02","date_gmt":"2026-03-05T04:30:02","guid":{"rendered":"https:\/\/analyse.optim.biz\/?p=1808845"},"modified":"2026-03-05T07:30:02","modified_gmt":"2026-03-05T04:30:02","slug":"vaccinarea-pe-intelesul-tuturor-porti-deschise-pentru-sanatate-11-17-martie-2026","status":"publish","type":"post","link":"https:\/\/analyse.optim.biz\/?p=1808845","title":{"rendered":"Vaccinarea pe \u00een\u021belesul tuturor. Por\u021bi deschise pentru s\u0103n\u0103tate! 11-17 martie 2026"},"content":{"rendered":"<p>[analyse_image type=&#8221;featured&#8221; src=&#8221;https:\/\/www.banatulazi.ro\/wp-content\/uploads\/2026\/03\/Institutul_de_Igiena_Timisoara.jpg&#8221;]<\/p>\n<div class=\"td_block_wrap tdb_single_content tdi_64 td-pb-border-top td_block_template_1 td-post-content tagdiv-type\" data-td-block-uid=\"tdi_64\">\n<div class=\"tdb-block-inner td-fix-index\">\n<p><strong>\u00cen perioada 11-17 martie 2026, Institutul Na\u021bional de S\u0103n\u0103tate Public\u0103 \u2013 Centrul Regional de S\u0103n\u0103tate Public\u0103 Timi\u0219oara (CRSPT) va organiza pe parcursul \u201eCampaniei Na\u021bionale pentru Promovarea Vaccin\u0103rii\u201d o serie de evenimente \u00een cadrul ac\u021biunii \u201eVaccinarea pe \u00een\u021belesul tuturor.<\/strong><\/p>\n<p>Por\u021bi deschise pentru s\u0103n\u0103tate!\u201d, evenimente destinate cre\u0219terii nivelului de con\u0219tientizare \u0219i informare al popula\u021biei privind vaccinarea.<br \/>\nVaccinarea reprezint\u0103 una dintre cele mai cost-eficiente modalit\u0103\u021bi de a salva vie\u021bi \u0219i de a promova s\u0103n\u0103tatea \u0219i bun\u0103starea pe tot parcursul vie\u021bii.<br \/>\nVaccinarea este important\u0103 \u00een fiecare etap\u0103 a vie\u021bii, vaccinurile sunt recomandate pentru diferite grupe de v\u00e2rst\u0103: vaccinarea sugarilor \u0219i a copiilor, vaccinarea adolescen\u021bilor, vaccinarea adul\u021bilor, vaccinarea grupurilor popula\u021bionale aflate la risc (personalul medical, pacien\u021bii cu boli cronice, gravidele).<\/p>\n<p>Evenimentele se vor desf\u0103\u0219ura la sediul CRSP Timi\u0219oara (Bulevardul Victor Babe\u0219, Nr. 16), \u00een incinta bibliotecii institu\u021biei \u0219i va consta din urm\u0103toarele activit\u0103\u021bi:<br \/>\n\u2022 \u00cen data de 11.03.2026, interval orar 10:00-13:00 \u2013 workshop destinat persoanelor cu v\u00e2rsta peste 65 de ani \u0219i persoanelor cu boli cronice (se vor prezenta \u0219i discuta aspecte privind vaccinurile compensate);<br \/>\n\u2022 \u00cen data de 12.03.2026, interval orar 10:00-13:00 \u2013 workshop destinat p\u0103rin\u021bilor (se vor prezenta \u0219i discuta vaccinurile din Calendarul Na\u021bional de Vaccinare);<br \/>\n\u2022 \u00cen data de 17.03.2026, interval orar 10:00-13:00 \u2013 workshop destinat tinerilor (se vor prezenta \u0219i discuta vaccinarea \u00eempotriva HPV \u0219i vaccinarea diftero-tetano-pertusis);<\/p>\n<p>Toate cele trei workshop-uri vor avea o prim\u0103 sec\u021biune de prezentare a activit\u0103\u021bii CRSPT \u0219i a informa\u021biilor privind vaccinarea categoriilor specifice de popula\u021bie \u0219i o sec\u021biune de discu\u021bii libere, cu \u00eentreb\u0103ri \u0219i r\u0103spunsuri.<\/p>\n<p>\u201eCRSP Timi\u0219oara v\u0103 invit\u0103 cu drag s\u0103 lua\u021bi parte la aceste evenimente, unde ve\u021bi descoperi informa\u021bii utile, ve\u021bi putea discuta teme interesante \u0219i ve\u021bi primi r\u0103spunsuri la \u00eentreb\u0103rile dumneavoastr\u0103\u201d spun organizatorii.<\/p>\n<\/div>\n<\/div>\n<p>[analyse_source url=&#8221;https:\/\/www.banatulazi.ro\/vaccinarea-pe-intelesul-tuturor-porti-deschise-pentru-sanatate-11-17-martie-2026\/&#8221;]<\/p>\n","protected":false},"excerpt":{"rendered":"<p>[analyse_image type=&#8221;featured&#8221; src=&#8221;https:\/\/www.banatulazi.ro\/wp-content\/uploads\/2026\/03\/Institutul_de_Igiena_Timisoara.jpg&#8221;] \u00cen perioada 11-17 martie 2026, Institutul Na\u021bional de S\u0103n\u0103tate Public\u0103 \u2013 Centrul Regional de S\u0103n\u0103tate Public\u0103 Timi\u0219oara (CRSPT) va organiza pe parcursul \u201eCampaniei Na\u021bionale pentru Promovarea Vaccin\u0103rii\u201d o serie de evenimente \u00een cadrul ac\u021biunii \u201eVaccinarea pe \u00een\u021belesul tuturor. Por\u021bi deschise pentru s\u0103n\u0103tate!\u201d, evenimente destinate cre\u0219terii nivelului de con\u0219tientizare \u0219i informare al popula\u021biei [&hellip;]<\/p>\n","protected":false},"author":1,"featured_media":0,"comment_status":"open","ping_status":"","sticky":false,"template":"","format":"standard","meta":{"footnotes":""},"categories":[89],"tags":[185,226],"class_list":["post-1808845","post","type-post","status-publish","format-standard","hentry","category-romania","tag-banatulazi-ro","tag-crawlmanager"],"_links":{"self":[{"href":"https:\/\/analyse.optim.biz\/index.php?rest_route=\/wp\/v2\/posts\/1808845","targetHints":{"allow":["GET"]}}],"collection":[{"href":"https:\/\/analyse.optim.biz\/index.php?rest_route=\/wp\/v2\/posts"}],"about":[{"href":"https:\/\/analyse.optim.biz\/index.php?rest_route=\/wp\/v2\/types\/post"}],"author":[{"embeddable":true,"href":"https:\/\/analyse.optim.biz\/index.php?rest_route=\/wp\/v2\/users\/1"}],"replies":[{"embeddable":true,"href":"https:\/\/analyse.optim.biz\/index.php?rest_route=%2Fwp%2Fv2%2Fcomments&post=1808845"}],"version-history":[{"count":0,"href":"https:\/\/analyse.optim.biz\/index.php?rest_route=\/wp\/v2\/posts\/1808845\/revisions"}],"wp:attachment":[{"href":"https:\/\/analyse.optim.biz\/index.php?rest_route=%2Fwp%2Fv2%2Fmedia&parent=1808845"}],"wp:term":[{"taxonomy":"category","embeddable":true,"href":"https:\/\/analyse.optim.biz\/index.php?rest_route=%2Fwp%2Fv2%2Fcategories&post=1808845"},{"taxonomy":"post_tag","embeddable":true,"href":"https:\/\/analyse.optim.biz\/index.php?rest_route=%2Fwp%2Fv2%2Ftags&post=1808845"}],"curies":[{"name":"wp","href":"https:\/\/api.w.org\/{rel}","templated":true}]}}