{"id":1808805,"date":"2026-03-05T00:00:00","date_gmt":"2026-03-04T21:00:00","guid":{"rendered":"https:\/\/analyse.optim.biz\/?p=1808805"},"modified":"2026-03-05T00:00:00","modified_gmt":"2026-03-04T21:00:00","slug":"prof-univ-dr-gabriela-prelipcean-a-fost-numita-ordonator-de-credite-al-usv","status":"publish","type":"post","link":"https:\/\/analyse.optim.biz\/?p=1808805","title":{"rendered":"Prof. univ. dr. Gabriela Prelipcean a fost numit\u0103 ordonator de credite al USV"},"content":{"rendered":"<p>[analyse_image type=&#8221;featured&#8221; src=&#8221;&#8221;]<\/p>\n<div class=\"entry-content\">\n<p><img decoding=\"async\" loading=\"lazy\" class=\"alignright size-medium wp-image-318692\" src=\"https:\/\/suceavanews.ro\/wp-content\/uploads\/2026\/03\/Gabriela-Prelipcean-scaled-1-300x278.jpg\" alt=\"\" width=\"300\" height=\"278\">Ca urmare a aprob\u0103rii suspend\u0103rii lui Mihai Dimian din func\u021bia de rector al Universit\u0103\u021bii \u201e\u0218tefan cel Mare\u201d din Suceava (USV), pe perioada exercit\u0103rii mandatului de ministru al Educa\u021biei \u0219i Cercet\u0103rii, prof. univ. dr. Gabriela Prelipcean, prorector cu baza material\u0103 \u015fi probleme studen\u021be\u0219ti, a fost desemnat\u0103 \u00een func\u021bia de ordonator de credite al USV.<\/p>\n<p>\u201c<em><strong>Desemnarea doamnei prof. univ. dr. Gabriela Prelipcean s-a f\u0103cut prin Ordinul ministrului Educa\u021biei \u0219i Cercet\u0103rii nr. 3376\/04.03.2026, iar aceasta va ocupa func\u021bia de ordonator de credite pe perioada exercit\u0103rii mandatului de ministru al domnului prof. univ. dr. Mihai Dimian. Doamna ordonator de credite va exercita atribu\u021biile specifice de rector al USV pe<\/strong><\/em><br \/><em><strong>perioada suspend\u0103rii domnului prof. univ. dr. Mihai Dimian<\/strong><\/em>\u201c, se arat \u00eentr-un comunicat transmis de USV.<\/p>\n<\/div>\n<div class=\"entry-content\">\n<p><img decoding=\"async\" loading=\"lazy\" class=\"alignright size-medium wp-image-318692\" src=\"https:\/\/suceavanews.ro\/wp-content\/uploads\/2026\/03\/Gabriela-Prelipcean-scaled-1-300x278.jpg\" alt=\"\" width=\"300\" height=\"278\">Ca urmare a aprob\u0103rii suspend\u0103rii lui Mihai Dimian din func\u021bia de rector al Universit\u0103\u021bii \u201e\u0218tefan cel Mare\u201d din Suceava (USV), pe perioada exercit\u0103rii mandatului de ministru al Educa\u021biei \u0219i Cercet\u0103rii, prof. univ. dr. Gabriela Prelipcean, prorector cu baza material\u0103 \u015fi probleme studen\u021be\u0219ti, a fost desemnat\u0103 \u00een func\u021bia de ordonator de credite al USV.<\/p>\n<p>\u201c<em><strong>Desemnarea doamnei prof. univ. dr. Gabriela Prelipcean s-a f\u0103cut prin Ordinul ministrului Educa\u021biei \u0219i Cercet\u0103rii nr. 3376\/04.03.2026, iar aceasta va ocupa func\u021bia de ordonator de credite pe perioada exercit\u0103rii mandatului de ministru al domnului prof. univ. dr. Mihai Dimian. Doamna ordonator de credite va exercita atribu\u021biile specifice de rector al USV pe<\/strong><\/em><br \/><em><strong>perioada suspend\u0103rii domnului prof. univ. dr. Mihai Dimian<\/strong><\/em>\u201c, se arat \u00eentr-un comunicat transmis de USV.<\/p>\n<\/div>\n<p>[analyse_source url=&#8221;https:\/\/suceavanews.ro\/318690\/general\/stirea-zilei\/prof-univ-dr-gabriela-prelipcean-a-fost-numita-ordonator-de-credite-al-usv\/&#8221;]<\/p>\n","protected":false},"excerpt":{"rendered":"<p>[analyse_image type=&#8221;featured&#8221; src=&#8221;&#8221;] Ca urmare a aprob\u0103rii suspend\u0103rii lui Mihai Dimian din func\u021bia de rector al Universit\u0103\u021bii \u201e\u0218tefan cel Mare\u201d din Suceava (USV), pe perioada exercit\u0103rii mandatului de ministru al Educa\u021biei \u0219i Cercet\u0103rii, prof. univ. dr. Gabriela Prelipcean, prorector cu baza material\u0103 \u015fi probleme studen\u021be\u0219ti, a fost desemnat\u0103 \u00een func\u021bia de ordonator de credite al [&hellip;]<\/p>\n","protected":false},"author":1,"featured_media":0,"comment_status":"open","ping_status":"","sticky":false,"template":"","format":"standard","meta":{"footnotes":""},"categories":[89],"tags":[226,174],"class_list":["post-1808805","post","type-post","status-publish","format-standard","hentry","category-romania","tag-crawlmanager","tag-suceavanews-ro"],"_links":{"self":[{"href":"https:\/\/analyse.optim.biz\/index.php?rest_route=\/wp\/v2\/posts\/1808805","targetHints":{"allow":["GET"]}}],"collection":[{"href":"https:\/\/analyse.optim.biz\/index.php?rest_route=\/wp\/v2\/posts"}],"about":[{"href":"https:\/\/analyse.optim.biz\/index.php?rest_route=\/wp\/v2\/types\/post"}],"author":[{"embeddable":true,"href":"https:\/\/analyse.optim.biz\/index.php?rest_route=\/wp\/v2\/users\/1"}],"replies":[{"embeddable":true,"href":"https:\/\/analyse.optim.biz\/index.php?rest_route=%2Fwp%2Fv2%2Fcomments&post=1808805"}],"version-history":[{"count":0,"href":"https:\/\/analyse.optim.biz\/index.php?rest_route=\/wp\/v2\/posts\/1808805\/revisions"}],"wp:attachment":[{"href":"https:\/\/analyse.optim.biz\/index.php?rest_route=%2Fwp%2Fv2%2Fmedia&parent=1808805"}],"wp:term":[{"taxonomy":"category","embeddable":true,"href":"https:\/\/analyse.optim.biz\/index.php?rest_route=%2Fwp%2Fv2%2Fcategories&post=1808805"},{"taxonomy":"post_tag","embeddable":true,"href":"https:\/\/analyse.optim.biz\/index.php?rest_route=%2Fwp%2Fv2%2Ftags&post=1808805"}],"curies":[{"name":"wp","href":"https:\/\/api.w.org\/{rel}","templated":true}]}}